{"id":99491,"date":"2023-10-17T13:01:56","date_gmt":"2023-10-17T17:01:56","guid":{"rendered":"https:\/\/schillerinstitute.com\/?p=99491"},"modified":"2023-10-17T13:01:59","modified_gmt":"2023-10-17T17:01:59","slug":"live-dialog-mit-helga-zepp-larouche-weltbuerger-aller-laender-vereinigt-euch-mittwoch-18-oktober-2023-18-30-uhr","status":"publish","type":"post","link":"https:\/\/schillerinstitute.com\/de\/blog\/2023\/10\/17\/live-dialog-mit-helga-zepp-larouche-weltbuerger-aller-laender-vereinigt-euch-mittwoch-18-oktober-2023-18-30-uhr\/","title":{"rendered":"Live-Dialog mit Helga Zepp-LaRouche: \u201eWeltb\u00fcrger aller L\u00e4nder vereinigt Euch!\u201c, Mittwoch, 18. Oktober, 2023, 18.30 Uhr"},"content":{"rendered":"\n<p><em><strong>Diskutieren Sie mit Helga Zepp-LaRouche in ihrem Live-Dialog am 18. Oktober wie die Menschheit den \u00dcbergang in das neue Paradigma meistern kann.<\/strong><\/em><\/p>\n\n\n\n<p><em><strong>Senden Sie Ihre Fragen, Gedanken und Berichte an <a rel=\"noreferrer noopener\" href=\"mailto:fragen@bueso.de\" target=\"_blank\">fragen@bueso.de<\/a> oder stellen Sie diese im Live-Stream.<\/strong><\/em><\/p>\n\n\n\n<figure class=\"wp-block-embed is-type-video is-provider-youtube wp-block-embed-youtube wp-embed-aspect-16-9 wp-has-aspect-ratio\"><div class=\"wp-block-embed__wrapper\">\n<iframe loading=\"lazy\" title=\"Warum alle Menschen Chinas Wei\u00dfbuch lesen sollten\" width=\"960\" height=\"540\" src=\"https:\/\/www.youtube.com\/embed\/7mMg0LmAQMI?feature=oembed\" frameborder=\"0\" allow=\"accelerometer; autoplay; clipboard-write; encrypted-media; gyroscope; picture-in-picture; web-share\" allowfullscreen><\/iframe>\n<\/div><\/figure>\n\n\n\n<p>Wenn nicht eingegriffen wird, ist die pal\u00e4stinensisch-israelische Krise der Ausl\u00f6ser f\u00fcr den Dritten Weltkrieg. Die strategische Situation in S\u00fcdwestasien stellt eine unglaubliche Gefahr dar und eskaliert nun in einer Weise, die einen globalen Fl\u00e4chenbrand ausl\u00f6sen k\u00f6nnte. Am Wochenende betonte der chinesische Au\u00dfenminister Wang Yi in einem Telefonat mit US-Au\u00dfenminister Antony Blinken, da\u00df die gro\u00dfen Nationen nun eine internationale Konferenz zur Krisensituation unterst\u00fctzen m\u00fcssen. Dieser Vorschlag f\u00fcr eine Friedenskonferenz geht auf Juni zur\u00fcck, als der chinesische Pr\u00e4sident Xi Jinping die Notwendigkeit einer internationalen Friedenskonferenz zum israelisch-pal\u00e4stinensischen Konflikt darlegte. Dieser Vorschlag steht nun wieder auf der Tagesordnung, und zwar mit lebenswichtiger Dringlichkeit.<\/p>\n\n\n\n<p>Die Rolle der Internationalen Friedenskoalition (IPC), die erst seit f\u00fcnf Monaten besteht, ist von entscheidender Bedeutung, wenn es darum geht, entschlossene Ma\u00dfnahmen auf internationaler Ebene zu ergreifen, um f\u00fcr die Sicherheit in jeder Hinsicht und f\u00fcr alle Nationen einzutreten. Am Freitag, dem 20. Oktober, findet das zweite offene (Online-)Treffen der IPC mit Pers\u00f6nlichkeiten aus aller Welt und f\u00fchrenden Vertretern von Friedensnetzwerken statt, nachdem am vergangenen Freitag der erste Dialog dieser Art stattfand.<\/p>\n\n\n\n<p>Des weiteren wird das Forum zum 10. Jahrestag der G\u00fcrtel- und Stra\u00dfen-Initiative (BRI) in China vom 17. bis 18. Oktober eine wichtige weltweite Plattform f\u00fcr \u00dcberlegungen, Vorschl\u00e4ge und Zusammenarbeit in Bezug auf die Notlage in S\u00fcdwestasien werden. Bereits heute sind zahlreiche Staatsoberh\u00e4upter eingetroffen, und es fanden wichtige bilaterale Treffen statt, darunter das des russischen Au\u00dfenministers Sergej Lawrow und des Au\u00dfenministers Wang Yi. Unter den Tausenden von Teilnehmern werden Delegationen aus 140 L\u00e4ndern vertreten sein, 200 der Teilnehmer davon haben mindestens einen Ministerrang. Es wird erwartet, dass Pr\u00e4sident Xi Jinping die Teilnehmer zu Beginn der Sitzungen begr\u00fc\u00dfen und am Mittwoch eine wichtige Rede im Plenum halten wird.<\/p>\n\n\n\n<p><em><strong>Diskutieren Sie mit Helga Zepp-LaRouche in ihrem Live-Dialog am <\/strong><\/em><em><strong>18<\/strong><\/em><em><strong>. Oktober wie die Menschheit den \u00dcbergang in das neue Paradigma meistern kann.<\/strong><\/em><\/p>\n\n\n\n<p><em><strong>Senden Sie Ihre Fragen, Gedanken und Berichte an <a href=\"mailto:fragen@bueso.de\" target=\"_blank\" rel=\"noreferrer noopener\">fragen@bueso.de<\/a> oder stellen Sie diese im Live-Stream.<\/strong><\/em><\/p>\n\n\n\n<p><em><u>Weiterf\u00fchrende Links:<\/u><\/em><\/p>\n\n\n\n<p>&#8211;> <a href=\"https:\/\/schillerinstitute.com\/de\/blog\/2023\/10\/17\/internationale-friedenskoalition-ipc-fordert-die-umsetzung-der-un-resolution-242\/\" data-type=\"URL\" data-id=\"https:\/\/schillerinstitute.com\/de\/blog\/2023\/10\/17\/internationale-friedenskoalition-ipc-fordert-die-umsetzung-der-un-resolution-242\/\" target=\"_blank\" rel=\"noreferrer noopener\">Internationale Friedenskoalition (IPC) fordert die Umsetzung der UN-Resolution 242<\/a><\/p>\n\n\n\n<p>&#8211;> EIR Daily Alert Vol. 1, Nr. 9, Leitartikel: <a rel=\"noreferrer noopener\" href=\"https:\/\/telegra.ph\/Facebook-10-17-21\" data-type=\"URL\" data-id=\"https:\/\/telegra.ph\/Facebook-10-17-21\" target=\"_blank\">China adressiert die Vereinigten Staaten: Wir werden eine internationale Friedenskonferenz abhalten<\/a><\/p>\n\n\n\n<p>&#8211;> Daniel Barenboim: <a rel=\"noreferrer noopener\" href=\"https:\/\/telegra.ph\/Facebook-10-17-22\" data-type=\"URL\" data-id=\"https:\/\/telegra.ph\/Facebook-10-17-22\" target=\"_blank\">Israelis und Pal\u00e4stinenser m\u00fcssen &#8222;unsere gemeinsame Menschlichkeit&#8220; finden<\/a><\/p>\n<!-- AddThis Advanced Settings generic via filter on the_content --><!-- AddThis Share Buttons generic via filter on the_content -->","protected":false},"excerpt":{"rendered":"<p>Diskutieren Sie mit Helga Zepp-LaRouche in ihrem Live-Dialog am 18. Oktober wie die Menschheit den \u00dcbergang in das neue Paradigma meistern kann. Senden Sie Ihre Fragen, Gedanken und Berichte an fragen@bueso.de oder stellen Sie diese im Live-Stream. Wenn nicht eingegriffen wird, ist die pal\u00e4stinensisch-israelische Krise&hellip;<!-- AddThis Advanced Settings generic via filter on get_the_excerpt --><!-- AddThis Share Buttons generic via filter on get_the_excerpt --><\/p>\n","protected":false},"author":34,"featured_media":99340,"comment_status":"open","ping_status":"closed","sticky":false,"template":"","format":"standard","meta":{"_lmt_disableupdate":"","_lmt_disable":"","footnotes":""},"categories":[37,537,438,471,462],"tags":[],"class_list":["post-99491","post","type-post","status-publish","format-standard","has-post-thumbnail","hentry","category-allgemein-de","category-hzl-video-de","category-helga-zepp-larouche-de","category-webcast-de","category-webcast-mit-helga-zepp-larouche"],"featured_image_src":"https:\/\/schillerinstitute.com\/wp-content\/uploads\/2023\/10\/webcast-wp-thumbnai-e1697561061965.jpg","author_info":{"display_name":"madeleine","author_link":"https:\/\/schillerinstitute.com\/de\/blog\/author\/madeleine\/"},"modified_by":"madeleine","cc_featured_image_caption":{"caption_text":"","source_text":"","source_url":""},"_links":{"self":[{"href":"https:\/\/schillerinstitute.com\/de\/wp-json\/wp\/v2\/posts\/99491","targetHints":{"allow":["GET"]}}],"collection":[{"href":"https:\/\/schillerinstitute.com\/de\/wp-json\/wp\/v2\/posts"}],"about":[{"href":"https:\/\/schillerinstitute.com\/de\/wp-json\/wp\/v2\/types\/post"}],"author":[{"embeddable":true,"href":"https:\/\/schillerinstitute.com\/de\/wp-json\/wp\/v2\/users\/34"}],"replies":[{"embeddable":true,"href":"https:\/\/schillerinstitute.com\/de\/wp-json\/wp\/v2\/comments?post=99491"}],"version-history":[{"count":8,"href":"https:\/\/schillerinstitute.com\/de\/wp-json\/wp\/v2\/posts\/99491\/revisions"}],"predecessor-version":[{"id":99499,"href":"https:\/\/schillerinstitute.com\/de\/wp-json\/wp\/v2\/posts\/99491\/revisions\/99499"}],"wp:featuredmedia":[{"embeddable":true,"href":"https:\/\/schillerinstitute.com\/de\/wp-json\/wp\/v2\/media\/99340"}],"wp:attachment":[{"href":"https:\/\/schillerinstitute.com\/de\/wp-json\/wp\/v2\/media?parent=99491"}],"wp:term":[{"taxonomy":"category","embeddable":true,"href":"https:\/\/schillerinstitute.com\/de\/wp-json\/wp\/v2\/categories?post=99491"},{"taxonomy":"post_tag","embeddable":true,"href":"https:\/\/schillerinstitute.com\/de\/wp-json\/wp\/v2\/tags?post=99491"}],"curies":[{"name":"wp","href":"https:\/\/api.w.org\/{rel}","templated":true}]}}