{"id":98630,"date":"2023-08-29T13:48:18","date_gmt":"2023-08-29T17:48:18","guid":{"rendered":"https:\/\/schillerinstitute.com\/?p=98630"},"modified":"2023-08-29T13:48:23","modified_gmt":"2023-08-29T17:48:23","slug":"live-dialog-mit-helga-zepp-larouche-weltbuerger-aller-laender-vereinigt-euch-mittwoch-30-august-2023-18-30-uhr","status":"publish","type":"post","link":"https:\/\/schillerinstitute.com\/de\/blog\/2023\/08\/29\/live-dialog-mit-helga-zepp-larouche-weltbuerger-aller-laender-vereinigt-euch-mittwoch-30-august-2023-18-30-uhr\/","title":{"rendered":"Live-Dialog mit Helga Zepp-LaRouche: \u201eWeltb\u00fcrger aller L\u00e4nder vereinigt Euch!\u201c, Mittwoch, 30. August 2023, 18.30 Uhr"},"content":{"rendered":"\n<blockquote class=\"wp-block-quote is-layout-flow wp-block-quote-is-layout-flow\"><p>Diskutieren Sie mit Helga Zepp-LaRouche in ihrem Live-Dialog am 30. August, was die wirklichen Pl\u00e4ne und Absichten der BRICS 11 sind und wie wir gemeinsam die BRICS-Herausforderung an den Globalen Norden meistern k\u00f6nnen. Senden Sie Ihre Fragen, Gedanken und Berichte an <a rel=\"noreferrer noopener\" href=\"mailto:fragen@bueso.de\" target=\"_blank\">fragen@bueso.de<\/a> oder stellen Sie diese im n\u00e4chsten Live-Stream.<\/p><\/blockquote>\n\n\n\n<p><em><strong>Die BRICS-Herausforderung an den Globalen Norden<\/strong><\/em><\/p>\n\n\n\n<p>Es ist zwar keine gro\u00dfe \u00dcberraschung, wenn die Mainstream-Medien auf wichtige strategische Entwicklungen mit Zensur und L\u00fcgen reagieren, aber die \u201eBerichterstattung\u201c \u00fcber den BRICS-Gipfel vergangene Woche ist ein Paradebeispiel f\u00fcr den Aufbau von \u201eNarrativen\u201c, die Angst und Unwissenheit f\u00f6rdern sollen. Der Gipfel brachte gro\u00dfe Fortschritte bei der Beendigung des Kolonialismus und dem Aufbau einer Alternative auf der Grundlage friedlicher, kooperativer Entwicklung f\u00fcr die Welt. Doch in der Presse des \u201eGlobalen Nordens\u201c wurden solche Fakten verschwiegen oder massiv verzerrt, dort war die Rede vom \u201eAngriff auf die Demokratie\u201c, wenn nicht gar einem \u201ekommunistischen Komplott\u201c gegen die Freiheit.<\/p>\n\n\n\n<p>Das Ergebnis beweist, da\u00df dies alles nur b\u00f6swillige Erfindung war, ausgehend von den globalen Finanzinteressen der Wall Street und der City, die erkannt haben, da\u00df es die wahre Absicht der BRICS-Mitglieder ist, die unipolare Weltordnung mit ihrem Zwang zur Unterwerfung unter die neoliberale Wirtschaftspolitik zu beenden. Diese sehr konkrete Angst dieser Kreise wird in der Berichterstattung deutlich.<\/p>\n\n\n\n<p>In der gesamten Berichterstattung findet sich kein Versuch einer Bewertung der Pl\u00e4ne, die BRICS-Bank (NDB) zur Finanzierung von Infrastruktur und Handel einzusetzen, was der ber\u00fcchtigte Weltw\u00e4hrungsfonds in den letzten f\u00fcnf Jahrzehnten bekannterma\u00dfen verweigert hat. Etliche Kommentatoren nannten die Ank\u00fcndigungen des Gipfels \u201erein symbolisch\u201c.<\/p>\n\n\n\n<p>Um die Medienblockade zu \u00fcberwinden und mehr Menschen Zugang zu der optimistischen Zukunftsperspektive der BRICS 11 zu geben, fordern wir jeden unter Ihnen auf, Helga Zepp-LaRouches <strong><a rel=\"noreferrer noopener\" href=\"https:\/\/schillerinstitute.com\/de\/blog\/2023\/08\/19\/helga-zepp-larouche-appell-an-die-buerger-des-globalen-nordens-wir-muessen-den-bau-einer-neuen-gerechten-weltwirtschaftsordnung-unterstuetzen\/\" data-type=\"URL\" data-id=\"https:\/\/schillerinstitute.com\/de\/blog\/2023\/08\/19\/helga-zepp-larouche-appell-an-die-buerger-des-globalen-nordens-wir-muessen-den-bau-einer-neuen-gerechten-weltwirtschaftsordnung-unterstuetzen\/\" target=\"_blank\">Appell an die B\u00fcrger des Globalen Nordens<\/a><\/strong> weit zu verbreiten, an der <strong><a rel=\"noreferrer noopener\" href=\"https:\/\/schillerinstitute.com\/de\/blog\/2023\/08\/14\/konferenzeinladung-lasst-uns-gemeinsam-mit-der-globalen-mehrheit-ein-neues-kapitel-der-weltgeschichte-aufschlagen\/\" data-type=\"URL\" data-id=\"https:\/\/schillerinstitute.com\/de\/blog\/2023\/08\/14\/konferenzeinladung-lasst-uns-gemeinsam-mit-der-globalen-mehrheit-ein-neues-kapitel-der-weltgeschichte-aufschlagen\/\" target=\"_blank\">Internetkonferenz des Schiller-Instituts am 9. September<\/a><\/strong> teilzunehmen und mitzuhelfen, mehr Menschen f\u00fcr die L\u00f6sungen zu begeistern.<\/p>\n\n\n\n<figure class=\"wp-block-embed is-type-video is-provider-youtube wp-block-embed-youtube wp-embed-aspect-16-9 wp-has-aspect-ratio\"><div class=\"wp-block-embed__wrapper\">\n<iframe loading=\"lazy\" title=\"BRICS-plus: Deutschlands Ausweg aus der Deindustrialisierung | Live Dialog mit Helga Zepp-LaRouche\" width=\"960\" height=\"540\" src=\"https:\/\/www.youtube.com\/embed\/HK8CxWcq0uo?feature=oembed\" frameborder=\"0\" allow=\"accelerometer; autoplay; clipboard-write; encrypted-media; gyroscope; picture-in-picture; web-share\" allowfullscreen><\/iframe>\n<\/div><\/figure>\n\n\n\n<p><strong>Weiterf\u00fchrende Links:<\/strong><\/p>\n\n\n<ul>\n<li>Helga Zepp-LaRouche: <strong><a href=\"https:\/\/schillerinstitute.com\/de\/blog\/2023\/08\/19\/helga-zepp-larouche-appell-an-die-buerger-des-globalen-nordens-wir-muessen-den-bau-einer-neuen-gerechten-weltwirtschaftsordnung-unterstuetzen\/\" target=\"_blank\" rel=\"noopener\">Appell an die B\u00fcrger des Globalen Nordens: Wir m\u00fcssen den Bau einer Neuen Gerechten Weltwirtschaftsordnung unterst\u00fctzen!<\/a><\/strong><\/li>\n<li>Konferenzeinladung: <a href=\"https:\/\/schillerinstitute.com\/de\/blog\/2023\/08\/14\/konferenzeinladung-lasst-uns-gemeinsam-mit-der-globalen-mehrheit-ein-neues-kapitel-der-weltgeschichte-aufschlagen\/\" target=\"_blank\" rel=\"noopener\"><strong>La\u00dft uns gemeinsam mit der globalen Mehrheit ein neues Kapitel der Weltgeschichte aufschlagen!<\/strong><\/a><\/li>\n<li>Bericht zum BRICS-Gipfel: <a href=\"https:\/\/schillerinstitute.com\/de\/blog\/2023\/08\/25\/brics-so-sieht-eine-tektonische-veraenderung-aus\/\" target=\"_blank\" rel=\"noopener\"><strong>BRICS \u2013 So sieht eine tektonische Ver\u00e4nderung aus<\/strong><\/a><\/li>\n<\/ul>\n\n\n<blockquote class=\"wp-block-quote is-layout-flow wp-block-quote-is-layout-flow\"><p>Diskutieren Sie mit Helga Zepp-LaRouche in ihrem Live-Dialog am 30. August, was die wirklichen Pl\u00e4ne und Absichten der BRICS 11 sind und wie wir gemeinsam die BRICS-Herausforderung an den Globalen Norden meistern k\u00f6nnen. Senden Sie Ihre Fragen, Gedanken und Berichte an <a rel=\"noreferrer noopener\" href=\"mailto:fragen@bueso.de\" target=\"_blank\">fragen@bueso.de<\/a> oder stellen Sie diese im n\u00e4chsten Live-Stream.<\/p><\/blockquote>\n<!-- AddThis Advanced Settings generic via filter on the_content --><!-- AddThis Share Buttons generic via filter on the_content -->","protected":false},"excerpt":{"rendered":"<p>Diskutieren Sie mit Helga Zepp-LaRouche in ihrem Live-Dialog am 30. August, was die wirklichen Pl\u00e4ne und Absichten der BRICS 11 sind und wie wir gemeinsam die BRICS-Herausforderung an den Globalen Norden meistern k\u00f6nnen. Senden Sie Ihre Fragen, Gedanken und Berichte an fragen@bueso.de oder stellen Sie&hellip;<!-- AddThis Advanced Settings generic via filter on get_the_excerpt --><!-- AddThis Share Buttons generic via filter on get_the_excerpt --><\/p>\n","protected":false},"author":34,"featured_media":98067,"comment_status":"open","ping_status":"closed","sticky":false,"template":"","format":"standard","meta":{"_lmt_disableupdate":"","_lmt_disable":"","footnotes":""},"categories":[37,537,438,471,462],"tags":[],"class_list":["post-98630","post","type-post","status-publish","format-standard","has-post-thumbnail","hentry","category-allgemein-de","category-hzl-video-de","category-helga-zepp-larouche-de","category-webcast-de","category-webcast-mit-helga-zepp-larouche"],"featured_image_src":"https:\/\/schillerinstitute.com\/wp-content\/uploads\/2023\/07\/webcast-wp-thumbnai-e1690304312325.jpg","author_info":{"display_name":"madeleine","author_link":"https:\/\/schillerinstitute.com\/de\/blog\/author\/madeleine\/"},"modified_by":"madeleine","cc_featured_image_caption":{"caption_text":"","source_text":"","source_url":""},"_links":{"self":[{"href":"https:\/\/schillerinstitute.com\/de\/wp-json\/wp\/v2\/posts\/98630","targetHints":{"allow":["GET"]}}],"collection":[{"href":"https:\/\/schillerinstitute.com\/de\/wp-json\/wp\/v2\/posts"}],"about":[{"href":"https:\/\/schillerinstitute.com\/de\/wp-json\/wp\/v2\/types\/post"}],"author":[{"embeddable":true,"href":"https:\/\/schillerinstitute.com\/de\/wp-json\/wp\/v2\/users\/34"}],"replies":[{"embeddable":true,"href":"https:\/\/schillerinstitute.com\/de\/wp-json\/wp\/v2\/comments?post=98630"}],"version-history":[{"count":12,"href":"https:\/\/schillerinstitute.com\/de\/wp-json\/wp\/v2\/posts\/98630\/revisions"}],"predecessor-version":[{"id":98642,"href":"https:\/\/schillerinstitute.com\/de\/wp-json\/wp\/v2\/posts\/98630\/revisions\/98642"}],"wp:featuredmedia":[{"embeddable":true,"href":"https:\/\/schillerinstitute.com\/de\/wp-json\/wp\/v2\/media\/98067"}],"wp:attachment":[{"href":"https:\/\/schillerinstitute.com\/de\/wp-json\/wp\/v2\/media?parent=98630"}],"wp:term":[{"taxonomy":"category","embeddable":true,"href":"https:\/\/schillerinstitute.com\/de\/wp-json\/wp\/v2\/categories?post=98630"},{"taxonomy":"post_tag","embeddable":true,"href":"https:\/\/schillerinstitute.com\/de\/wp-json\/wp\/v2\/tags?post=98630"}],"curies":[{"name":"wp","href":"https:\/\/api.w.org\/{rel}","templated":true}]}}