{"id":98288,"date":"2023-08-08T12:20:13","date_gmt":"2023-08-08T16:20:13","guid":{"rendered":"https:\/\/schillerinstitute.com\/?p=98288"},"modified":"2023-08-08T13:32:13","modified_gmt":"2023-08-08T17:32:13","slug":"live-dialog-mit-helga-zepp-larouche-weltbuerger-aller-laender-vereinigt-euch-mittwoch-9-august-18-30-uhr","status":"publish","type":"post","link":"https:\/\/schillerinstitute.com\/de\/blog\/2023\/08\/08\/live-dialog-mit-helga-zepp-larouche-weltbuerger-aller-laender-vereinigt-euch-mittwoch-9-august-18-30-uhr\/","title":{"rendered":"Live-Dialog mit Helga Zepp-LaRouche: \u201eWeltb\u00fcrger aller L\u00e4nder vereinigt Euch!\u201c, Mittwoch, 9. August, 18.30 Uhr"},"content":{"rendered":"\n<p class=\"has-text-align-center\"><strong>Weltweite Kundgebungen von \u201eHumanity for Peace\u201c: eine Bewegung gegen die Atomkriegsgefahr und f\u00fcr dauerhaften Frieden<\/strong><\/p>\n\n\n\n<blockquote class=\"wp-block-quote is-layout-flow wp-block-quote-is-layout-flow\"><p><strong>Diskutieren Sie mit Helga Zepp-LaRouche in ihrem Live-Dialog am Mittwoch, dem 9. August 18.30 Uhr, wie wir gemeinsam die Gefahr des dritten Weltkrieges stoppen k\u00f6nnen und die internationale Friedenkoalition mit der Bewegung des globalen S\u00fcdens vereinen k\u00f6nnen.<\/strong><\/p><p><strong>Senden Sie Ihre Fragen, Gedanken und Berichte an <a rel=\"noreferrer noopener\" href=\"mailto:fragen@bueso.de\" target=\"_blank\">fragen@bueso.de<\/a> oder stellen Sie diese im n\u00e4chsten Live-Stream.<\/strong><\/p><\/blockquote>\n\n\n\n<figure class=\"wp-block-embed is-type-video is-provider-youtube wp-block-embed-youtube wp-embed-aspect-16-9 wp-has-aspect-ratio\"><div class=\"wp-block-embed__wrapper\">\n<iframe loading=\"lazy\" title=\"Wir m\u00fcssen den Frieden gewinnen, nicht den Krieg! Live-Dialog mit Helga Zepp-LaRouche 09.08.2023\" width=\"960\" height=\"540\" src=\"https:\/\/www.youtube.com\/embed\/fPUbTTm1ysI?feature=oembed\" frameborder=\"0\" allow=\"accelerometer; autoplay; clipboard-write; encrypted-media; gyroscope; picture-in-picture; web-share\" allowfullscreen><\/iframe>\n<\/div><\/figure>\n\n\n\n<p>Am Sonntag, den 6.8., dem 78. Jahrestag des barbarischen Atombombenabwurfs auf Hiroshima, veranstaltete das B\u00fcndnis <em><strong><a rel=\"noreferrer noopener\" href=\"https:\/\/humanityforpeace.net\/\" data-type=\"URL\" data-id=\"https:\/\/humanityforpeace.net\/\" target=\"_blank\">\u201eHumanity for Peace\u201c (Menschheit f\u00fcr Frieden)<\/a><\/strong><\/em> Dutzende weltweite Kundgebungen f\u00fcr Frieden und f\u00fcr eine neue internationale Sicherheitsarchitektur, die das Interesse aller Nationen sch\u00fctzt.<\/p>\n\n\n\n<p>Die Hauptkundgebung fand auf dem Dag Hammarskjold Plaza vor den Vereinten Nationen in New York statt. Dort sprachen etwa 20 Redner aus vielen L\u00e4ndern und unterschiedlichen politischen Richtungen, die jedoch alle f\u00fcr die gemeinsame Sache k\u00e4mpfen, die akute Gefahr eines thermonuklearen Krieges zu stoppen und eine wachsende Bewegung f\u00fcr einen dauerhaften und gerechten Frieden aufzubauen. Die Moderatorinnen waren Anastasia Battle vom Schiller-Institut und Irene Mavrakakis von Liberty Speaks. <strong><a href=\"https:\/\/www.youtube.com\/watch?v=MZM_aN9hQQw\" data-type=\"URL\" data-id=\"https:\/\/www.youtube.com\/watch?v=MZM_aN9hQQw\" target=\"_blank\" rel=\"noreferrer noopener\">Hier finden Sie das Video der Kundgebung<\/a><\/strong>.<\/p>\n\n\n\n<p><em>Geschlossen forderten alle Teilnehmer:<\/em><\/p>\n\n\n\n<figure class=\"wp-block-pullquote\"><blockquote><p>&#8211; Waffen und Geld an die Ukraine stoppen<\/p><p>&#8211; Friedensgespr\u00e4che, Jetzt!<\/p><p>&#8211; NATO aufl\u00f6sen<\/p><p>&#8211; Neue, gerechte Sicherheitsarchitektur<\/p><\/blockquote><\/figure>\n\n\n\n<p><strong><a href=\"https:\/\/www.youtube.com\/watch?v=XgSskk4uxPo\" data-type=\"URL\" data-id=\"https:\/\/www.youtube.com\/watch?v=XgSskk4uxPo\" target=\"_blank\" rel=\"noreferrer noopener\">Hier finden Sie die Videobotschaften, u.a. von \u201eBobby\u201c F. Kennedy Jr. zur Kundgebung.<\/a><\/strong><\/p>\n\n\n\n<p>Der Hauptkundgebung in New York City folgte ein klassisches Konzert bei dem u.a. Mozarts Requiem von Maestro G\u00fcler Aykal dirigiert wurde. Sie k\u00f6nnen sich die <strong><a href=\"https:\/\/www.youtube.com\/watch?v=pjYZqqkPyJg&amp;t=4257s\" data-type=\"URL\" data-id=\"https:\/\/www.youtube.com\/watch?v=pjYZqqkPyJg&amp;t=4257s\" target=\"_blank\" rel=\"noreferrer noopener\">Aufnahme des Konzerts hier ansehen<\/a><\/strong>.<\/p>\n\n\n\n<p>Schlie\u00dfen Sie sich Helga Zepp-LaRouches Aufruf auf der Kundgebung in New York an and helfen Sie, die Friedensbewegungen auf der ganzen Welt mit den L\u00e4ndern des Globalen S\u00fcdens zu vereinigen, um ein neues Paradigma in der Geschichte der menschlichen Gattung zu verwirklichen! Der neue Name f\u00fcr Frieden ist Entwicklung!<\/p>\n\n\n\n<blockquote class=\"wp-block-quote is-layout-flow wp-block-quote-is-layout-flow\"><p><strong><strong>Diskutieren Sie mit Helga Zepp-LaRouche in ihrem Live-Dialog am Mittwoch, dem 9. August 18.30 Uhr, wie wir gemeinsam die Gefahr des dritten Weltkrieges stoppen k\u00f6nnen und die internationale Friedenkoalition mit der Bewegung des globalen S\u00fcdens vereinen k\u00f6nnen.<\/strong><\/strong><\/p><p><strong>Senden Sie Ihre Fragen, Gedanken und Berichte an <a rel=\"noreferrer noopener\" href=\"mailto:fragen@bueso.de\" target=\"_blank\">fragen@bueso.de<\/a> oder stellen Sie diese im n\u00e4chsten Live-Stream.<\/strong><\/p><\/blockquote>\n<!-- AddThis Advanced Settings generic via filter on the_content --><!-- AddThis Share Buttons generic via filter on the_content -->","protected":false},"excerpt":{"rendered":"<p>Weltweite Kundgebungen von \u201eHumanity for Peace\u201c: eine Bewegung gegen die Atomkriegsgefahr und f\u00fcr dauerhaften Frieden Diskutieren Sie mit Helga Zepp-LaRouche in ihrem Live-Dialog am Mittwoch, dem 9. August 18.30 Uhr, wie wir gemeinsam die Gefahr des dritten Weltkrieges stoppen k\u00f6nnen und die internationale Friedenkoalition mit&hellip;<!-- AddThis Advanced Settings generic via filter on get_the_excerpt --><!-- AddThis Share Buttons generic via filter on get_the_excerpt --><\/p>\n","protected":false},"author":34,"featured_media":96484,"comment_status":"open","ping_status":"closed","sticky":false,"template":"","format":"standard","meta":{"_lmt_disableupdate":"no","_lmt_disable":"","footnotes":""},"categories":[37,537,438,471,462],"tags":[],"class_list":["post-98288","post","type-post","status-publish","format-standard","has-post-thumbnail","hentry","category-allgemein-de","category-hzl-video-de","category-helga-zepp-larouche-de","category-webcast-de","category-webcast-mit-helga-zepp-larouche"],"featured_image_src":"https:\/\/schillerinstitute.com\/wp-content\/uploads\/2023\/04\/Webcast-wordpress-e1696352739949.png","author_info":{"display_name":"madeleine","author_link":"https:\/\/schillerinstitute.com\/de\/blog\/author\/madeleine\/"},"modified_by":"madeleine","cc_featured_image_caption":{"caption_text":"","source_text":"","source_url":""},"_links":{"self":[{"href":"https:\/\/schillerinstitute.com\/de\/wp-json\/wp\/v2\/posts\/98288","targetHints":{"allow":["GET"]}}],"collection":[{"href":"https:\/\/schillerinstitute.com\/de\/wp-json\/wp\/v2\/posts"}],"about":[{"href":"https:\/\/schillerinstitute.com\/de\/wp-json\/wp\/v2\/types\/post"}],"author":[{"embeddable":true,"href":"https:\/\/schillerinstitute.com\/de\/wp-json\/wp\/v2\/users\/34"}],"replies":[{"embeddable":true,"href":"https:\/\/schillerinstitute.com\/de\/wp-json\/wp\/v2\/comments?post=98288"}],"version-history":[{"count":5,"href":"https:\/\/schillerinstitute.com\/de\/wp-json\/wp\/v2\/posts\/98288\/revisions"}],"predecessor-version":[{"id":98293,"href":"https:\/\/schillerinstitute.com\/de\/wp-json\/wp\/v2\/posts\/98288\/revisions\/98293"}],"wp:featuredmedia":[{"embeddable":true,"href":"https:\/\/schillerinstitute.com\/de\/wp-json\/wp\/v2\/media\/96484"}],"wp:attachment":[{"href":"https:\/\/schillerinstitute.com\/de\/wp-json\/wp\/v2\/media?parent=98288"}],"wp:term":[{"taxonomy":"category","embeddable":true,"href":"https:\/\/schillerinstitute.com\/de\/wp-json\/wp\/v2\/categories?post=98288"},{"taxonomy":"post_tag","embeddable":true,"href":"https:\/\/schillerinstitute.com\/de\/wp-json\/wp\/v2\/tags?post=98288"}],"curies":[{"name":"wp","href":"https:\/\/api.w.org\/{rel}","templated":true}]}}