{"id":97994,"date":"2023-07-23T08:54:36","date_gmt":"2023-07-23T12:54:36","guid":{"rendered":"https:\/\/schillerinstitute.com\/?p=97994"},"modified":"2023-07-23T08:54:39","modified_gmt":"2023-07-23T12:54:39","slug":"fuenfte-veranstaltung-der-internationalen-friedenskoalition","status":"publish","type":"post","link":"https:\/\/schillerinstitute.com\/de\/blog\/2023\/07\/23\/fuenfte-veranstaltung-der-internationalen-friedenskoalition\/","title":{"rendered":"F\u00fcnfte Veranstaltung der Internationalen Friedenskoalition"},"content":{"rendered":"\n<p><em><strong>F\u00fcnfte Veranstaltung der Internationalen Friedenskoalition<\/strong><\/em><\/p>\n\n\n\n<p><em><strong>Aktivit\u00e4ten und das Organisieren wachsen<\/strong><\/em><\/p>\n\n\n\n<p>Die von Helga Zepp-LaRouche initiierte Internationale Friedenskoalition (IPC) hat am 7. Juli ihr f\u00fcnftes w\u00f6chentliches internationales Treffen mit G\u00e4sten aus \u00fcber einem Dutzend L\u00e4ndern in Asien, S\u00fcd- und Mittelamerika, Afrika, Europa und den USA abgehalten. Die Vortr\u00e4ge konzentrierten sich vor allem auf Berichte \u00fcber Organisierungsaktivit\u00e4ten in der ganzen Welt. Ausf\u00fchrlich kamen Mobilisierungen in den USA, Gro\u00dfbritannien, Deutschland, S\u00fcdafrika, Malaysia, Argentinien und Mittelamerika zur Sprache.<\/p>\n\n\n\n<p>Anastasia Battle moderierte, und Irene Mavrakakis gab bekannt, dass viele neue Aspekte der Webseite f\u00fcr die internationale Demonstration <em>Humanity for Peace<\/em> am 6. August jetzt live sind <a href=\"http:\/\/www.humanityforpeace.net\/\">(www.Humanityforpeace.net<\/a>).<\/p>\n\n\n\n<p>Helga er\u00f6ffnete den Anruf mit der Feststellung, dass die Planung des NATO-Gipfels, der am 11. und 12. Juli in Vilnius, Litauen, stattfinden soll, die extreme Gefahr zeigt, der die Menschheit in diesem Moment der Geschichte ausgesetzt ist. Der Plan, die Ukraine auf dieser Veranstaltung in die NATO aufzunehmen, wurde zwar fallen gelassen, doch bei den Beratungen steht keine Diskussion \u00fcber irgendeinen Friedensplan auf der Tagesordnung, sondern nur Tiraden \u00fcber die sichere Niederlage Russlands und zahlreiche Vorschl\u00e4ge f\u00fcr einen umfassenden Krieg gegen Russland, ja sogar wahnwitzige Aufrufe zur &#8222;Entwaffnung&#8220; Russlands. Es ist klar, dass die Kriegspartei, die hinter der NATO steht, einen &#8222;langen Krieg&#8220; beabsichtigt, indem sie die massive Aufr\u00fcstung der Ukraine fortsetzt und sogar milit\u00e4risch-industrielle Produktionskapazit\u00e4ten der NATO in der Ukraine selbst einrichtet \u2013 ein &#8222;Alptraumszenario eines eingefrorenen Konflikts&#8220;, wenn nicht gar eine Eskalation zum Atomkrieg und eine Ausweitung der Kriegspolitik auf Asien. Unsere Verantwortung ist es, diese Koalition wachsen zu lassen, &#8222;Konfrontation durch Kooperation zu ersetzen&#8220;, um die Dynamik des globalen Krieges zu stoppen.<\/p>\n\n\n\n<p>Ray McGovern, ehemaliger CIA-Analyst und Gr\u00fcnder der Veteran Intelligence Professionals for Sanity (VIPS), stellte fest, dass die NATO-F\u00fchrer das klassische Beispiel f\u00fcr Wahnsinn sind \u2013 sie tun immer wieder das Gleiche, erwarten aber andere Ergebnisse. Er sagte, einige EU-F\u00fchrer h\u00e4tten Zelensky offenbar davon \u00fcberzeugt, das Kernkraftwerk Saporischschja nicht in die Luft zu jagen, wie es mit dem Kachowka-Damm geschehen sei. Wir werden abwarten m\u00fcssen, was die NATO diese Woche beschlie\u00dft. Es k\u00f6nnte sein, dass sie sich entschlie\u00dft, den Krieg bis zu den Wahlen im n\u00e4chsten Jahr fortzusetzen. Wenn ja, wie wird Russland dann reagieren? Es k\u00f6nnte eine Offensive starten, die bis zum Dnjepr und dar\u00fcber hinaus reicht, oder es k\u00f6nnte den Fleischwolf im Osten und S\u00fcden fortf\u00fchren. Diese Option ist zeitlich begrenzt, da die Ankunft von F-15 und weiteren Panzern den Krieg zwar nicht gewinnen, die Lage aber gef\u00e4hrlicher machen wird.<\/p>\n\n\n\n<p>Chandra Muzaffar, Leiter der Internationalen Bewegung f\u00fcr eine gerechte Welt (JUST), beschrieb in sehr eindringlichen Worten die von JUST und der Organisation Save Humanity and the Planet (SHAPE) am 4. und 5. Juli in Malaysia veranstaltete Konferenz mit dem Titel Asia-Pacific NATO: Fanning the Flames of War&#8220;. Im Fokus dabei stand AUKUS, der australisch-britisch-amerikanische Sicherheitspakt, dessen Ziel es ist, so Chandra, &#8222;China einzud\u00e4mmen&#8220;. Die meisten Asiaten lehnen diesen Pakt ab, aber die politischen F\u00fchrer wollen &#8222;die Vorherrschaft der Briten und der USA in Asien sichern&#8220; und jede Friedensbewegung untergraben. Das Treffen war recht erfolgreich, mit Rednern aus den USA, Malaysia, Australien, China und S\u00fcdkorea, und mehrere neue Organisationen schlossen sich der Veranstaltung an. Es wurde eine 20.000 Empf\u00e4nger umfassende Mailingliste erstellt, an die die Nachrichten \u00fcber die IFK weitergeleitet werden. Er dankte Helga und dem Schiller-Institut f\u00fcr den Aufbau der IFK, von der er &#8222;hofft, dass sie w\u00e4chst und gedeiht, da sie f\u00fcr unsere Zukunft von entscheidender Bedeutung ist&#8220;.<\/p>\n\n\n\n<p>Es entstand eine lebhafte Diskussion \u00fcber die Rolle der Strategischen Verteidigungsinitiative, \u00fcber die Frage, ob es einen technologischen Weg gibt, den Krieg zu beenden, und \u00fcber die Bedeutung von JFKs Rede an der amerikanischen Universit\u00e4t. Dies veranla\u00dfte Helga, die Auseinandersetzung zwischen Lyndon LaRouche, Ronald Reagan und den Vertretern der UdSSR darzulegen, die versucht hatten, einen gemeinsamen Schutz vor Atomwaffen aufzubauen und diese durch neue Technologien &#8222;obsolet&#8220; zu machen. Das h\u00e4tte der wissenschaftliche Motor f\u00fcr den Aufbau der Realwirtschaft der UdSSR selbst und der Nationen des globalen S\u00fcdens sein k\u00f6nnen. Auch wenn es zu keiner endg\u00fcltigen Einigung dar\u00fcber kam, wurde die Diskussion begr\u00fc\u00dft und soll fortgesetzt werden.<\/p>\n\n\n\n<p>Helga schloss das Treffen, indem sie ihre Freude dar\u00fcber zum Ausdruck brachte, dass die IFK w\u00e4chst, und alle dazu aufrief, neue Organisationen und Einzelpersonen anzusprechen, um der Koalition beizutreten und &#8222;lauter zu sein&#8220; als die Stimme des milit\u00e4risch-industriellen Komplexes und deren Verst\u00e4rker in Politik und Medien.<\/p>\n\n\n\n<p>Die Anwesenden:<br><strong>Helga Zepp-LaRouche (Deutschland),<\/strong> Gr\u00fcnderin und Pr\u00e4sidentin des Schiller-Instituts<br><strong>Ruben Dario Guzzetti (Argentinien),<\/strong> Argentinisches Institut f\u00fcr Geopolitische Studien (IADEG)<br><strong>Dr. Balkrishna Kurvey (Indien), <\/strong>Pr\u00e4sident des Indischen Instituts f\u00fcr Frieden, Abr\u00fcstung und Umweltschutz<br><strong>Bernie Holland (Gro\u00dfbritannien),<\/strong> No2NATO<br><strong>Pater Robert Cushing (USA), <\/strong>Vereinigung katholischer Priester der USA (AUSCP), Pax Christi GA, ehemaliger Priester<\/p>\n\n\n\n<p><strong>Jason Banyer (Schweiz),<\/strong> B\u00fcezer und KMU Partei<\/p>\n\n\n\n<p><strong>Martha Rollins (USA\/Costa Rica),<\/strong> Int&#8217;l Peace Delegations: Iberoamerika, Kolumbien, Kuba und Pal\u00e4stina<br><strong>Chandra Muzaffar (Malaysia),<\/strong> JUST International\/SHAPE<br><strong>David MaciLwain (Australien),<\/strong> Friedensaktivist<br><strong>Irene Mavrakakis (USA), <\/strong>Liberty Speaks, Rage Against the War Machine Organisatorin<br><strong>Jimmy Gerum (Deutschland),<\/strong> Aktionsb\u00fcndnis \u201cLeuchtturmARD&#8220;<br><strong>Juan Carrero (Spanien),<\/strong> Pr\u00e4sident, S&#8217;Olivar Foundation<br><strong>Karen Ball (USA),<\/strong> Pax Christi<br><strong>Joyce Hall (USA),<\/strong> Pax Christi<br><strong>Martin Schotz (USA),<\/strong> Autor, &#8222;History Will Not Absolve Us: Orwellian Control, Public Denial, and the Murder of President Kennedy&#8220;<br><strong>Mokete Meshack Maxongo (S\u00fcdafrika),<\/strong> South Africa LaRouche Movement<br><strong>Ray McGovern (USA),<\/strong> ehemaliger leitender Analyst, Central Intelligence Agency (CIA); Gr\u00fcndungsmitglied von Veteran Intelligence Professionals for Sanity (VIPS)<br><strong>Darrell Nichols (USA),<\/strong> Bischof, Toledo OH<br><strong>Donald Ramotar (Guyana),<\/strong> ehemaliger Pr\u00e4sident von Guyana<br><strong>Beatriz Solorzano Leon (Guatemala)<\/strong><br><strong>Wolfgang Lieberknecht (Deutschland)<\/strong><br><strong>Boubacar Sidy (USA\/Guinea)<br>Dr. Bolivar Tellez (Nicaragua),<\/strong> Professor, Zentraluniversit\u00e4t von Nicaragua<br><strong>Bernard Allen-Bey (USA),<\/strong> NAACP<br><strong>Mamadou Dathe Diallo (USA\/Guinea),<\/strong> Guinean American League of Friends for Freedom<br><strong>Fredrick Weiss (USA),<\/strong> Musiker<br><strong>Dennis Small (USA), <\/strong>Schiller-Institut, Virginia<br><strong>Dennis Speed (USA),<\/strong> Schiller-Institut, New Jersey<br><strong>Diane Sare (USA),<\/strong> Senatskandidatin, New York<br><strong>Jose Vega (USA),<\/strong> Interventionist, Organisator Schiller-Institut<br><strong>Anastasia Battle (USA),<\/strong> Organisatorin, Interventionistin und Chefredakteurin, Leonore Magazine<\/p>\n\n\n\n<p><em>Wenn Sie an einer Zusammenarbeit mit der Internationalen Friedenskoalition interessiert sind, wenden Sie sich bitte an <a href=\"mailto:fragen@schiller-institut.d\">fragen<\/a><\/em><a href=\"mailto:fragen@schiller-institut.d\">@schiller-institut.d<\/a><a href=\"mailto:questions@schillerinstitute.org\">e<\/a><\/p>\n<!-- AddThis Advanced Settings generic via filter on the_content --><!-- AddThis Share Buttons generic via filter on the_content -->","protected":false},"excerpt":{"rendered":"<p>F\u00fcnfte Veranstaltung der Internationalen Friedenskoalition Aktivit\u00e4ten und das Organisieren wachsen Die von Helga Zepp-LaRouche initiierte Internationale Friedenskoalition (IPC) hat am 7. Juli ihr f\u00fcnftes w\u00f6chentliches internationales Treffen mit G\u00e4sten aus \u00fcber einem Dutzend L\u00e4ndern in Asien, S\u00fcd- und Mittelamerika, Afrika, Europa und den USA abgehalten.&hellip;<!-- AddThis Advanced Settings generic via filter on get_the_excerpt --><!-- AddThis Share Buttons generic via filter on get_the_excerpt --><\/p>\n","protected":false},"author":34,"featured_media":97327,"comment_status":"open","ping_status":"closed","sticky":false,"template":"","format":"standard","meta":{"_lmt_disableupdate":"","_lmt_disable":"","footnotes":""},"categories":[37],"tags":[],"class_list":["post-97994","post","type-post","status-publish","format-standard","has-post-thumbnail","hentry","category-allgemein-de"],"featured_image_src":"https:\/\/schillerinstitute.com\/wp-content\/uploads\/2023\/06\/peace-statement-e1687281005236-1-e1697559352985.jpg","author_info":{"display_name":"madeleine","author_link":"https:\/\/schillerinstitute.com\/de\/blog\/author\/madeleine\/"},"modified_by":"madeleine","cc_featured_image_caption":{"caption_text":"","source_text":"","source_url":""},"_links":{"self":[{"href":"https:\/\/schillerinstitute.com\/de\/wp-json\/wp\/v2\/posts\/97994","targetHints":{"allow":["GET"]}}],"collection":[{"href":"https:\/\/schillerinstitute.com\/de\/wp-json\/wp\/v2\/posts"}],"about":[{"href":"https:\/\/schillerinstitute.com\/de\/wp-json\/wp\/v2\/types\/post"}],"author":[{"embeddable":true,"href":"https:\/\/schillerinstitute.com\/de\/wp-json\/wp\/v2\/users\/34"}],"replies":[{"embeddable":true,"href":"https:\/\/schillerinstitute.com\/de\/wp-json\/wp\/v2\/comments?post=97994"}],"version-history":[{"count":1,"href":"https:\/\/schillerinstitute.com\/de\/wp-json\/wp\/v2\/posts\/97994\/revisions"}],"predecessor-version":[{"id":97995,"href":"https:\/\/schillerinstitute.com\/de\/wp-json\/wp\/v2\/posts\/97994\/revisions\/97995"}],"wp:featuredmedia":[{"embeddable":true,"href":"https:\/\/schillerinstitute.com\/de\/wp-json\/wp\/v2\/media\/97327"}],"wp:attachment":[{"href":"https:\/\/schillerinstitute.com\/de\/wp-json\/wp\/v2\/media?parent=97994"}],"wp:term":[{"taxonomy":"category","embeddable":true,"href":"https:\/\/schillerinstitute.com\/de\/wp-json\/wp\/v2\/categories?post=97994"},{"taxonomy":"post_tag","embeddable":true,"href":"https:\/\/schillerinstitute.com\/de\/wp-json\/wp\/v2\/tags?post=97994"}],"curies":[{"name":"wp","href":"https:\/\/api.w.org\/{rel}","templated":true}]}}