{"id":97230,"date":"2023-06-13T22:36:11","date_gmt":"2023-06-14T02:36:11","guid":{"rendered":"https:\/\/schillerinstitute.com\/?p=97230"},"modified":"2023-06-13T22:48:00","modified_gmt":"2023-06-14T02:48:00","slug":"weltbuerger-aller-laender-vereinigt-euch-live-dialog-mit-helga-zepp-larouche-14-juni-18-30","status":"publish","type":"post","link":"https:\/\/schillerinstitute.com\/de\/blog\/2023\/06\/13\/weltbuerger-aller-laender-vereinigt-euch-live-dialog-mit-helga-zepp-larouche-14-juni-18-30\/","title":{"rendered":"Weltb\u00fcrger Aller L\u00e4nder vereinigt euch &#8211; Live-Dialog mit Helga Zepp-LaRouche, 14. Juni, 18.30"},"content":{"rendered":"\n<p><strong>\u201eWeltb\u00fcrger aller L\u00e4nder vereinigt euch!\u201c- Strategischer Dialog mit Helga Zepp-LaRouche, Mittwoch, 14. Juni 2023, 18.30 Uhr<\/strong><\/p>\n\n\n\n<p><em>Seien Sie am 14. Juni 18.30 live bei Helga Zepp-LaRouches Dialog dabei und senden Sie Ihre Fragen, Gedanken und Berichte an <a rel=\"noreferrer noopener\" href=\"https:\/\/my.brevo.com\/camp\/report\/id\/249#\" target=\"_blank\"><u><strong>fragen@bueso.de<\/strong><\/u><\/a> oder schreiben Sie sie im Live-Stream.<\/em><\/p>\n\n\n\n<p>Die strategische Lage spitzt sich dramatisch zu. Am Montag begann das NATO-Man\u00f6ver <em>Air Defender 23,<\/em> mit der gr\u00f6\u00dften Luft\u00fcbung ihrer Geschichte, haupts\u00e4chlich \u00fcber deutschem Luftraum.<\/p>\n\n\n\n<p>Insgesamt 250 Flugzeuge, davon 100 aus den USA, und mehr als 10.000 Soldaten aus 25 L\u00e4ndern nehmen zehn Tage lang daran teil. Von Deutschland aus sind t\u00e4gliche \u201eAusfl\u00fcge\u201c nach Rum\u00e4nien und Estland geplant.<\/p>\n\n\n\n<p>Offiziell wird bei den Man\u00f6vern der Angriff eines Feindes, mutma\u00dflich Ru\u00dfland, simuliert\u2026.<\/p>\n\n\n\n<p>All dies findet in unmittelbarer N\u00e4he der russischen Grenzen statt, w\u00e4hrend sich die NATO mit der Ukraine als Stellvertreter faktisch bereits im Krieg mit Ru\u00dfland befindet.<\/p>\n\n\n\n<p>Schon ein einziges falsches Signal oder doppeldeutiges Man\u00f6ver einer der beiden Seiten k\u00f6nnte leicht als Angriff mi\u00dfverstanden werden, und das \u201eWorst-Case-Szenario\u201c tr\u00e4te ein.<\/p>\n\n\n\n<p>Vor diesem Hintergrund hat das Schiller-Institut das erste (private) Treffen einer <a rel=\"noreferrer noopener\" href=\"https:\/\/schillerinstitute.com\/de\/blog\/2023\/06\/08\/pressemitteilung-die-internationale-friedenskoalition-muss-wachsen-um-den-dritten-weltkrieg-zu-stoppen\/\" data-type=\"URL\" data-id=\"https:\/\/schillerinstitute.com\/de\/blog\/2023\/06\/08\/pressemitteilung-die-internationale-friedenskoalition-muss-wachsen-um-den-dritten-weltkrieg-zu-stoppen\/\" target=\"_blank\"><strong>internationalen Friedenskoalition <\/strong><\/a>organisiert, an dem 25 Vertreter aus einem Dutzend L\u00e4ndern teilnahmen. Helfen Sie mit, die Pressemitteilung zu verbreiten und die internationale Friedensbewegung weiter aufzubauen.<\/p>\n\n\n\n<p>Desweiteren fand am 10. Juni die englischsprachige Schiller-Institut Internetkonferenz <strong><a href=\"https:\/\/schillerinstitute.com\/de\/blog\/2023\/06\/02\/internetkonferenz-die-welt-braucht-die-friedensvision-von-john-f-kennedy\/\" data-type=\"URL\" data-id=\"https:\/\/schillerinstitute.com\/de\/blog\/2023\/06\/02\/internetkonferenz-die-welt-braucht-die-friedensvision-von-john-f-kennedy\/\" target=\"_blank\" rel=\"noreferrer noopener\">\u201eDie Welt braucht die Friedensvision von John F. Kennedy\u201c<\/a><\/strong> statt. Der intensive vierst\u00fcndige Dialog \u00fcber Pr\u00e4sident John F. Kennedys Vision von Frieden und internationalen Beziehungen, zeigte auf, da\u00df Kennedys politisches Verm\u00e4chtnis international immer noch gro\u00dfen Einflu\u00df hat und einen kulturellen Ausgangspunkt f\u00fcr einen Dialog des <em>eigentlichen Westens<\/em> und der Globalen Mehrheit bietet.<\/p>\n\n\n\n<p>Deshalb ist es besonders wichtig, da\u00df Sie weiterhin helfen den <strong><a href=\"https:\/\/schillerinstitute.com\/de\/blog\/2023\/05\/17\/dringender-appell-von-buergern-und-institutionen-aus-der-ganzen-welt-einschliesslich-der-usa-an-den-naechsten-praesidenten-von-amerika\/\" data-type=\"URL\" data-id=\"https:\/\/schillerinstitute.com\/de\/blog\/2023\/05\/17\/dringender-appell-von-buergern-und-institutionen-aus-der-ganzen-welt-einschliesslich-der-usa-an-den-naechsten-praesidenten-von-amerika\/\" target=\"_blank\" rel=\"noreferrer noopener\">Dringenden Appell an den (n\u00e4chsten) US-Pr\u00e4sidenten<\/a><\/strong> zu verbreiten.<\/p>\n\n\n\n<figure class=\"wp-block-embed is-type-video is-provider-youtube wp-block-embed-youtube wp-embed-aspect-16-9 wp-has-aspect-ratio\"><div class=\"wp-block-embed__wrapper\">\n<iframe loading=\"lazy\" title=\"Defender 2023 - Kriegseskalation jetzt stoppen!\" width=\"960\" height=\"540\" src=\"https:\/\/www.youtube.com\/embed\/MxfoH12dhVg?feature=oembed\" frameborder=\"0\" allow=\"accelerometer; autoplay; clipboard-write; encrypted-media; gyroscope; picture-in-picture; web-share\" allowfullscreen><\/iframe>\n<\/div><\/figure>\n<!-- AddThis Advanced Settings generic via filter on the_content --><!-- AddThis Share Buttons generic via filter on the_content -->","protected":false},"excerpt":{"rendered":"<p>\u201eWeltb\u00fcrger aller L\u00e4nder vereinigt euch!\u201c- Strategischer Dialog mit Helga Zepp-LaRouche, Mittwoch, 14. Juni 2023, 18.30 Uhr Seien Sie am 14. Juni 18.30 live bei Helga Zepp-LaRouches Dialog dabei und senden Sie Ihre Fragen, Gedanken und Berichte an fragen@bueso.de oder schreiben Sie sie im Live-Stream. Die&hellip;<!-- AddThis Advanced Settings generic via filter on get_the_excerpt --><!-- AddThis Share Buttons generic via filter on get_the_excerpt --><\/p>\n","protected":false},"author":33,"featured_media":96484,"comment_status":"open","ping_status":"closed","sticky":false,"template":"","format":"standard","meta":{"_lmt_disableupdate":"no","_lmt_disable":"","footnotes":""},"categories":[37,537,438,471,462],"tags":[],"class_list":["post-97230","post","type-post","status-publish","format-standard","has-post-thumbnail","hentry","category-allgemein-de","category-hzl-video-de","category-helga-zepp-larouche-de","category-webcast-de","category-webcast-mit-helga-zepp-larouche"],"featured_image_src":"https:\/\/schillerinstitute.com\/wp-content\/uploads\/2023\/04\/Webcast-wordpress-e1696352739949.png","author_info":{"display_name":"tobi","author_link":"https:\/\/schillerinstitute.com\/de\/blog\/author\/tobi\/"},"modified_by":"tobi","cc_featured_image_caption":{"caption_text":"","source_text":"","source_url":""},"_links":{"self":[{"href":"https:\/\/schillerinstitute.com\/de\/wp-json\/wp\/v2\/posts\/97230","targetHints":{"allow":["GET"]}}],"collection":[{"href":"https:\/\/schillerinstitute.com\/de\/wp-json\/wp\/v2\/posts"}],"about":[{"href":"https:\/\/schillerinstitute.com\/de\/wp-json\/wp\/v2\/types\/post"}],"author":[{"embeddable":true,"href":"https:\/\/schillerinstitute.com\/de\/wp-json\/wp\/v2\/users\/33"}],"replies":[{"embeddable":true,"href":"https:\/\/schillerinstitute.com\/de\/wp-json\/wp\/v2\/comments?post=97230"}],"version-history":[{"count":6,"href":"https:\/\/schillerinstitute.com\/de\/wp-json\/wp\/v2\/posts\/97230\/revisions"}],"predecessor-version":[{"id":97246,"href":"https:\/\/schillerinstitute.com\/de\/wp-json\/wp\/v2\/posts\/97230\/revisions\/97246"}],"wp:featuredmedia":[{"embeddable":true,"href":"https:\/\/schillerinstitute.com\/de\/wp-json\/wp\/v2\/media\/96484"}],"wp:attachment":[{"href":"https:\/\/schillerinstitute.com\/de\/wp-json\/wp\/v2\/media?parent=97230"}],"wp:term":[{"taxonomy":"category","embeddable":true,"href":"https:\/\/schillerinstitute.com\/de\/wp-json\/wp\/v2\/categories?post=97230"},{"taxonomy":"post_tag","embeddable":true,"href":"https:\/\/schillerinstitute.com\/de\/wp-json\/wp\/v2\/tags?post=97230"}],"curies":[{"name":"wp","href":"https:\/\/api.w.org\/{rel}","templated":true}]}}