{"id":95456,"date":"2023-02-18T06:23:51","date_gmt":"2023-02-18T11:23:51","guid":{"rendered":"https:\/\/schillerinstitute.com\/?p=95456"},"modified":"2023-02-19T03:52:20","modified_gmt":"2023-02-19T08:52:20","slug":"das-zeitalter-der-vernunft-oder-die-ausloeschung-der-menschheit","status":"publish","type":"post","link":"https:\/\/schillerinstitute.com\/de\/blog\/2023\/02\/18\/das-zeitalter-der-vernunft-oder-die-ausloeschung-der-menschheit\/","title":{"rendered":"Das Zeitalter der Vernunft oder die Ausl\u00f6schung der Menschheit?"},"content":{"rendered":"\n<p><em>Die folgende Erkl\u00e4rung wurde von Helga Zepp-LaRouche am 18. Februar 2023 zur Verbreitung bei den kommenden internationalen Friedesdemonstrationen ver\u00f6ffentlicht. <\/em><\/p>\n\n\n\n<h2 class=\"has-text-align-center wp-block-heading\"><a href=\"https:\/\/schillerinstitute.com\/wp-content\/uploads\/2023\/02\/20230218-SIFB-das-zeitalterKONTAKT-1.pdf?x67618\" data-type=\"URL\" data-id=\"https:\/\/schillerinstitute.com\/wp-content\/uploads\/2023\/02\/20230218-SIFB-das-zeitalterKONTAKT-1.pdf?x67618\" target=\"_blank\" rel=\"noreferrer noopener\">PDF Herunterladen<\/a><\/h2>\n\n\n\n<p>Die leichtsinnige Lieferung von immer mehr und immer schwereren Waffen in die Ukraine mu\u00df sofort aufh\u00f6ren. Das \u201eNarrativ\u201c, da\u00df es keine roten Linien gibt, da\u00df \u201edie Ukraine gewinnen mu\u00df\u201c, und da\u00df \u201eRu\u00dfland ruiniert werden mu\u00df\u201c, ist irrsinnig. Die st\u00e4rkste Atommacht der Welt, Ru\u00dfland, kann den Krieg nicht verlieren, aber wir alle zusammen k\u00f6nnen ihn verlieren. Jede Eskalation, wie z.B. ein Angriff auf die Krim oder auf russisches Territorium, oder die v\u00f6llig verr\u00fcckte Idee eines \u201egewinnbaren\u201c begrenzten regionalen Atomkrieges, w\u00fcrde kurzfristig einen thermonuklearen Krieg auf globaler Ebene bedeuten. Darauf w\u00fcrde ein langj\u00e4hriger nuklearer Winter folgen, der das Ende des Lebens auf der Erde bedeuten w\u00fcrde. Das ist es, womit die Kriegstreiber spielen!<\/p>\n\n\n\n<p>In diesem Krieg geht es nicht um die Ukraine, das ukrainische Volk wird in einem Stellvertreterkrieg zu geopolitischen Zwecken zermahlen, und wir \u201ehelfen\u201c ihm nicht, indem wir dieses Zermahlen bis zum letzten Ukrainer verl\u00e4ngern. Dieser Krieg ist Ausdruck der Tatsache, da\u00df wir uns in einem epochalen Wandel befinden. Wir befinden uns am Ende der \u00c4ra der kolonialen Unterdr\u00fcckung. Die L\u00e4nder des Globalen S\u00fcdens fordern nun ihr angeborenes Recht auf Entwicklung ein, und die Bem\u00fchungen um die Aufrechterhaltung der unipolaren Welt sind vergeblich, weil sie nicht mehr existiert. Die alte Ordnung, die weder Regeln folgt noch in Ordnung ist, will eine \u00c4nderung des Status quo verhindern, der die Rechte der Milliard\u00e4re sch\u00fctzt, aber Milliarden von Menschen mi\u00dfachtet, die unter Mangel leiden.<\/p>\n\n\n\n<p>Diese sogenannte regelbasierte Ordnung versucht nun, durch ein zusammenh\u00e4ngendes Netz von Milit\u00e4rvertr\u00e4gen &#8211; das NATO-EU-Abkommen, die AUKUS-Partnerschaft (Australien-Vereinigtes K\u00f6nigreich-Vereinigte Staaten) und das britisch-japanische \u201eAbkommen \u00fcber gegenseitigen Zugang\u201c &#8211; eine globale NATO zu errichten, die mehr und mehr aussieht wie ein Marsch in den globalen Showdown mit Ru\u00dfland und China, deren Aufstieg als existentielle Bedrohung angesehen wird. Laut Evan Ellis, Experte f\u00fcr iberoamerikanisch-chinesische Beziehungen am U.S. Army War College, wird es sp\u00e4testens 2025 zu einem unvermeidlichen Krieg mit China um Taiwan kommen, und dieser Krieg wird global sein.<\/p>\n\n\n\n<p><em><strong>Inmitten dieser Eskalation lie\u00df Seymour Hersh eine Bombe platzen, indem er das Ergebnis seiner Untersuchung der Sabotage der Nordstream-Pipelines vorstellte, n\u00e4mlich da\u00df es die USA waren.<\/strong><\/em>Er beschreibt, wie die geheime US-Planung f\u00fcr die Sprengung der Nord-Stream-Pipelines mehr als neun Monate vorher begann, und da\u00df es innerhalb der US-Geheimdienste eine gro\u00dfe Debatte dar\u00fcber gab, ob man es angesichts des Potentials f\u00fcr einen gigantischen R\u00fcckschlag tun sollte oder nicht. In einer Pressekonferenz mit Bundeskanzler Scholz am 7. Februar 2022 erkl\u00e4rte Pr\u00e4sident Biden den versammelten Medien, da\u00df die Vereinigten Staaten im Falle eines russischen Einmarsches in die Ukraine \u00fcber Mittel und Wege verf\u00fcgten, um sicherzustellen, da\u00df die Nord-Stream-Pipeline nicht mehr funktionieren w\u00fcrde. Und Kanzler Scholz stand daneben wie ein kleiner Schuljunge und sagte keinen Ton &#8211; bis zum heutigen Tag. Und Deutschland wird dadurch deindustrialisiert.<\/p>\n\n\n\n<p>Es mu\u00df sofort eine internationale Untersuchung von Hershs Vorw\u00fcrfen geben, unter Beteiligung Ru\u00dflands. Denn wenn es stimmt, da\u00df die USA und Norwegen die Pipeline sabotiert haben, sind die Folgen horrend. Wozu braucht Deutschland Feinde, wenn es solche Freunde hat? Wenn Hershs Vorw\u00fcrfe wahr sind, k\u00f6nnte das sehr wohl das Ende der NATO bedeuten.<\/p>\n\n\n\n<p>Wir m\u00fcssen die Kriegsgefahr beenden, indem wir die Waffenlieferungen an die Ukraine stoppen.<\/p>\n\n\n\n<p>Wir m\u00fcssen alle Anstrengungen unternehmen, um eine diplomatische L\u00f6sung zu finden.<\/p>\n\n\n\n<p>Mit dem Eingest\u00e4ndnis der ehemaligen Bundeskanzlerin Merkel und des ehemaligen franz\u00f6sischen Pr\u00e4sidenten Hollande, da\u00df sie nie die Absicht hatten, das Minsker Abkommen zum Erfolg zu f\u00fchren, sind die letzten Reste von Vertrauen in den internationalen Beziehungen zerst\u00f6rt. Deshalb m\u00fcssen alle Anstrengungen unternommen werden, um das Angebot von Papst Franziskus zu unterst\u00fctzen, den Vatikan als Veranstaltungsort zu nutzen, um ohne Vorbedingungen Verhandlungen zwischen Ru\u00dfland und der Ukraine zu f\u00fchren. Und wenn der brasilianische Pr\u00e4sident Lula eine Friedensgruppe von Nationen des Globalen S\u00fcdens bildet, sollte das eine zus\u00e4tzliche Unterst\u00fctzung f\u00fcr die Bem\u00fchungen von Papst Franziskus sein.<\/p>\n\n\n\n<p>Aber \u00fcber diese unmittelbaren Schritte hinaus m\u00fcssen wir unbedingt die Geopolitik \u00fcberwinden, die im 20. Jahrhundert zu zwei Weltkriegen gef\u00fchrt hat. Wir m\u00fcssen eine neue internationale Sicherheits- und Entwicklungsarchitektur schaffen, die die Sicherheitsinteressen eines jeden Landes auf dem Planeten ber\u00fccksichtigt &#8211; eine Lektion, die wir aus dem Westf\u00e4lischen Frieden gelernt haben sollten -, und wir m\u00fcssen erkennen, da\u00df es keinen Frieden ohne Entwicklung geben kann.<\/p>\n\n\n\n<p>Prinzipien f\u00fcr einen dauerhaften Frieden<\/p>\n\n\n\n<p>Wir m\u00fcssen \u00fcber die Prinzipien diskutieren, auf denen die k\u00fcnftige Ordnung der Menschheit aufgebaut werden kann, damit wir uns selbst regieren k\u00f6nnen. Die k\u00fcnftige Weltordnung mu\u00df das Leben und das sch\u00f6pferische Potential eines jeden Menschen auf der Erde garantieren und daher Hunger, Armut und Unterentwicklung beseitigen. Wir m\u00fcssen Institutionen konzipieren und schaffen, die diese Ziele verwirklichen k\u00f6nnen. Es gibt viele n\u00fctzliche historische Bezugspunkte f\u00fcr den Aufbau einer neuen Ordnung, wie z.B. die urspr\u00fcnglichen Absichten Roosevelts f\u00fcr das Bretton-Woods-System zur massiven Erh\u00f6hung des Lebensstandards in den L\u00e4ndern des Globalen S\u00fcdens sowie die UN-Charta; es gibt Chinas Vorschl\u00e4ge f\u00fcr die Globale Sicherheits-Initiative GSI und die Globale Entwicklungs-Initiative GDI.<\/p>\n\n\n\n<p>Wir sind eindeutig an einem Scheideweg in der Menschheitsgeschichte angelangt, an dem wir uns entweder in einem atomaren Weltkrieg selbst zerst\u00f6ren oder unser Potential als einzige bisher bekannte kreative Gattung im Universum erkennen und daher eine L\u00f6sung finden, die die gegenw\u00e4rtigen Konflikte durch die Schaffung einer h\u00f6heren Ebene der Vernunft \u00fcberwindet. Ein gutes Beispiel f\u00fcr diese Denkweise stellte Nikolaus von Kues der Welt im 15. Jahrhundert mit seiner <em>Coincidentia Oppositorum<\/em> vor, dem \u201eZusammenfall der Gegens\u00e4tze\u201c, der von dem Verst\u00e4ndnis ausgeht, da\u00df das Eine eine h\u00f6here Macht hat als das Viele.<\/p>\n\n\n\n<p>Es ist h\u00f6chste Zeit, da\u00df wir die politische, wirtschaftliche und soziale Ordnung auf der Erde mit den realen physikalischen Gesetzen des Universums in Einklang bringen, was auch zu einem grenzenlosen Optimismus in Bezug auf die sch\u00f6pferische Gesetzm\u00e4\u00dfigkeit f\u00fchren wird, die der Sch\u00f6pfung zugrundeliegt. Wenn wir unser Denken in dieser Weise \u00e4ndern, k\u00f6nnen wir unsere Zukunft in einer Weise gestalten, die heute nur wenige Menschen erahnen.<\/p>\n\n\n\n<p>Wir werden bald die Kernfusion kommerziell nutzen und den Energiemangel l\u00f6sen; wir werden zusammenarbeiten, um Afrika zum vielversprechenden Kontinent der Zukunft zu machen; wir werden in der internationalen Raumfahrt und Weltraumforschung zusammenarbeiten; wir werden die Lebenserwartung erh\u00f6hen, indem wir Heilmittel f\u00fcr viele Krankheiten finden; und wir werden eine neue kulturelle Renaissance schaffen, um die Kreativit\u00e4t unserer Gattung zu feiern, um nur einige der vielen wunderbaren Dinge zu nennen, die wir tun k\u00f6nnen.<\/p>\n\n\n\n<p>&#8212;&#8212;<\/p>\n\n\n\n<p><strong>Unterschreiben Sie den \u201eOffenen Brief an Papst Franziskus von politischen und zivilgesellschaflichen F\u00fchrungspers\u00f6nlichkeiten: Aufruf zu sofortigen Friedensverhandlungen unterst\u00fctzen\u201c. <\/strong><\/p>\n\n\n\n<figure class=\"wp-block-embed is-type-wp-embed is-provider-schiller-institut wp-block-embed-schiller-institut\"><div class=\"wp-block-embed__wrapper\">\n<blockquote class=\"wp-embedded-content\" data-secret=\"3fEJw4Kx8k\"><a href=\"https:\/\/schillerinstitute.com\/de\/blog\/2022\/12\/20\/offener-brief-an-papst-franziskus-von-politischen-und-zivilgesellschaftlichen-fuehrungspersoenlichkeiten-aufruf-zu-sofortigen-friedensverhandlungen-unterstuetzen\/\">Offener Brief an Papst Franziskus von politischen und zivilgesellschaftlichen F\u00fchrungspers\u00f6nlichkeiten: Aufruf zu sofortigen Friedensverhandlungen unterst\u00fctzen<\/a><\/blockquote><iframe loading=\"lazy\" class=\"wp-embedded-content\" sandbox=\"allow-scripts\" security=\"restricted\" style=\"position: absolute; clip: rect(1px, 1px, 1px, 1px);\" title=\"&#8222;Offener Brief an Papst Franziskus von politischen und zivilgesellschaftlichen F\u00fchrungspers\u00f6nlichkeiten: Aufruf zu sofortigen Friedensverhandlungen unterst\u00fctzen&#8220; &#8212; Schiller-Institut\" src=\"https:\/\/schillerinstitute.com\/de\/blog\/2022\/12\/20\/offener-brief-an-papst-franziskus-von-politischen-und-zivilgesellschaftlichen-fuehrungspersoenlichkeiten-aufruf-zu-sofortigen-friedensverhandlungen-unterstuetzen\/embed\/#?secret=3fEJw4Kx8k\" data-secret=\"3fEJw4Kx8k\" width=\"600\" height=\"338\" frameborder=\"0\" marginwidth=\"0\" marginheight=\"0\" scrolling=\"no\"><\/iframe>\n<\/div><\/figure>\n\n\n\n<p><strong>Werden Sie Mitglied im Schiller-Institut!<\/strong><\/p>\n\n\n\n<figure class=\"wp-block-embed is-type-wp-embed is-provider-schiller-institut wp-block-embed-schiller-institut\"><div class=\"wp-block-embed__wrapper\">\n<blockquote class=\"wp-embedded-content\" data-secret=\"s74wmOLf3h\"><a href=\"https:\/\/schillerinstitute.com\/de\/mitglied-werden\/\">Jetzt Spenden<\/a><\/blockquote><iframe loading=\"lazy\" class=\"wp-embedded-content\" sandbox=\"allow-scripts\" security=\"restricted\" style=\"position: absolute; clip: rect(1px, 1px, 1px, 1px);\" title=\"&#8222;Jetzt Spenden&#8220; &#8212; Schiller-Institut\" src=\"https:\/\/schillerinstitute.com\/de\/mitglied-werden\/embed\/#?secret=s74wmOLf3h\" data-secret=\"s74wmOLf3h\" width=\"600\" height=\"338\" frameborder=\"0\" marginwidth=\"0\" marginheight=\"0\" scrolling=\"no\"><\/iframe>\n<\/div><\/figure>\n<!-- AddThis Advanced Settings generic via filter on the_content --><!-- AddThis Share Buttons generic via filter on the_content -->","protected":false},"excerpt":{"rendered":"<p>Die folgende Erkl\u00e4rung wurde von Helga Zepp-LaRouche am 18. Februar 2023 zur Verbreitung bei den kommenden internationalen Friedesdemonstrationen ver\u00f6ffentlicht. PDF Herunterladen Die leichtsinnige Lieferung von immer mehr und immer schwereren Waffen in die Ukraine mu\u00df sofort aufh\u00f6ren. Das \u201eNarrativ\u201c, da\u00df es keine roten Linien gibt,&hellip;<!-- AddThis Advanced Settings generic via filter on get_the_excerpt --><!-- AddThis Share Buttons generic via filter on get_the_excerpt --><\/p>\n","protected":false},"author":34,"featured_media":94714,"comment_status":"open","ping_status":"closed","sticky":false,"template":"","format":"standard","meta":{"_lmt_disableupdate":"no","_lmt_disable":"","footnotes":""},"categories":[651,526,37,555,542,438,563],"tags":[],"class_list":["post-95456","post","type-post","status-publish","format-standard","has-post-thumbnail","hentry","category-651","category-activity-de","category-allgemein-de","category-location-germany-de","category-hzl-text-de","category-helga-zepp-larouche-de","category-activity-initiatives-de"],"featured_image_src":"https:\/\/schillerinstitute.com\/wp-content\/uploads\/2023\/02\/px955054-image-kwvups7b.jpg","author_info":{"display_name":"madeleine","author_link":"https:\/\/schillerinstitute.com\/de\/blog\/author\/madeleine\/"},"modified_by":"madeleine","cc_featured_image_caption":{"caption_text":"","source_text":"","source_url":""},"_links":{"self":[{"href":"https:\/\/schillerinstitute.com\/de\/wp-json\/wp\/v2\/posts\/95456","targetHints":{"allow":["GET"]}}],"collection":[{"href":"https:\/\/schillerinstitute.com\/de\/wp-json\/wp\/v2\/posts"}],"about":[{"href":"https:\/\/schillerinstitute.com\/de\/wp-json\/wp\/v2\/types\/post"}],"author":[{"embeddable":true,"href":"https:\/\/schillerinstitute.com\/de\/wp-json\/wp\/v2\/users\/34"}],"replies":[{"embeddable":true,"href":"https:\/\/schillerinstitute.com\/de\/wp-json\/wp\/v2\/comments?post=95456"}],"version-history":[{"count":4,"href":"https:\/\/schillerinstitute.com\/de\/wp-json\/wp\/v2\/posts\/95456\/revisions"}],"predecessor-version":[{"id":95504,"href":"https:\/\/schillerinstitute.com\/de\/wp-json\/wp\/v2\/posts\/95456\/revisions\/95504"}],"wp:featuredmedia":[{"embeddable":true,"href":"https:\/\/schillerinstitute.com\/de\/wp-json\/wp\/v2\/media\/94714"}],"wp:attachment":[{"href":"https:\/\/schillerinstitute.com\/de\/wp-json\/wp\/v2\/media?parent=95456"}],"wp:term":[{"taxonomy":"category","embeddable":true,"href":"https:\/\/schillerinstitute.com\/de\/wp-json\/wp\/v2\/categories?post=95456"},{"taxonomy":"post_tag","embeddable":true,"href":"https:\/\/schillerinstitute.com\/de\/wp-json\/wp\/v2\/tags?post=95456"}],"curies":[{"name":"wp","href":"https:\/\/api.w.org\/{rel}","templated":true}]}}