{"id":94700,"date":"2023-02-03T07:20:47","date_gmt":"2023-02-03T12:20:47","guid":{"rendered":"https:\/\/schillerinstitute.com\/?p=94700"},"modified":"2023-02-03T08:53:31","modified_gmt":"2023-02-03T13:53:31","slug":"einladungen-zur-schiller-insitut-konferenz-am-4-februar-unterstuetzung-fuer-papst-franziskus-initiative-fuer-friedensverhandlungen","status":"publish","type":"post","link":"https:\/\/schillerinstitute.com\/de\/blog\/2023\/02\/03\/einladungen-zur-schiller-insitut-konferenz-am-4-februar-unterstuetzung-fuer-papst-franziskus-initiative-fuer-friedensverhandlungen\/","title":{"rendered":"Einladungen zur Schiller-Insitut Konferenz am 4. Februar &#8211; Unterst\u00fctzung f\u00fcr Papst Franziskus Initiative f\u00fcr Friedensverhandlungen"},"content":{"rendered":"\n<p>F\u00fchrende Pers\u00f6nlichkeiten aus der ganzen Welt stehen zusammen, um den Atomkrieg zu verhindern. In dieser Sonderserie erfahren Sie, warum sie die <a rel=\"noreferrer noopener\" href=\"https:\/\/schillerinstitute.com\/de\/blog\/2023\/01\/20\/petition-offener-brief-an-papst-franziskus-von-politischen-und-zivilgesellschaftlichen-fuehrungspersoenlichkeiten-aufruf-zu-sofortigen-friedensverhandlungen-unterstuetzen\/\" data-type=\"URL\" data-id=\"https:\/\/schillerinstitute.com\/de\/blog\/2023\/01\/20\/petition-offener-brief-an-papst-franziskus-von-politischen-und-zivilgesellschaftlichen-fuehrungspersoenlichkeiten-aufruf-zu-sofortigen-friedensverhandlungen-unterstuetzen\/\" target=\"_blank\">Initiative von Papst Franziskus f\u00fcr Friedensverhandlungen<\/a> unterst\u00fctzen und und sich unbedingt f\u00fcrdie sehr wichtige Konferenz am 4. Februar anmelden sollten: <a rel=\"noreferrer noopener\" href=\"https:\/\/schillerinstitute.com\/de\/blog\/2023\/01\/18\/internetkonferenz-das-zeitalter-der-vernunft-oder-die-ausloeschung-der-menschheit\/\" data-type=\"URL\" data-id=\"https:\/\/schillerinstitute.com\/de\/blog\/2023\/01\/18\/internetkonferenz-das-zeitalter-der-vernunft-oder-die-ausloeschung-der-menschheit\/\" target=\"_blank\">&#8222;Das Zeitalter der Vernunft oder die Ausl\u00f6schung der Menschheit?&#8220;<\/a><\/p>\n\n\n\n<h2 class=\"wp-block-heading\">Einladung von Helga Zepp-LaRouche, Pr\u00e4sidentin des Schiller-Instituts<\/h2>\n\n\n\n<figure class=\"wp-block-embed is-type-video is-provider-youtube wp-block-embed-youtube wp-embed-aspect-16-9 wp-has-aspect-ratio\"><div class=\"wp-block-embed__wrapper\">\n<iframe loading=\"lazy\" title=\"Internetkonferenz: Das Zeitalter der Vernunft oder die Ausl\u00f6schung der Menschheit?\" width=\"960\" height=\"540\" src=\"https:\/\/www.youtube.com\/embed\/yhf7lFNqkzc?feature=oembed\" frameborder=\"0\" allow=\"accelerometer; autoplay; clipboard-write; encrypted-media; gyroscope; picture-in-picture; web-share\" allowfullscreen><\/iframe>\n<\/div><\/figure>\n\n\n\n<h2 class=\"wp-block-heading\">Einladung von Meshack Moxongo, LaRouche-Bewegung S\u00fcdafrika<\/h2>\n\n\n\n<figure class=\"wp-block-embed is-type-video is-provider-youtube wp-block-embed-youtube wp-embed-aspect-16-9 wp-has-aspect-ratio\"><div class=\"wp-block-embed__wrapper\">\n<iframe loading=\"lazy\" title=\"Meshack Moxongo: Unterst\u00fctzung f\u00fcr Papst Franziskus Initiative f\u00fcr Friedensverhandlungen\" width=\"960\" height=\"540\" src=\"https:\/\/www.youtube.com\/embed\/GGqo1sSL_QE?feature=oembed\" frameborder=\"0\" allow=\"accelerometer; autoplay; clipboard-write; encrypted-media; gyroscope; picture-in-picture; web-share\" allowfullscreen><\/iframe>\n<\/div><\/figure>\n\n\n\n<h2 class=\"wp-block-heading\">Einladung von Earl Rasmussen, Vize-Pr\u00e4sident Eurasia Center<\/h2>\n\n\n\n<figure class=\"wp-block-embed is-type-video is-provider-youtube wp-block-embed-youtube wp-embed-aspect-16-9 wp-has-aspect-ratio\"><div class=\"wp-block-embed__wrapper\">\n<iframe loading=\"lazy\" title=\"Earl Rasmussen: Unterst\u00fctzung f\u00fcr Papst Franziskus Initiative f\u00fcr Friedensverhandlungen\" width=\"960\" height=\"540\" src=\"https:\/\/www.youtube.com\/embed\/lgQTNIrX9D8?feature=oembed\" frameborder=\"0\" allow=\"accelerometer; autoplay; clipboard-write; encrypted-media; gyroscope; picture-in-picture; web-share\" allowfullscreen><\/iframe>\n<\/div><\/figure>\n\n\n\n<h2 class=\"wp-block-heading\">Einladung von Jack Gilroy, Pax Christi New York<\/h2>\n\n\n\n<figure class=\"wp-block-embed is-type-video is-provider-youtube wp-block-embed-youtube wp-embed-aspect-16-9 wp-has-aspect-ratio\"><div class=\"wp-block-embed__wrapper\">\n<iframe loading=\"lazy\" title=\"Jack Gilroy: Unterst\u00fctzung f\u00fcr Papst Franziskus Initiative f\u00fcr Friedensverhandlungen\" width=\"960\" height=\"540\" src=\"https:\/\/www.youtube.com\/embed\/tb7bwAoo-9I?feature=oembed\" frameborder=\"0\" allow=\"accelerometer; autoplay; clipboard-write; encrypted-media; gyroscope; picture-in-picture; web-share\" allowfullscreen><\/iframe>\n<\/div><\/figure>\n<!-- AddThis Advanced Settings generic via filter on the_content --><!-- AddThis Share Buttons generic via filter on the_content -->","protected":false},"excerpt":{"rendered":"<p>F\u00fchrende Pers\u00f6nlichkeiten aus der ganzen Welt stehen zusammen, um den Atomkrieg zu verhindern. In dieser Sonderserie erfahren Sie, warum sie die Initiative von Papst Franziskus f\u00fcr Friedensverhandlungen unterst\u00fctzen und und sich unbedingt f\u00fcrdie sehr wichtige Konferenz am 4. Februar anmelden sollten: &#8222;Das Zeitalter der Vernunft&hellip;<!-- AddThis Advanced Settings generic via filter on get_the_excerpt --><!-- AddThis Share Buttons generic via filter on get_the_excerpt --><\/p>\n","protected":false},"author":34,"featured_media":94649,"comment_status":"open","ping_status":"closed","sticky":false,"template":"","format":"standard","meta":{"_lmt_disableupdate":"no","_lmt_disable":"","footnotes":""},"categories":[651],"tags":[],"class_list":["post-94700","post","type-post","status-publish","format-standard","has-post-thumbnail","hentry","category-651"],"featured_image_src":"https:\/\/schillerinstitute.com\/wp-content\/uploads\/2023\/01\/The_dome_of_Florence_Cathedral-scaled.jpg","author_info":{"display_name":"madeleine","author_link":"https:\/\/schillerinstitute.com\/de\/blog\/author\/madeleine\/"},"modified_by":"madeleine","cc_featured_image_caption":{"caption_text":"","source_text":"","source_url":""},"_links":{"self":[{"href":"https:\/\/schillerinstitute.com\/de\/wp-json\/wp\/v2\/posts\/94700","targetHints":{"allow":["GET"]}}],"collection":[{"href":"https:\/\/schillerinstitute.com\/de\/wp-json\/wp\/v2\/posts"}],"about":[{"href":"https:\/\/schillerinstitute.com\/de\/wp-json\/wp\/v2\/types\/post"}],"author":[{"embeddable":true,"href":"https:\/\/schillerinstitute.com\/de\/wp-json\/wp\/v2\/users\/34"}],"replies":[{"embeddable":true,"href":"https:\/\/schillerinstitute.com\/de\/wp-json\/wp\/v2\/comments?post=94700"}],"version-history":[{"count":5,"href":"https:\/\/schillerinstitute.com\/de\/wp-json\/wp\/v2\/posts\/94700\/revisions"}],"predecessor-version":[{"id":94706,"href":"https:\/\/schillerinstitute.com\/de\/wp-json\/wp\/v2\/posts\/94700\/revisions\/94706"}],"wp:featuredmedia":[{"embeddable":true,"href":"https:\/\/schillerinstitute.com\/de\/wp-json\/wp\/v2\/media\/94649"}],"wp:attachment":[{"href":"https:\/\/schillerinstitute.com\/de\/wp-json\/wp\/v2\/media?parent=94700"}],"wp:term":[{"taxonomy":"category","embeddable":true,"href":"https:\/\/schillerinstitute.com\/de\/wp-json\/wp\/v2\/categories?post=94700"},{"taxonomy":"post_tag","embeddable":true,"href":"https:\/\/schillerinstitute.com\/de\/wp-json\/wp\/v2\/tags?post=94700"}],"curies":[{"name":"wp","href":"https:\/\/api.w.org\/{rel}","templated":true}]}}