{"id":93723,"date":"2022-12-20T09:41:48","date_gmt":"2022-12-20T14:41:48","guid":{"rendered":"https:\/\/schillerinstitute.com\/?p=93723"},"modified":"2022-12-28T10:57:38","modified_gmt":"2022-12-28T15:57:38","slug":"erklaerung-aktiver-und-ehemaliger-gesetzgeber-der-welt-um-die-atomkriegsgefahr-zu-stoppen","status":"publish","type":"post","link":"https:\/\/schillerinstitute.com\/de\/blog\/2022\/12\/20\/erklaerung-aktiver-und-ehemaliger-gesetzgeber-der-welt-um-die-atomkriegsgefahr-zu-stoppen\/","title":{"rendered":"Erkl\u00e4rung aktiver und ehemaliger Gesetzgeber der Welt um die Atomkriegsgefahr zu stoppen"},"content":{"rendered":"\n<p>Acht Monate nach Beginn des Krieges zwischen Ru\u00dfland und der Ukraine, in dem die USA und die NATO eine aktive Rolle spielen, gibt es viele Tote und Verwundete, gro\u00dfe Zerst\u00f6rungen und sehr negative wirtschaftliche und soziale Folgen in Europa und der ganzen Welt, die zu Schocks f\u00fchren, die die sehr tiefgreifenden Probleme der Weltwirtschaft noch versch\u00e4rfen und zu einer Zunahme von Arbeitslosigkeit, Armut und Hunger f\u00fchren.<\/p>\n\n\n\n<p>Es ist bekannt, da\u00df dieser Krieg weitaus schwerwiegendere Folgen haben kann als die, die wir bereits erleiden, einschlie\u00dflich weitaus massiverer Zerst\u00f6rungen und einer Krise globalen Ausma\u00dfes, wie es sie noch nie gegeben hat, denn er kann zu einer atomaren Konfrontation zwischen Ru\u00dfland und den Vereinigten Staaten und der NATO f\u00fchren.<\/p>\n\n\n\n<p>Unter den zunehmenden Stimmen, die einen vern\u00fcnftigen Ansatz fordern, heben wir die von Papst Franziskus hervor, der zu einer friedlichen Verhandlungsl\u00f6sung aufruft.<\/p>\n\n\n\n<p>Die unterzeichnenden politischen und gesellschaftlichen Pers\u00f6nlichkeiten, amtierende und ehemalige Abgeordnete und andere gew\u00e4hlte Vertreter aus verschiedenen L\u00e4ndern fordern Ru\u00dfland, die Ukraine, die Vereinigten Staaten und die NATO auf, eine Vereinbarung zu treffen, die vor allem das zunehmende Gerede \u00fcber den m\u00f6glichen Einsatz von Atomwaffen zur\u00fcckweist und die grundlegende Verpflichtung der Reagan-Gorbatschow-Formel von 1985 bekr\u00e4ftigt, da\u00df \u201eein Atomkrieg nicht gewonnen werden kann und niemals gef\u00fchrt werden darf\u201c. Um dauerhaft zu sein, mu\u00df ein solches Abkommen auch eine neue internationale Sicherheitsarchitektur schaffen, die die legitimen Sicherheitsinteressen aller Nationen des Planeten anerkennt und respektiert.<\/p>\n\n\n\n<p>Wir erkennen an und betonen, da\u00df Ru\u00dfland ebenso wie die Vereinigten Staaten, die NATO, die Ukraine und alle anderen L\u00e4nder legitime Sicherheitsinteressen hat, die ber\u00fccksichtigt und zu einem der Eckpfeiler der neuen Sicherheitsarchitektur gemacht werden m\u00fcssen. Eine R\u00fcckkehr zu den erfolgreichen Grunds\u00e4tzen des Westf\u00e4lischen Friedens von 1648 \u2013 Achtung der Souver\u00e4nit\u00e4t, Engagement f\u00fcr das Wohl des anderen und Erla\u00df von Schulden, die eine echte wirtschaftliche Entwicklung unm\u00f6glich machen \u2013 ist die Art von Architektur, die wir heute suchen.<\/p>\n\n\n\n<p>Das Gemeinwohl der einen Menschheit ist die zwingende Voraussetzung f\u00fcr das Wohl jeder einzelnen Nation. Auf diese Weise werden wir in der Lage sein, unter allen Nationen der Welt eine Organisation von B\u00fcrgern in kollektiver globaler Aktion aufzubauen und uns auf diese Weise als eine Kraft zu etablieren, die die internationale politische Debatte beeinflu\u00dft.<\/p>\n\n\n\n<p>Wir rufen alle Menschen guten Willens auf der ganzen Welt auf, sich \u2013 ungeachtet unserer vielf\u00e4ltigen und nat\u00fcrlichen Unterschiede \u2013 an diesem Proze\u00df der Beratung und der Suche nach friedlichen L\u00f6sungen zu beteiligen, einschlie\u00dflich einer gr\u00fcndlichen Pr\u00fcfung alternativer Wirtschaftspolitiken, um die Spekulation, die so viel Armut und Leid verursacht hat, durch ein System der Produktion und des Fortschritts zu ersetzen, das den Bed\u00fcrfnissen einer wachsenden Weltbev\u00f6lkerung gerecht wird.<\/p>\n\n\n\n<p>Wir weisen alle Versuche zur\u00fcck, einen solchen Beratungsprozess einzuschr\u00e4nken, einzusch\u00fcchtern oder zu verbieten. Und wir fordern die Vereinigten Staaten, die NATO, die Ukraine und Ru\u00dfland auf, sich in die Richtung zu bewegen, die wir in diesem respektvollen Aufruf vorstellen.<\/p>\n\n\n\n<h2 class=\"wp-block-heading\"><strong>ERST<\/strong><strong>UNTERZEICHNER<\/strong><\/h2>\n\n\n\n<p><strong>Donald Ramotar<\/strong> (Guyana); ehemaliger Pr\u00e4sident (2011-2015), ehemaliges Mitglied des Parlaments (1992-2011, PPP)<\/p>\n\n\n\n<p><strong>Helga Zepp-LaRouche<\/strong> (Deutschland); Gr\u00fcnderin des Schiller-Instituts<\/p>\n\n\n\n<p><strong>Jorge Robledo <\/strong>(Kolumbien); ehemaliger Senator (2002-2022, Partido Dignidad)<\/p>\n\n\n\n<p><strong>Mar\u00eda de los \u00c1ngeles Huerta<\/strong> (Mexiko); ehemalige Kongre\u00dfabgeordnete (2018-2021, MORENA)<\/p>\n\n\n\n<p><strong>Dr. Kirk Meighoo<\/strong> (Trinidad &amp; Tobago); ehemaliger unabh\u00e4ngiger Senator (2004, United National Congress)<\/p>\n\n\n\n<p><strong>Dr. Rodolfo Ondarza<\/strong> (Mexiko); ehemaliger Abgeordneter der Legislativversammlung von Mexiko-Stadt (2015-2018, PT)<\/p>\n\n\n\n<p><strong>Diane Sare<\/strong> (USA); Kandidatin f\u00fcr den US-Senat von New York (2022, unabh\u00e4ngig\/LaRouche)<\/p>\n\n\n\n<h2 class=\"wp-block-heading\"><strong>WEITERE UNTERZEICHNER<\/strong><\/h2>\n\n\n\n<h2 class=\"wp-block-heading\"><strong>Bolivien<\/strong><\/h2>\n\n\n\n<p><strong>General Edwin de la Fuente Jeria<\/strong> (Bolivien); ehemaliger Oberbefehlshaber der Streitkr\u00e4fte Boliviens (2012-2013)<\/p>\n\n\n\n<h2 class=\"wp-block-heading\"><strong>Brasilien<\/strong><\/h2>\n\n\n\n<p><strong>Paulo Cannabrava Filho<\/strong>; Journalist, Herausgeber von Di\u00e1logos do Sul<\/p>\n\n\n\n<p><strong>Kolumbien<\/strong><\/p>\n\n\n\n<p><strong>Jennifer Pedraza Sandoval<\/strong>; Kongre\u00dfabgeordnete<\/p>\n\n\n\n<p><strong>Lu\u00eds Eduardo Pel\u00e1ez<\/strong>; Abgeordneter des Bundesstaates Antioquia<\/p>\n\n\n\n<p><strong>Le\u00f3nidas G\u00f3mez G\u00f3mez<\/strong>; Abgeordneter des Bundesstaates Santander<\/p>\n\n\n\n<p><strong>Jorge G\u00f3mez Gallego<\/strong>; ehemaliger Kongre\u00dfabgeordneter<\/p>\n\n\n\n<p><strong>Di\u00f3genes Orjuela Garc\u00eda<\/strong>; ehemaliger Generalsekret\u00e4r des Gewerkschaftsbundes CUT<\/p>\n\n\n\n<p><strong>Manuel Sarmiento Arguello<\/strong>; Stadtrat, Bogot\u00e1<\/p>\n\n\n\n<h2 class=\"wp-block-heading\"><strong>Tschechische Republik<\/strong><\/h2>\n\n\n\n<p><strong>Vincenzo Romanello<\/strong> (Tschechische Republik\/Italien); Ph.D., leitender Nuklearforscher und Projektleiter, Nationales Strahlenschutzinstitut (SURO)<\/p>\n\n\n\n<h2 class=\"wp-block-heading\"><strong>Dominikanische Republik<\/strong><\/h2>\n\n\n\n<p><strong>Ram\u00f3n Emilio Concepci\u00f3n<\/strong>; ehemaliger Pr\u00e4sidentschaftskandidat (2020, PRM)<\/p>\n\n\n\n<h2 class=\"wp-block-heading\"><strong>Italien<\/strong><\/h2>\n\n\n\n<p><strong> Sergio Tancredi<\/strong>, ehemaliger Landtagsabgeordneter, Sizilien<\/p>\n\n\n\n<p><strong>Antonio Ingroia<\/strong>, ehemaliger Richter (vorrangig Mafiabek\u00e4mpfung)<\/p>\n\n\n\n<p><strong>Alessia Ruggeri<\/strong>; Gewerkschafterin, Comitato per la Repubblica<\/p>\n\n\n\n<h2 class=\"wp-block-heading\"><strong>Mexiko<\/strong><\/h2>\n\n\n\n<p><strong>Benjam\u00edn Robles Montoya<\/strong>; Kongre\u00dfabgeordneter (seit 2018); ehemaliger Senator (2012-2018)<\/p>\n\n\n\n<p><strong>Elpidio Tovar de la Cruz<\/strong>; ehemaliger Kongre\u00dfabgeordneter (2003-2006)<\/p>\n\n\n\n<p><strong>Claudia Y\u00e1\u00f1ez Centeno<\/strong>; ehemalige Kongre\u00dfabgeordnete (2014-2017)<\/p>\n\n\n\n<p><strong>Alberto Vizcarra Osuna<\/strong>; ehemaliger Abgeordneter des Bundesstaates Sonora (1988-1991)<\/p>\n\n\n\n<p><strong>Dr. Sergio Pablo Mariscal Alvarado<\/strong>; ehemaliger B\u00fcrgermeister von Ciudad Obreg\u00f3n (2018-2021); Ingenieurprofessor, Technologisches Institut Sonora<\/p>\n\n\n\n<p><strong>Emeterio Ochoa Baz\u00faa<\/strong>; ehemaliger Abgeordneter des Bundesstaates Sonora (2015-2021)<\/p>\n\n\n\n<p><strong>Antonio Valdez Villanueva<\/strong>; ehemaliger Abgeordneter des Bundesstaates Sonora (2009-2012); Untergeneralsekret\u00e4r des mexikanischen Gewerkschaftsbundes (CTM) in Sonora.<\/p>\n\n\n\n<h2 class=\"wp-block-heading\"><strong>Niederlande<\/strong><\/h2>\n\n\n\n<p><strong>Dr. A. J. (Guus) Berkhout<\/strong>; Professor-Emeritus Geophysik, Technische Universit\u00e4t Delft; Pr\u00e4sident CLINTEL<\/p>\n\n\n\n<h2 class=\"wp-block-heading\"><strong>Peru<\/strong><\/h2>\n\n\n\n<p><strong>Juan Pari<\/strong>; ehemaliger Kongre\u00dfabgeordneter (2011- 2016)<\/p>\n\n\n\n<p><strong>Alberto Quintanilla Chac\u00f3n<\/strong>; ehemaliger Kongre\u00dfabgeordneter (2016-2019)<\/p>\n\n\n\n<p><strong>Roberto Vela Pinedo<\/strong>; Pr\u00e4sident, Vereinigung der Wirtschaftswissenschaftler Perus<\/p>\n\n\n\n<h2 class=\"wp-block-heading\"><strong>Vereinigte Staaten<\/strong><\/h2>\n\n\n\n<p><strong>Richard Black<\/strong> (USA); ehemaliger Senator des Bundesstaates Virginia (2012-2020), ehemaliges Mitglied des Abgeordnetenhauses von Virginia (1998-2006)<\/p>\n\n\n\n<p><strong>Graham Fuller<\/strong> (USA); ehemaliger amerikanischer Diplomat, CIA-Beamter und Islamwissenschaftler<\/p>\n\n\n\n<p><strong>Dr. George Koo<\/strong> (USA); internationaler Wirtschaftsberater, im Ruhestand<\/p>\n\n\n\n<p><strong>Dr. Mohammad A. Toor<\/strong> (USA); Vorsitzender des Kuratoriums des Pakistani American Congress<\/p>\n\n\n\n<p><strong>Bradley Blankenship<\/strong>; Journalist<\/p>\n\n\n\n<p><strong>Bob Van Hee<\/strong>; Kommissar, Redwood County, Minnesota<\/p>\n\n\n\n<h2 class=\"wp-block-heading\"><strong>Venezuela<\/strong><\/h2>\n\n\n\n<p><strong>Rom\u00e1n Rojas Cabot<\/strong>; ehemaliger Botschafter Venezuelas bei der Europ\u00e4ischen Gemeinschaft, Br\u00fcssel<\/p>\n\n\n\n<p><strong>Emil Guevara Mu\u00f1oz<\/strong>; ehemaliger Abgeordneter des Lateinamerikanischen Parlaments (2006-2011)<\/p>\n\n\n\n<h2 class=\"wp-block-heading\"><strong>Jemen<\/strong><\/h2>\n\n\n\n<p><strong>Dr. Fouad al Ghaffari<\/strong>; Berater des Premierministers f\u00fcr Angelegenheiten der BRICS-L\u00e4nder; Pr\u00e4sident des jemenitischen ALBRICS-Jugendparlaments<\/p>\n<!-- AddThis Advanced Settings generic via filter on the_content --><!-- AddThis Share Buttons generic via filter on the_content -->","protected":false},"excerpt":{"rendered":"<p>Acht Monate nach Beginn des Krieges zwischen Ru\u00dfland und der Ukraine, in dem die USA und die NATO eine aktive Rolle spielen, gibt es viele Tote und Verwundete, gro\u00dfe Zerst\u00f6rungen und sehr negative wirtschaftliche und soziale Folgen in Europa und der ganzen Welt, die zu&hellip;<!-- AddThis Advanced Settings generic via filter on get_the_excerpt --><!-- AddThis Share Buttons generic via filter on get_the_excerpt --><\/p>\n","protected":false},"author":34,"featured_media":92361,"comment_status":"open","ping_status":"closed","sticky":false,"template":"","format":"standard","meta":{"_lmt_disableupdate":"no","_lmt_disable":"","footnotes":""},"categories":[651],"tags":[],"class_list":["post-93723","post","type-post","status-publish","format-standard","has-post-thumbnail","hentry","category-651"],"featured_image_src":"https:\/\/schillerinstitute.com\/wp-content\/uploads\/2022\/10\/mush-cloud-e1668693404253.png","author_info":{"display_name":"madeleine","author_link":"https:\/\/schillerinstitute.com\/de\/blog\/author\/madeleine\/"},"modified_by":"madeleine","cc_featured_image_caption":{"caption_text":"","source_text":"","source_url":""},"_links":{"self":[{"href":"https:\/\/schillerinstitute.com\/de\/wp-json\/wp\/v2\/posts\/93723","targetHints":{"allow":["GET"]}}],"collection":[{"href":"https:\/\/schillerinstitute.com\/de\/wp-json\/wp\/v2\/posts"}],"about":[{"href":"https:\/\/schillerinstitute.com\/de\/wp-json\/wp\/v2\/types\/post"}],"author":[{"embeddable":true,"href":"https:\/\/schillerinstitute.com\/de\/wp-json\/wp\/v2\/users\/34"}],"replies":[{"embeddable":true,"href":"https:\/\/schillerinstitute.com\/de\/wp-json\/wp\/v2\/comments?post=93723"}],"version-history":[{"count":2,"href":"https:\/\/schillerinstitute.com\/de\/wp-json\/wp\/v2\/posts\/93723\/revisions"}],"predecessor-version":[{"id":93923,"href":"https:\/\/schillerinstitute.com\/de\/wp-json\/wp\/v2\/posts\/93723\/revisions\/93923"}],"wp:featuredmedia":[{"embeddable":true,"href":"https:\/\/schillerinstitute.com\/de\/wp-json\/wp\/v2\/media\/92361"}],"wp:attachment":[{"href":"https:\/\/schillerinstitute.com\/de\/wp-json\/wp\/v2\/media?parent=93723"}],"wp:term":[{"taxonomy":"category","embeddable":true,"href":"https:\/\/schillerinstitute.com\/de\/wp-json\/wp\/v2\/categories?post=93723"},{"taxonomy":"post_tag","embeddable":true,"href":"https:\/\/schillerinstitute.com\/de\/wp-json\/wp\/v2\/tags?post=93723"}],"curies":[{"name":"wp","href":"https:\/\/api.w.org\/{rel}","templated":true}]}}