{"id":91614,"date":"2022-09-29T02:41:26","date_gmt":"2022-09-29T06:41:26","guid":{"rendered":"https:\/\/schillerinstitute.com\/?p=91614"},"modified":"2022-09-29T02:41:29","modified_gmt":"2022-09-29T06:41:29","slug":"reaktionen-aus-aller-welt-auf-die-ukrainische-nazi-hitliste-teil-3","status":"publish","type":"post","link":"https:\/\/schillerinstitute.com\/de\/blog\/2022\/09\/29\/reaktionen-aus-aller-welt-auf-die-ukrainische-nazi-hitliste-teil-3\/","title":{"rendered":"Reaktionen aus aller Welt auf die ukrainische Nazi-Hitliste &#8211; Teil 3"},"content":{"rendered":"\n<p><strong>Von EIR<\/strong><\/p>\n\n\n\n<p>20. August &#8211; Dies ist der dritte Teil der EIR-Zusammenstellung von weltweiten Reaktionen auf die Ver\u00f6ffentlichung einer Schwarzen Liste \u2013 im Wesentlichen einer \u201eHitliste\u201c \u2013 von 72 prominenten Pers\u00f6nlichkeiten aus vielen L\u00e4ndern durch das von den USA finanzierte und vom Au\u00dfenministerium gef\u00f6rderte ukrainische Zentrum zur Desinformationsbek\u00e4mpfung (CCD), in der sie beschuldigt werden, russische Propaganda-Agenten, \u201eInformationsterroristen\u201c und \u201eKriegsverbrecher\u201c zu sein, weil sie sich nicht dem \u201eNarrativ\u201c der USA, Gro\u00dfbritanniens und der NATO \u00fcber die milit\u00e4rischen Operationen in der Ukraine unterwerfen. Die ersten 30 aufgelisteten Personen sind Mitglieder und Freunde des Schiller-Instituts, die auf Konferenzen des Schiller-Instituts in diesem Jahr gesprochen haben. <a href=\"https:\/\/schillerinstitute.com\/de\/blog\/2022\/08\/12\/weltweite-reaktionen-auf-die-nazi-hitliste-der-ukraine\/\" target=\"_blank\" rel=\"noreferrer noopener\">Teil 1 dieser Serie finden Sie hier<\/a> und <a href=\"https:\/\/schillerinstitute.com\/de\/blog\/2022\/08\/18\/weltweite-reaktionen-auf-die-nazi-hitliste-der-ukraine-teil-2\/\" target=\"_blank\" rel=\"noreferrer noopener\">Teil 2 hier<\/a>. Zun\u00e4chst ist anzumerken, da\u00df das CCD und seine F\u00f6rderer im US-Au\u00dfenministerium und in den Geheimdiensten der USA und des Vereinigten K\u00f6nigreichs am 11. August beschlossen, den Beitrag vom 14. Juli, in dem diese 72 Personen genannt wurden, von <a href=\"https:\/\/schillerinstitute.com\/de\/blog\/2022\/08\/18\/internationaler-druck-erzwingt-loeschung-der-ukrainischen-hitliste-von-der-ccd-webseite-jetzt-weiter-mobilisieren\/\" target=\"_blank\" rel=\"noreferrer noopener\">ihrer Website zu nehmen<\/a>. Dies war eindeutig das Ergebnis einer energischen, pr\u00e4zisen und schnellen internationalen Mobilisierung, die in erster Linie vom Schiller-Institut initiiert, jedoch auch von gleichgesinnten, wenn auch politisch anders denkenden Einzelpersonen in Angriff genommen wurde. Diese EIR-Artikelserie dokumentiert verschiedene Aspekte dieser Mobilisierung aus Indien, Deutschland, D\u00e4nemark, Schweden, Griechenland, Italien, S\u00fcdafrika, Polen, Frankreich, Neuseeland und den USA. Die urspr\u00fcngliche Absicht, die hinter der Fokussierung auf diese Personen steht, hat jedoch keineswegs nachgelassen, und die Mobilisierung geht weiter und weitet sich aus, wie im ersten Punkt unten dargestellt wird.<\/p>\n\n\n\n<p>Sechzehn Amerikaner, die auf der ukrainischen CCD-Abschu\u00dfliste stehen, haben gemeinsam ein Schreiben an sechs Kongressaussch\u00fcsse gerichtet, in dem sie diese auffordern, &#8222;die Verwendung von Steuergeldern zu \u00fcberwachen, indem sie die Finanzierung dieser ausl\u00e4ndischen Regierungsstelle und ihre Rolle bei der direkten Bedrohung der Rechte und der Sicherheit der Amerikaner untersuchen&#8220;. <a href=\"https:\/\/schillerinstitute.com\/de\/blog\/2022\/08\/18\/pressemitteilung-aufruf-zur-kongressuntersuchung-der-bedrohung-amerikanischer-buerger-durch-eine-von-den-usa-finanzierte-ukrainische-regierungsbehoerde\/\" target=\"_blank\" rel=\"noreferrer noopener\">Das Schreiben kann hier eingesehen werden.<\/a><\/p>\n\n\n\n<div class=\"wp-block-image\"><figure class=\"aligncenter size-large\"><img decoding=\"async\" src=\"https:\/\/larouchepub.com\/graphics\/2022\/4933\/lg\/2.jpg\" alt=\"\"\/><\/figure><\/div>\n\n\n\n<p class=\"has-text-align-center\"><em>Beide Bilder aus: \u201eIssues that Matter with Cynthia Pooler\u201c<\/em><\/p>\n\n\n\n<p><strong>Diane Sare <\/strong>(links), Kandidatin f\u00fcr den US-Senat im Bundesstaat New York, die gegen Chuck Schumer antritt, trat zusammen mit <strong>Scott Ritter <\/strong>(rechts), einem ehemaligen Geheimdienstoffizier der Marine und UN-Waffeninspektor, der aufdeckte, da\u00df der Irak keine Massenvernichtungswaffen besa\u00df, in einem Interview in der Sendung <a href=\"https:\/\/youtu.be\/w4E9odWri2A\" target=\"_blank\" rel=\"noreferrer noopener\">\u201eIssues that Matter with Cynthia Pooler\u201c (engl.)<\/a> am 19. August auf. Sowohl Sare als auch Ritter stehen auf der ukrainischen Abschu\u00dfliste und haben gemeinsam aufgedeckt, da\u00df diese vom US-Au\u00dfenministerium finanziert und unterst\u00fctzt wurde, was ihre Sicherheit und ihre Redefreiheit bedroht.<\/p>\n\n\n\n<div class=\"wp-block-image\"><figure class=\"aligncenter size-large\"><img decoding=\"async\" src=\"https:\/\/larouchepub.com\/graphics\/2022\/4933\/lg\/swan_ben.jpg\" alt=\"\"\/><\/figure><\/div>\n\n\n\n<p class=\"has-text-align-center\"><em>CC\/Gage Skidmore<\/em><\/p>\n\n\n\n<p class=\"has-text-align-center\"><em>Ben Swann<\/em><\/p>\n\n\n\n<p>Obwohl das CCD gezwungen war, die Eintr\u00e4ge der 72 als \u201erussische Propaganda\u201c-Agenten bezeichneten Personen von seiner Website zu entfernen, werden weiterhin neue Personen ins Visier genommen. Zwei neue Angriffe auf Personen, die als \u201ewestliche Kreml-Propagandisten\u201c bezeichnet werden, wurden ver\u00f6ffentlicht: Der amerikanische Journalist <a href=\"https:\/\/t.me\/TheCenterforCounteringDisinfo\/876\" target=\"_blank\" rel=\"noreferrer noopener\">Ben Swann<\/a> wurde am 12. August und der italienische Journalist und au\u00dfenpolitische Redakteur von <em>La Stampa<\/em> <a href=\"https:\/\/t.me\/TheCenterforCounteringDisinfo\/892\" target=\"_blank\" rel=\"noreferrer noopener\">Dominico Quirico<\/a> am 17. August angegriffen. Tats\u00e4chlich hat sich das CCD nie die M\u00fche gemacht, die vollst\u00e4ndige Schwarze Liste aus seinem ukrainischsprachigen Telegram-Kanal zu entfernen!<\/p>\n\n\n\n<p>Swann wird als Beispiel daf\u00fcr angef\u00fchrt, \u201ewie Propaganda Misstrauen bei Verb\u00fcndeten s\u00e4t &#8230;. Der Kreml benutzt weiterhin aktiv westliche Meinungsf\u00fchrer, um seine eigene &#8218;Wahrheit&#8216; zu verbreiten\u201c. Swanns vorgebliche Unwahrheiten bestehen laut CCD darin, da\u00df Ru\u00dfland das malaysische Passagierflugzeug MH17 nicht abgeschossen habe, da\u00df \u201eder russische Rubel in diesem Jahr die stabilste W\u00e4hrung ist\u201c und da\u00df \u201edie BRICS-L\u00e4nder bereit sind, sich der wirtschaftlichen Kriegsf\u00fchrung des Westens entgegen zu stellen.\u201c Er rufe sogar ausl\u00e4ndische Unternehmen dazu auf, russischen D\u00fcnger zu kaufen, beschweren sie sich! Das CCD mahnt: \u201eWir m\u00f6chten Sie daran erinnern, da\u00df die Verwendung von Erkl\u00e4rungen ausl\u00e4ndischer Pers\u00f6nlichkeiten ein Element der PSYOP des Feindes sind, die darauf abzielen, das Vertrauen in die ukrainischen Verb\u00fcndeten zu untergraben.\u201c<\/p>\n\n\n\n<p>Quiricos \u201eVerbrechen\u201c besteht darin, da\u00df er \u201eBesorgnis \u00fcber den &#8218;ukrainischen Angriff&#8216; auf die Krim ge\u00e4u\u00dfert hat. Ihm zufolge k\u00f6nnten die Folgen katastrophal sein &#8230; f\u00fcr Ru\u00dfland ist die Invasion der Krim gleichbedeutend mit einem Angriff auf Moskau\u201c und \u201ek\u00f6nnte zu einem Weltkrieg f\u00fchren.\u201c Das CCD bezeichnet dies als \u201eEinsch\u00fcchterungstaktik &#8230; eines der g\u00e4ngigsten Instrumente des Kremls, um die eroberten Gebiete der Ukraine zu halten\u201c und ignoriert dabei die Tatsache, da\u00df die B\u00fcrger der Krim Anfang 2014 nach dem faschistischen Putsch in Kiew massiv f\u00fcr die Wiedervereinigung mit Ru\u00dfland gestimmt haben.<\/p>\n\n\n\n<div class=\"wp-block-image\"><figure class=\"aligncenter size-large\"><img decoding=\"async\" src=\"https:\/\/larouchepub.com\/graphics\/2022\/4933\/lg\/bittner_wolfgang_schiller_cof_6-18-22.jpg\" alt=\"\"\/><\/figure><\/div>\n\n\n\n<p class=\"has-text-align-center\"><em>Schiller-Institut<\/em><\/p>\n\n\n\n<p class=\"has-text-align-center\"><em>Prof. Wolfgang Bittner<\/em><\/p>\n\n\n\n<p>Die Erkl\u00e4rung von <strong>Prof. Wolfgang Bittner<\/strong>, mit der er sich gegen die Schwarze Liste der Ukraine vom 14. Juli wendet, auf der auch sein Name steht, wurde am 17. August von der deutschen Organisation Freidenker in vollem Wortlaut ver\u00f6ffentlicht, nachdem sie am 8. August auf den NachDenkSeiten gepostet worden war, wor\u00fcber in <a href=\"https:\/\/schillerinstitute.com\/de\/blog\/2022\/08\/18\/weltweite-reaktionen-auf-die-nazi-hitliste-der-ukraine-teil-2\/\">Teil 2<\/a> dieser EIR-Serie berichtet wurde. Die Freidenker stellen fest: \u201eNationalistische Arroganz, Rassismus, religi\u00f6ser Fanatismus und Intoleranz gegen\u00fcber Andersdenkenden haben bedrohliche Ausma\u00dfe angenommen.\u201c<\/p>\n\n\n\n<div class=\"wp-block-image\"><figure class=\"aligncenter size-large\"><img decoding=\"async\" src=\"https:\/\/larouchepub.com\/graphics\/2022\/4933\/lg\/sandmark_china_presentation_2019_2.jpg\" alt=\"\"\/><\/figure><\/div>\n\n\n\n<p class=\"has-text-align-center\"><em>BRIX<\/em><\/p>\n\n\n\n<p class=\"has-text-align-center\"><em>Ulf Sandmark<\/em><\/p>\n\n\n\n<p>Der internationale algerische Fernsehsender <em>AL24news<\/em> interviewte am 16. August <strong>Ulf Sandmark<\/strong>, den Leiter des Schiller-Instituts in Schweden, zu seiner Aufnahme in die ukrainische Abschu\u00dfliste. TV-Moderator Rahim fragte Sandmark in seiner politischen Nachrichtensendung: \u201eWas sagen Sie zu der Liste von Namen, darunter auch aus dem Schiller-Institut, die von der ukrainischen Regierung als Kriegsverbrecher betrachtet werden?\u201c Es wurde ein Artikel von der Homepage des Schiller-Instituts mit einem Bild von Helga Zepp-LaRouche gezeigt und sie wurde im Besonderen erw\u00e4hnt. Der achtmin\u00fctige Beitrag st\u00fctzte sich auf den Artikel \u201eReaktionen auf die ukrainische Nazi-Hitliste aus aller Welt\u201c (<a href=\"https:\/\/schillerinstitute.com\/de\/blog\/2022\/08\/12\/weltweite-reaktionen-auf-die-nazi-hitliste-der-ukraine\/\">Teil 1<\/a> dieser EIR-Serie), den die Sendung nur zwei Stunden zuvor erhalten hatte.<\/p>\n\n\n\n<p>Sandmark hatte die Gelegenheit, die Zuh\u00f6rer \u00fcber die verschiedenen Konferenzen des Schiller-Instituts f\u00fcr eine neue Friedens- und Entwicklungsarchitektur und die dort von Helga Zepp-LaRouche formulierte Politik zu informieren. Er berichtete auch \u00fcber die internationale Mobilisierung gegen die Schwarze Liste und den R\u00fcckzug des Nationalen Verteidigungs- und Sicherheitsrates in Kiew, der die Liste von der CCD-Website entfernte, sowie \u00fcber die Rolle des US-Au\u00dfenministeriums und des britischen Au\u00dfenministeriums in dieser schmutzigen Aff\u00e4re. Das Interview ist <a href=\"https:\/\/youtu.be\/Jeo7FecbbWw\" target=\"_blank\" rel=\"noreferrer noopener\">hier auf englisch<\/a> zu finden.<\/p>\n\n\n\n<div class=\"wp-block-image\"><figure class=\"aligncenter size-large\"><img decoding=\"async\" src=\"https:\/\/larouchepub.com\/graphics\/2022\/4933\/lg\/gabbard_tulsi_cal_dem_convention_6-1-19.jpg\" alt=\"\"\/><\/figure><\/div>\n\n\n\n<p class=\"has-text-align-center\"><em>CC\/Gage Skidmore<\/em><\/p>\n\n\n\n<p class=\"has-text-align-center\"><em>Tulsi Gabbard<\/em><\/p>\n\n\n\n<p>Der ukrainisch-amerikanische Oberstleutnant a.D. Alexander Vindman, ehemaliger Leiter der Abteilung f\u00fcr europ\u00e4ische Angelegenheiten im Nationalen Sicherheitsrat der USA und Kronzeuge in dem gegen Donald Trump gerichteten absurden Amtsenthebungsverfahren wegen eines Telefongespr\u00e4chs mit Pr\u00e4sident Selenskij, erwies sich als Kollaborateur der ukrainischen CCD-Nazi-Hexenjagd, als er am 13. August einen w\u00fctenden Tweet absetzte, in dem er die ehemalige Kongressabgeordnete (und jetzige Oberstleutnantin der Army Reserve) <strong>Tulsi Gabbard<\/strong> als \u201erussische Agentin\u201c angriff. Er reagierte damit auf Gabbards \u00c4u\u00dferungen vom Vortag, als sie in der <em>Tucker Carlson Show<\/em> von <em>Fox News<\/em> zu Gast war und behauptete, die US-Sanktionen und der Wirtschaftskrieg gegen Ru\u00dfland seien der Versuch eines Regimewechsels in Moskau. Vindman schimpfte \u00fcber Gabbard, eine zweifache Kriegsveteranin, die auf der Abschu\u00dfliste des CCD steht: \u201eSie l\u00fcgen, um bekannt zu werden und sich zu profilieren. Schlimmer noch, als Agent der russischen Desinformation f\u00f6rdern Sie die russische Aggression und gef\u00e4hrden Amerika. Sie haben sich f\u00fcr eine Seite entschieden. Ihre Seite ist Ru\u00dfland und der Autoritarismus.&#8220;<\/p>\n\n\n\n<div class=\"wp-block-image\"><figure class=\"aligncenter size-large\"><img decoding=\"async\" src=\"https:\/\/larouchepub.com\/graphics\/2022\/4933\/lg\/Magliano_tony.jpg\" alt=\"\"\/><\/figure><\/div>\n\n\n\n<p class=\"has-text-align-center\"><em>Nationaler Katholischer Reporter<\/em><\/p>\n\n\n\n<p class=\"has-text-align-center\"><em>Tony Magliano<\/em><\/p>\n\n\n\n<p>\u00dcber den Artikel \u201eIch wurde von der ukrainischen Regierung auf die schwarze Liste gesetzt\u201c von <strong>Tony Magliano<\/strong>, einem in Minnesota lebenden, seit vielen Jahren international bekannten katholischen Schriftsteller, wurde bereits in <a href=\"https:\/\/schillerinstitute.com\/de\/blog\/2022\/08\/18\/weltweite-reaktionen-auf-die-nazi-hitliste-der-ukraine-teil-2\/\" target=\"_blank\" rel=\"noreferrer noopener\">Teil 2 dieser EIR-Serie<\/a> berichtet. Sein Artikel war im s\u00fcdafrikanischen<em> Southern Cross<\/em> ver\u00f6ffentlicht worden und wurde anschlie\u00dfend in den USA im <em>Clarion Herald<\/em>, dem offiziellen Mitteilungsblatt der Erzdi\u00f6zese New Orleans, der <em>Your Catholic Voice Foundation<\/em> in Kalifornien, sowie h\u00f6chstwahrscheinlich auch in anderen katholischen Medien publiziert. Magliano beschreibt, wie er sich auf der Konferenz des Schiller-Instituts und bei seiner gesamten internationalen Arbeit f\u00fcr den Frieden einsetzt, und antwortet dann auf den ukrainischen Vorwurf, er sei ein \u201eF\u00f6rderer der russischen Propaganda\u201c: \u201eIn Wahrheit bin ich ein F\u00f6rderer des gewaltfreien Evangeliums von Jesus Christus!\u201c<\/p>\n\n\n\n<p>In Neuseeland druckte der von Mykeljon Winckel gegr\u00fcndete monatliche Online-Newsletter <em>Voice Media<\/em> den EIR-Artikel vom 31. Juli ab: \u201e<a href=\"https:\/\/schillerinstitute.com\/de\/blog\/2022\/08\/04\/ukraine-stuft-fuehrende-persoenlichkeiten-des-schiller-instituts-und-weitere-individuen-als-kriegsverbrecher-ein\/\" target=\"_blank\" rel=\"noreferrer noopener\">Ukraine stuft f\u00fchrende Pers\u00f6nlichkeiten des Schiller-Instituts und weitere Individuen als \u201eKriegsverbrecher\u201c ein<\/a>. Der <a href=\"https:\/\/view.publitas.com\/voicemedia\/voicemedia-ed1-2022\/\" target=\"_blank\" rel=\"noreferrer noopener\">Newsletter<\/a> hat eine Auflage von mehr als 36.000 Exemplaren.<\/p>\n<!-- AddThis Advanced Settings generic via filter on the_content --><!-- AddThis Share Buttons generic via filter on the_content -->","protected":false},"excerpt":{"rendered":"<p>Von EIR 20. August &#8211; Dies ist der dritte Teil der EIR-Zusammenstellung von weltweiten Reaktionen auf die Ver\u00f6ffentlichung einer Schwarzen Liste \u2013 im Wesentlichen einer \u201eHitliste\u201c \u2013 von 72 prominenten Pers\u00f6nlichkeiten aus vielen L\u00e4ndern durch das von den USA finanzierte und vom Au\u00dfenministerium gef\u00f6rderte ukrainische&hellip;<!-- AddThis Advanced Settings generic via filter on get_the_excerpt --><!-- AddThis Share Buttons generic via filter on get_the_excerpt --><\/p>\n","protected":false},"author":34,"featured_media":89915,"comment_status":"open","ping_status":"closed","sticky":false,"template":"","format":"standard","meta":{"_lmt_disableupdate":"","_lmt_disable":"","footnotes":""},"categories":[37],"tags":[],"class_list":["post-91614","post","type-post","status-publish","format-standard","has-post-thumbnail","hentry","category-allgemein-de"],"featured_image_src":"https:\/\/schillerinstitute.com\/wp-content\/uploads\/2022\/08\/petition-image-draft-5.png","author_info":{"display_name":"madeleine","author_link":"https:\/\/schillerinstitute.com\/de\/blog\/author\/madeleine\/"},"modified_by":"madeleine","cc_featured_image_caption":{"caption_text":"","source_text":"","source_url":""},"_links":{"self":[{"href":"https:\/\/schillerinstitute.com\/de\/wp-json\/wp\/v2\/posts\/91614","targetHints":{"allow":["GET"]}}],"collection":[{"href":"https:\/\/schillerinstitute.com\/de\/wp-json\/wp\/v2\/posts"}],"about":[{"href":"https:\/\/schillerinstitute.com\/de\/wp-json\/wp\/v2\/types\/post"}],"author":[{"embeddable":true,"href":"https:\/\/schillerinstitute.com\/de\/wp-json\/wp\/v2\/users\/34"}],"replies":[{"embeddable":true,"href":"https:\/\/schillerinstitute.com\/de\/wp-json\/wp\/v2\/comments?post=91614"}],"version-history":[{"count":6,"href":"https:\/\/schillerinstitute.com\/de\/wp-json\/wp\/v2\/posts\/91614\/revisions"}],"predecessor-version":[{"id":91620,"href":"https:\/\/schillerinstitute.com\/de\/wp-json\/wp\/v2\/posts\/91614\/revisions\/91620"}],"wp:featuredmedia":[{"embeddable":true,"href":"https:\/\/schillerinstitute.com\/de\/wp-json\/wp\/v2\/media\/89915"}],"wp:attachment":[{"href":"https:\/\/schillerinstitute.com\/de\/wp-json\/wp\/v2\/media?parent=91614"}],"wp:term":[{"taxonomy":"category","embeddable":true,"href":"https:\/\/schillerinstitute.com\/de\/wp-json\/wp\/v2\/categories?post=91614"},{"taxonomy":"post_tag","embeddable":true,"href":"https:\/\/schillerinstitute.com\/de\/wp-json\/wp\/v2\/tags?post=91614"}],"curies":[{"name":"wp","href":"https:\/\/api.w.org\/{rel}","templated":true}]}}