{"id":90545,"date":"2022-08-18T05:18:59","date_gmt":"2022-08-18T09:18:59","guid":{"rendered":"https:\/\/schillerinstitute.com\/?p=90545"},"modified":"2022-08-18T12:00:28","modified_gmt":"2022-08-18T16:00:28","slug":"internationaler-druck-erzwingt-loeschung-der-ukrainischen-hitliste-von-der-ccd-webseite-jetzt-weiter-mobilisieren","status":"publish","type":"post","link":"https:\/\/schillerinstitute.com\/de\/blog\/2022\/08\/18\/internationaler-druck-erzwingt-loeschung-der-ukrainischen-hitliste-von-der-ccd-webseite-jetzt-weiter-mobilisieren\/","title":{"rendered":"Internationaler Druck erzwingt L\u00f6schung der ukrainischen Hitliste von der CCD-Webseite: Jetzt weiter mobilisieren!"},"content":{"rendered":"\n<p>Pressemitteilung<\/p>\n\n\n\n<p>Schiller-Institut<\/p>\n\n\n\n<p>Internationaler Druck erzwingt L\u00f6schung der ukrainischen Hitliste von der CCD-Webseite: Jetzt weiter mobilisieren!<\/p>\n\n\n\n<p>15. August \u2013 Infolge einer entschlossenen, pr\u00e4zisen und schnellen internationalen Mobilisierung, die gr\u00f6\u00dftenteils vom Schiller-Institut initiiert wurde, der sich aber auch gleichgesinnte, wenn auch politisch anders denkenden Personen anschlossen, sah sich das ber\u00fcchtigte ukrainische Zentrum zur Desinformationsbek\u00e4mpfung (CCD) am 11. August \u2013 wahrscheinlich auf Anraten zunehmend nerv\u00f6ser NATO-Interessen \u2013 gezwungen, seine Schwarze Liste mit mehr als 70 internationalen Pers\u00f6nlichkeiten von seiner Webseite zu entfernen. Die gelisteten Personen wurden vom Leiter des CCD als \u201eInformationsterroristen\u201c betitelt, die es verdienten, als \u201eKriegsverbrecher\u201c angeklagt zu werden, weil sie vom offiziellen NATO\/Ukraine-Narrativ zum Ukraine-Ru\u00dfland-Konflikt abwichen. Die Heftigkeit dieser Rhetorik unterstreicht die Vorw\u00fcrfe von Scott Ritter, dem ehemaligen UN-Waffeninspektor, der selbst in der Liste aufgef\u00fchrt wird, da\u00df die Schwarze Liste de facto eine \u201eAbschu\u00dfliste\u201c darstellt. Der blo\u00dfe Aufruf, eine Verhandlungsl\u00f6sung des Konflikts anzustreben, reichte aus, um prominente internationale Pers\u00f6nlichkeiten auf die Schwarzen Liste zu setzen.<\/p>\n\n\n\n<p>Klicken Sie <em><a href=\"https:\/\/web.archive.org\/web\/20220803232444\/https:\/cpd.gov.ua\/reports\/%D1%81%D0%BF%D1%96%D0%BA%D0%B5%D1%80%D0%B8-%D1%8F%D0%BA%D1%96-%D0%BF%D1%80%D0%BE%D1%81%D1%83%D0%B2%D0%B0%D1%8E%D1%82%D1%8C-%D1%81%D0%BF%D1%96%D0%B2%D0%B7%D0%B2%D1%83%D1%87%D0%BD%D1%96-%D1%80%D0%BE\/\" data-type=\"URL\" data-id=\"https:\/\/web.archive.org\/web\/20220803232444\/https:\/cpd.gov.ua\/reports\/%D1%81%D0%BF%D1%96%D0%BA%D0%B5%D1%80%D0%B8-%D1%8F%D0%BA%D1%96-%D0%BF%D1%80%D0%BE%D1%81%D1%83%D0%B2%D0%B0%D1%8E%D1%82%D1%8C-%D1%81%D0%BF%D1%96%D0%B2%D0%B7%D0%B2%D1%83%D1%87%D0%BD%D1%96-%D1%80%D0%BE\/\" target=\"_blank\" rel=\"noreferrer noopener\">hier<\/a><\/em>, um die Liste der inzwischen gel\u00f6schten Namen einzusehen. Unter den ersten 31 Personen befinden sich f\u00fchrende Mitglieder des Schiller-Instituts und namhafte Redner auf den j\u00fcngsten internationalen Konferenzen des Schiller-Instituts, des weiteren aber auch ein amtierender US-Senator, ein ehemaliger US-Abgeordneter, ein bekannter ehemaliger Landessenator, zwei aktive Kandidaten bei den aktuellen US-Wahlen, f\u00fchrende Enth\u00fcllungsjournalisten, vier hochrangige pensionierte Pers\u00f6nlichkeiten aus der amerikanischen Geheimdienst-Community und mehr als 30 weitere prominente internationale Pers\u00f6nlichkeiten.<\/p>\n\n\n\n<p>Quellen im Geheimdienstbereich, darunter ehemalige NSA- und CIA-Analysten, merkten an, da\u00df die Ver\u00f6ffentlichung von Berichten \u00fcber den Hintergrund der Schwarzen Liste in Indien, Deutschland und D\u00e4nemark eine wichtige Rolle bei der Zur\u00fccknahme der Liste spielte. Prominente Mandatstr\u00e4ger und andere zwangen den d\u00e4nischen Au\u00dfenminister dazu, sich offiziell zu dem ukrainischen Versuch zu \u00e4u\u00dfern, abweichende Darstellungen zu dem NATO\/Ukraine-Narrativ zum Schweigen zu bringen. Auch in Deutschland, Indien, Mexiko, Italien, Neuseeland und den Vereinigten Staaten w\u00e4chst der Druck, \u00e4hnliche Ma\u00dfnahmen zu ergreifen. Einzelheiten finden Sie in dem <a href=\"https:\/\/schillerinstitute.com\/de\/weltweite-reaktionen-auf-die-nazi-hitliste-der-ukraine\/\" data-type=\"URL\" data-id=\"https:\/\/schillerinstitute.com\/de\/weltweite-reaktionen-auf-die-nazi-hitliste-der-ukraine\/\" target=\"_blank\" rel=\"noreferrer noopener\">zweiteiligen Bericht \u00fcber die weltweiten Reaktionen<\/a> von Betroffenen. <\/p>\n\n\n\n<p>Es ist jedoch vordringlich, diese Mobilisierung jetzt auszuweiten und zu fordern, da\u00df das dichte Netz von Zensureinrichtungen offengelegt und ausgeschaltet wird, das von den obersten Etagen der britischen, amerikanischen und NATO-Dienste zur psychologischen Kriegsf\u00fchrung unter den Bezeichnungen \u201eFakten\u00fcberpr\u00fcfung\u201c, \u201eAufsp\u00fcren von Fehlinformationen\u201c und \u201eBek\u00e4mpfung von Kreml-Desinformationen\u201c aufgebaut wurde. Das Schiller-Institut erstellt derzeit in Zusammenarbeit mit <em>Executive Intelligence Review<\/em> eine Reihe von Sonderberichten \u00fcber dieses Netzwerk, die in K\u00fcrze ver\u00f6ffentlicht werden sollen.<\/p>\n\n\n\n<p>Jeder sollte sich bem\u00fchen, neue Unterzeichner f\u00fcr den Aufruf zur Untersuchung der ukrainischen CCD-Hitliste zu finden und die umfassende Analyse des Orwellschen Apparats zu verbreiten, in dem das ukrainische CCD nur ein kleiner Fisch ist.<\/p>\n\n\n<div class=\"call-to-action-big\">\n<h2>Aufruf f\u00fcr eine Untersuchung der schwarzen Liste der Ukraine<\/h2>\n<p class=\"excerpt\">Petition<\/p>\n<p><a href=\"https:\/\/schillerinstitute.com\/de\/blog\/2022\/08\/05\/aufruf-fuer-eine-untersuchung-der-schwarzen-liste-der-ukraine\/\" class=\"custom-button large\" data-newwindow=\"true\">Hier unterschreiben\u2192<\/a><\/p>\n<\/div>\n<!-- AddThis Advanced Settings generic via filter on the_content --><!-- AddThis Share Buttons generic via filter on the_content -->","protected":false},"excerpt":{"rendered":"<p>Pressemitteilung Schiller-Institut Internationaler Druck erzwingt L\u00f6schung der ukrainischen Hitliste von der CCD-Webseite: Jetzt weiter mobilisieren! 15. August \u2013 Infolge einer entschlossenen, pr\u00e4zisen und schnellen internationalen Mobilisierung, die gr\u00f6\u00dftenteils vom Schiller-Institut initiiert wurde, der sich aber auch gleichgesinnte, wenn auch politisch anders denkenden Personen anschlossen, sah&hellip;<!-- AddThis Advanced Settings generic via filter on get_the_excerpt --><!-- AddThis Share Buttons generic via filter on get_the_excerpt --><\/p>\n","protected":false},"author":34,"featured_media":90381,"comment_status":"open","ping_status":"closed","sticky":false,"template":"","format":"standard","meta":{"_lmt_disableupdate":"no","_lmt_disable":"","footnotes":""},"categories":[651,37,787],"tags":[],"class_list":["post-90545","post","type-post","status-publish","format-standard","has-post-thumbnail","hentry","category-651","category-allgemein-de","category-ccd-hitlist"],"featured_image_src":"https:\/\/schillerinstitute.com\/wp-content\/uploads\/2022\/08\/ccd-404.png","author_info":{"display_name":"madeleine","author_link":"https:\/\/schillerinstitute.com\/de\/blog\/author\/madeleine\/"},"modified_by":"madeleine","cc_featured_image_caption":{"caption_text":"","source_text":"","source_url":""},"_links":{"self":[{"href":"https:\/\/schillerinstitute.com\/de\/wp-json\/wp\/v2\/posts\/90545","targetHints":{"allow":["GET"]}}],"collection":[{"href":"https:\/\/schillerinstitute.com\/de\/wp-json\/wp\/v2\/posts"}],"about":[{"href":"https:\/\/schillerinstitute.com\/de\/wp-json\/wp\/v2\/types\/post"}],"author":[{"embeddable":true,"href":"https:\/\/schillerinstitute.com\/de\/wp-json\/wp\/v2\/users\/34"}],"replies":[{"embeddable":true,"href":"https:\/\/schillerinstitute.com\/de\/wp-json\/wp\/v2\/comments?post=90545"}],"version-history":[{"count":6,"href":"https:\/\/schillerinstitute.com\/de\/wp-json\/wp\/v2\/posts\/90545\/revisions"}],"predecessor-version":[{"id":90554,"href":"https:\/\/schillerinstitute.com\/de\/wp-json\/wp\/v2\/posts\/90545\/revisions\/90554"}],"wp:featuredmedia":[{"embeddable":true,"href":"https:\/\/schillerinstitute.com\/de\/wp-json\/wp\/v2\/media\/90381"}],"wp:attachment":[{"href":"https:\/\/schillerinstitute.com\/de\/wp-json\/wp\/v2\/media?parent=90545"}],"wp:term":[{"taxonomy":"category","embeddable":true,"href":"https:\/\/schillerinstitute.com\/de\/wp-json\/wp\/v2\/categories?post=90545"},{"taxonomy":"post_tag","embeddable":true,"href":"https:\/\/schillerinstitute.com\/de\/wp-json\/wp\/v2\/tags?post=90545"}],"curies":[{"name":"wp","href":"https:\/\/api.w.org\/{rel}","templated":true}]}}