{"id":89965,"date":"2022-08-08T05:40:49","date_gmt":"2022-08-08T09:40:49","guid":{"rendered":"https:\/\/schillerinstitute.com\/?p=89965"},"modified":"2022-08-08T05:40:52","modified_gmt":"2022-08-08T09:40:52","slug":"zum-teufel-mit-dem-klimawandel-afrika-will-seine-ressourcen-an-fossilen-brennstoffen-erschliessen","status":"publish","type":"post","link":"https:\/\/schillerinstitute.com\/de\/blog\/2022\/08\/08\/zum-teufel-mit-dem-klimawandel-afrika-will-seine-ressourcen-an-fossilen-brennstoffen-erschliessen\/","title":{"rendered":"Zum Teufel mit dem Klimawandel: Afrika will seine Ressourcen an fossilen Brennstoffen erschlie\u00dfen"},"content":{"rendered":"\n<p>6. August 2022 (EIRNS) \u2013 Die Schreiberlinge des malthusianischem <em>Guardian<\/em> ereifern sich, nachdem ihnen ein Dokument zugespielt wurde, worin steht, da\u00df afrikanische Nationen dar\u00fcber diskutieren, auf dem UN-Klimagipfel COP27 im kommenden November eine gemeinsame Position zu vertreten, um ihr Recht auf die Nutzung ihrer fossilen Brennstoffressourcen geltend zu machen.<\/p>\n\n\n\n<p>In einem <a href=\"https:\/\/www.theguardian.com\/world\/2022\/aug\/01\/african-nations-set-to-make-the-case-for-big-rise-in-fossil-fuel-output\" data-type=\"URL\" data-id=\"https:\/\/www.theguardian.com\/world\/2022\/aug\/01\/african-nations-set-to-make-the-case-for-big-rise-in-fossil-fuel-output\" target=\"_blank\" rel=\"noreferrer noopener\">\u201eExklusivbericht\u201c vom 1. August<\/a> berichtet der <em>Guardian<\/em>, da\u00df dem Blatt ein f\u00fcnfseitiges \u201etechnisches Dokument\u201c mit einer angeh\u00e4ngten 25-seitigen Erkl\u00e4rung \u00fcbergeben worden sei, welche den Plan enthalte, der von der Afrikanischen Union f\u00fcr ein Treffen der AU-Energieminister vom 14. bis 16. Juni vorbereitet wurde. In dem Dokument werde festgestellt, da\u00df \u201ekurz- bis mittelfristig fossile Brennstoffe, insbesondere Erdgas, eine entscheidende Rolle spielen m\u00fcssen, um erweiterten Zugang zu moderner Energie zu bekommen, zus\u00e4tzlich zur beschleunigten Einf\u00fchrung erneuerbarer Energien\u201c.<\/p>\n\n\n\n<p>Der <em>Guardian<\/em> warnt, das gesamte Klimasystem k\u00f6nnte zusammenbrechen, wenn Afrika es wage, \u201eneue Erkundungen f\u00fcr Gas und die Ausbeutung von Afrikas riesigen \u00d6lreserven\u201c voranzutreiben.<\/p>\n\n\n\n<p>Die Koordinatorin des <em>Africa Coal Network<\/em>, Lorraine Chiponda, bezeichnete die Diskussion afrikanischer Staatschefs \u00fcber eine solche Idee als \u201er\u00fccksichtslos\u201c, auch wenn sie zugab, da\u00df 600 Millionen Menschen in Afrika \u201ein Energiearmut leben\u201c. Das hei\u00dft, sie haben keinen Zugang zu Elektrizit\u00e4t. <\/p>\n\n\n\n<p>Das britische K\u00f6nigshaus hat ebenfalls seine Hand im Spiel. Am 6. Juli ver\u00f6ffentlichte das Chatham House\/Royal Institute of International Relations ein sogenanntes <a href=\"https:\/\/www.chathamhouse.org\/2022\/07\/cop27-navigating-difficult-road-sharm-el-sheikh\" data-type=\"URL\" data-id=\"https:\/\/www.chathamhouse.org\/2022\/07\/cop27-navigating-difficult-road-sharm-el-sheikh\" target=\"_blank\" rel=\"noreferrer noopener\">\u201eExpertengutachten\u201c<\/a>, worin davor gewarnt wird, da\u00df der diesj\u00e4hrige UN-Gipfel COP27, der von \u00c4gypten ausgerichtet wird, ein Problem darstelle. \u00c4gypten habe sich keine quantifizierbaren Emissionsreduktionsziele gesetzt, habe kein gesamtwirtschaftliches Kohlenstoffreduktionsziel und keine langfristige Strategie zur Dekarbonisierung. Das Land sei au\u00dferdem der zweitgr\u00f6\u00dfte Erdgasproduzent Afrikas und entwickele sich zu einer Drehscheibe f\u00fcr fossile Gase im \u00f6stlichen Mittelmeerraum, hei\u00dft es. Dar\u00fcber hinaus habe sich \u00c4gypten \u201ef\u00fcr die Unterst\u00fctzung anderer afrikanischer L\u00e4nder bei der F\u00f6rderung und Nutzung fossiler Gas- und Erd\u00f6lressourcen ausgesprochen und ist damit einer der Protagonisten des &#8218;Great Fossil Gas Pushback&#8216;, deren Bef\u00fcrworter das Recht der Entwicklungsl\u00e4nder verteidigen, fossiles Gas als &#8218;\u00dcbergangskraftstoff&#8216; zu nutzen, um die Energiearmut zu \u00fcberwinden\u201c, beklagt der Autor.<\/p>\n\n\n\n<p>Mit typisch imperialer Arroganz versichert der Autor jedoch, da\u00df \u00c4gypten \u201egeschmeidig\u201c sei, wenn man sich darum k\u00fcmmere, seine Haltung zu \u00e4ndern. <\/p>\n<!-- AddThis Advanced Settings generic via filter on the_content --><!-- AddThis Share Buttons generic via filter on the_content -->","protected":false},"excerpt":{"rendered":"<p>6. August 2022 (EIRNS) \u2013 Die Schreiberlinge des malthusianischem Guardian ereifern sich, nachdem ihnen ein Dokument zugespielt wurde, worin steht, da\u00df afrikanische Nationen dar\u00fcber diskutieren, auf dem UN-Klimagipfel COP27 im kommenden November eine gemeinsame Position zu vertreten, um ihr Recht auf die Nutzung ihrer fossilen&hellip;<!-- AddThis Advanced Settings generic via filter on get_the_excerpt --><!-- AddThis Share Buttons generic via filter on get_the_excerpt --><\/p>\n","protected":false},"author":34,"featured_media":89940,"comment_status":"open","ping_status":"closed","sticky":false,"template":"","format":"standard","meta":{"_lmt_disableupdate":"","_lmt_disable":"","footnotes":""},"categories":[652,649,650],"tags":[],"class_list":["post-89965","post","type-post","status-publish","format-standard","has-post-thumbnail","hentry","category-652","category-649","category-650"],"featured_image_src":"https:\/\/schillerinstitute.com\/wp-content\/uploads\/2022\/08\/African-development-pic.jpg","author_info":{"display_name":"madeleine","author_link":"https:\/\/schillerinstitute.com\/de\/blog\/author\/madeleine\/"},"modified_by":"madeleine","cc_featured_image_caption":{"caption_text":"","source_text":"","source_url":""},"_links":{"self":[{"href":"https:\/\/schillerinstitute.com\/de\/wp-json\/wp\/v2\/posts\/89965","targetHints":{"allow":["GET"]}}],"collection":[{"href":"https:\/\/schillerinstitute.com\/de\/wp-json\/wp\/v2\/posts"}],"about":[{"href":"https:\/\/schillerinstitute.com\/de\/wp-json\/wp\/v2\/types\/post"}],"author":[{"embeddable":true,"href":"https:\/\/schillerinstitute.com\/de\/wp-json\/wp\/v2\/users\/34"}],"replies":[{"embeddable":true,"href":"https:\/\/schillerinstitute.com\/de\/wp-json\/wp\/v2\/comments?post=89965"}],"version-history":[{"count":1,"href":"https:\/\/schillerinstitute.com\/de\/wp-json\/wp\/v2\/posts\/89965\/revisions"}],"predecessor-version":[{"id":89966,"href":"https:\/\/schillerinstitute.com\/de\/wp-json\/wp\/v2\/posts\/89965\/revisions\/89966"}],"wp:featuredmedia":[{"embeddable":true,"href":"https:\/\/schillerinstitute.com\/de\/wp-json\/wp\/v2\/media\/89940"}],"wp:attachment":[{"href":"https:\/\/schillerinstitute.com\/de\/wp-json\/wp\/v2\/media?parent=89965"}],"wp:term":[{"taxonomy":"category","embeddable":true,"href":"https:\/\/schillerinstitute.com\/de\/wp-json\/wp\/v2\/categories?post=89965"},{"taxonomy":"post_tag","embeddable":true,"href":"https:\/\/schillerinstitute.com\/de\/wp-json\/wp\/v2\/tags?post=89965"}],"curies":[{"name":"wp","href":"https:\/\/api.w.org\/{rel}","templated":true}]}}