{"id":89555,"date":"2022-07-29T15:00:04","date_gmt":"2022-07-29T19:00:04","guid":{"rendered":"https:\/\/schillerinstitute.com\/?p=89555"},"modified":"2022-08-10T08:24:47","modified_gmt":"2022-08-10T12:24:47","slug":"jan-obergs-reaktion-auf-die-schwarze-liste-der-ukraine","status":"publish","type":"post","link":"https:\/\/schillerinstitute.com\/de\/blog\/2022\/07\/29\/jan-obergs-reaktion-auf-die-schwarze-liste-der-ukraine\/","title":{"rendered":"Jan Obergs Reaktion auf die Schwarze Liste der Ukraine"},"content":{"rendered":"\n<p>28. Juli 2022 (EIRNS) Kopenhagen &#8211; Der d\u00e4nische Friedensaktivist Jan Oberg hat sich dagegen verwahrt, vom Ukrainischen Zentrum f\u00fcr Desinformationsbek\u00e4mpfung am 14. Juli auf eine Schwarze Liste gesetzt zu werden. Er war einer der Redner auf der Online-Konferenz am 25. Mai 2022, die von den Schiller-Instituten in D\u00e4nemark und Schweden organisiert wurde. Drei der anderen Redner wurden ebenfalls auf die Liste gesetzt. Oberg ver\u00f6ffentlichte seinen Protest auf englisch auf seiner <a rel=\"noreferrer noopener\" href=\"https:\/\/janoberg.me\/2022\/07\/28\/ukraines-smears-people-around-the-world-as-part-of-the-disinformation-war\/\" data-type=\"URL\" data-id=\"https:\/\/janoberg.me\/2022\/07\/28\/ukraines-smears-people-around-the-world-as-part-of-the-disinformation-war\/\" target=\"_blank\">Webseite<\/a>. <\/p>\n\n\n\n<p>Hier Ausz\u00fcge:<\/p>\n\n\n\n<p><strong>Die Ukraine verleumdet Menschen auf der ganzen Welt als Teil des Desinformationskriegs<\/strong><\/p>\n\n\n\n<p>28 Juli 2022<\/p>\n\n\n\n<p>Die ukrainische Regierung unterh\u00e4lt ein Zentrum f\u00fcr die Bek\u00e4mpfung von Desinformation. Es scheint die Aufgabe zu haben, der Welt mitzuteilen, wer die Wahrheit sagt und wer diejenigen sind, die eine mit der russischen Propaganda vertr\u00e4gliche Rhetorik verbreiten.<\/p>\n\n\n\n<p>Ich stehe auf einer Liste des Zentrums von etwa 70 Personen, und ich f\u00fchle mich geehrt, Teil dieser Gruppe zu sein. Das Zentrum ver\u00f6ffentlichte die Liste auf seiner Facebook-Seite mit einem ziemlich seltsamen Begleittext, worin wir alle in drei Kategorien eingeteilt sind: die dritte lautet zum Beispiel: \u201eVerurteilt die russische Aggression, will aber mit der Ukraine verhandeln und lehnt die Lieferung von Waffen an unseren Staat ab (20%).\u201c Also die russische Aggression verurteilen und mit der russischen Propaganda \u00fcbereinstimmen. Nun gut!<\/p>\n\n\n\n<p>Ich nehme an, ich geh\u00f6re zu dieser Kategorie, da ich mich von der russischen Invasion in der Ukraine distanziert habe, aber auch der Meinung bin, da\u00df die derzeitige Bewaffnung der Ukraine v\u00f6llig kontraproduktiv ist und insbesondere f\u00fcr die Ukraine unsagbar zerst\u00f6rerische Folgen haben wird. Doch leider sind sich die USA und die NATO-Staaten darin einig \u2013 bis jetzt \u2013, die Ukraine als Schlachtfeld zu (miss)brauchen, um Ru\u00dfland zu schw\u00e4chen und zu \u201ebesiegen\u201c. Das hei\u00dft, als Stellvertreter, die bis zum letzten Ukrainer f\u00fcr sich und die Ukraine k\u00e4mpfen. Siehe meinen Artikel dazu <a href=\"https:\/\/transnational.live\/2022\/04\/26\/truth-is-out-nato-wants-to-become-even-more-superior-and-cripple-and-cancel-russia-through-ukraine\/\" data-type=\"URL\" data-id=\"https:\/\/transnational.live\/2022\/04\/26\/truth-is-out-nato-wants-to-become-even-more-superior-and-cripple-and-cancel-russia-through-ukraine\/\" target=\"_blank\" rel=\"noreferrer noopener\">hier<\/a>. <\/p>\n\n\n\n<p>Auf der Liste stehen eine Reihe von Diplomaten, Professoren, Politikern, Medienleuten und sogar ehemaligen CIA-Mitarbeitern, wobei einige von ihnen bereits ihre \u00dcberraschung zum Ausdruck gebracht haben, da\u00df sie selbst auf dieser Liste stehen \u2013 zum Beispiel Edward Luttwak, der sich bei den NATO-Regierungen f\u00fcr die Lieferung von Waffen an die Ukraine eingesetzt hat und allgemein als Falke bekannt ist.<\/p>\n\n\n\n<p>Zusammenfassend l\u00e4sst sich sagen, da\u00df es sich um einen dieser intellektuell und moralisch schlechten Versuche handelt, Menschen zu verleumden, die eine ausgewogene Meinung vertreten oder nicht zu 100 % auf der eigenen Seite stehen&#8230; Die Mitarbeiter des Zentrums haben keine Ahnung, wie man eine professionelle Konfliktanalyse durchf\u00fchrt, und tun das, was viele heutzutage tun: Die gegnerische Position angreifen, ohne ihren analytischen Inhalt zu verstehen.<\/p>\n\n\n\n<p>Das Ganze wirkt grotesk, l\u00e4cherlich. Ungewollt komisch.<\/p>\n<!-- AddThis Advanced Settings generic via filter on the_content --><!-- AddThis Share Buttons generic via filter on the_content -->","protected":false},"excerpt":{"rendered":"<p>28. Juli 2022 (EIRNS) Kopenhagen &#8211; Der d\u00e4nische Friedensaktivist Jan Oberg hat sich dagegen verwahrt, vom Ukrainischen Zentrum f\u00fcr Desinformationsbek\u00e4mpfung am 14. Juli auf eine Schwarze Liste gesetzt zu werden. Er war einer der Redner auf der Online-Konferenz am 25. Mai 2022, die von den&hellip;<!-- AddThis Advanced Settings generic via filter on get_the_excerpt --><!-- AddThis Share Buttons generic via filter on get_the_excerpt --><\/p>\n","protected":false},"author":34,"featured_media":89556,"comment_status":"open","ping_status":"closed","sticky":false,"template":"","format":"standard","meta":{"_lmt_disableupdate":"no","_lmt_disable":"","footnotes":""},"categories":[37,787],"tags":[],"class_list":["post-89555","post","type-post","status-publish","format-standard","has-post-thumbnail","hentry","category-allgemein-de","category-ccd-hitlist"],"featured_image_src":"https:\/\/schillerinstitute.com\/wp-content\/uploads\/2022\/07\/NarOnGUd7qA-SD-e1647570317884.jpg","author_info":{"display_name":"madeleine","author_link":"https:\/\/schillerinstitute.com\/de\/blog\/author\/madeleine\/"},"modified_by":"madeleine","cc_featured_image_caption":{"caption_text":"","source_text":"","source_url":""},"_links":{"self":[{"href":"https:\/\/schillerinstitute.com\/de\/wp-json\/wp\/v2\/posts\/89555","targetHints":{"allow":["GET"]}}],"collection":[{"href":"https:\/\/schillerinstitute.com\/de\/wp-json\/wp\/v2\/posts"}],"about":[{"href":"https:\/\/schillerinstitute.com\/de\/wp-json\/wp\/v2\/types\/post"}],"author":[{"embeddable":true,"href":"https:\/\/schillerinstitute.com\/de\/wp-json\/wp\/v2\/users\/34"}],"replies":[{"embeddable":true,"href":"https:\/\/schillerinstitute.com\/de\/wp-json\/wp\/v2\/comments?post=89555"}],"version-history":[{"count":1,"href":"https:\/\/schillerinstitute.com\/de\/wp-json\/wp\/v2\/posts\/89555\/revisions"}],"predecessor-version":[{"id":89566,"href":"https:\/\/schillerinstitute.com\/de\/wp-json\/wp\/v2\/posts\/89555\/revisions\/89566"}],"wp:featuredmedia":[{"embeddable":true,"href":"https:\/\/schillerinstitute.com\/de\/wp-json\/wp\/v2\/media\/89556"}],"wp:attachment":[{"href":"https:\/\/schillerinstitute.com\/de\/wp-json\/wp\/v2\/media?parent=89555"}],"wp:term":[{"taxonomy":"category","embeddable":true,"href":"https:\/\/schillerinstitute.com\/de\/wp-json\/wp\/v2\/categories?post=89555"},{"taxonomy":"post_tag","embeddable":true,"href":"https:\/\/schillerinstitute.com\/de\/wp-json\/wp\/v2\/tags?post=89555"}],"curies":[{"name":"wp","href":"https:\/\/api.w.org\/{rel}","templated":true}]}}