{"id":89531,"date":"2022-07-29T14:49:31","date_gmt":"2022-07-29T18:49:31","guid":{"rendered":"https:\/\/schillerinstitute.com\/?p=89531"},"modified":"2022-07-29T14:49:33","modified_gmt":"2022-07-29T18:49:33","slug":"usbekischer-praesident-mahnt-hilfe-fuer-afghanistan-an","status":"publish","type":"post","link":"https:\/\/schillerinstitute.com\/de\/blog\/2022\/07\/29\/usbekischer-praesident-mahnt-hilfe-fuer-afghanistan-an\/","title":{"rendered":"Usbekischer Pr\u00e4sident mahnt Hilfe f\u00fcr Afghanistan an"},"content":{"rendered":"\n<p>28. Juli 2022 (EIRNS) &#8211; Auf einer zweit\u00e4gigen Konferenz in Taschkent (Usbekistan), kamen am 26. und 27. Juli 100 Delegationen aus 30 L\u00e4ndern zusammen, um \u00fcber die aktuelle Lage in Afghanistan und die zuk\u00fcnftigen Entwicklungsm\u00f6glichkeiten zu sprechen. Die Konferenz wurde vom usbekischen Pr\u00e4sidenten Shavkat Mirziyoyev einberufen, der die internationale Gemeinschaft nachdr\u00fccklich dazu aufforderte, Afghanistan wirtschaftlich und politisch zu stabilisieren.<\/p>\n\n\n\n<p>Die Mitglieder der afghanischen Delegation, die unter der Leitung des amtierenden Au\u00dfenministers Amir Khan Muttaqi an der Konferenz teilnahmen, zeigten sich optimistisch und verk\u00fcndeten, da\u00df ihre Regierung Schritte unternommen habe, um die internationalen Anforderungen zu erf\u00fcllen und westliche Investitionen zu erhalten. In diesem Zusammenhang forderten sie die USA und ihre westlichen Verb\u00fcndeten auf, die im August 2021 nach der Macht\u00fcbernahme durch die Taliban illegal beschlagnahmten Gelder in H\u00f6he von 9 Milliarden Dollar freizugeben. Der Vertreter Ru\u00dflands, Zamir Kubilov, bezeichnete die Beschlagnahmung dieser Gelder durch den Westen als \u201eglatten Raub\u201c, berichtete <em>TASS<\/em>.<\/p>\n<!-- AddThis Advanced Settings generic via filter on the_content --><!-- AddThis Share Buttons generic via filter on the_content -->","protected":false},"excerpt":{"rendered":"<p>28. Juli 2022 (EIRNS) &#8211; Auf einer zweit\u00e4gigen Konferenz in Taschkent (Usbekistan), kamen am 26. und 27. Juli 100 Delegationen aus 30 L\u00e4ndern zusammen, um \u00fcber die aktuelle Lage in Afghanistan und die zuk\u00fcnftigen Entwicklungsm\u00f6glichkeiten zu sprechen. Die Konferenz wurde vom usbekischen Pr\u00e4sidenten Shavkat Mirziyoyev&hellip;<!-- AddThis Advanced Settings generic via filter on get_the_excerpt --><!-- AddThis Share Buttons generic via filter on get_the_excerpt --><\/p>\n","protected":false},"author":34,"featured_media":89532,"comment_status":"open","ping_status":"closed","sticky":false,"template":"","format":"standard","meta":{"_lmt_disableupdate":"","_lmt_disable":"","footnotes":""},"categories":[37],"tags":[],"class_list":["post-89531","post","type-post","status-publish","format-standard","has-post-thumbnail","hentry","category-allgemein-de"],"featured_image_src":"https:\/\/schillerinstitute.com\/wp-content\/uploads\/2022\/07\/President_of_Uzbekistan_Shavkat_Mirziyoyev_Signs_the_Department_of_State_Guest_Book_41454516094.jpg","author_info":{"display_name":"madeleine","author_link":"https:\/\/schillerinstitute.com\/de\/blog\/author\/madeleine\/"},"modified_by":"madeleine","cc_featured_image_caption":{"caption_text":"","source_text":"","source_url":""},"_links":{"self":[{"href":"https:\/\/schillerinstitute.com\/de\/wp-json\/wp\/v2\/posts\/89531","targetHints":{"allow":["GET"]}}],"collection":[{"href":"https:\/\/schillerinstitute.com\/de\/wp-json\/wp\/v2\/posts"}],"about":[{"href":"https:\/\/schillerinstitute.com\/de\/wp-json\/wp\/v2\/types\/post"}],"author":[{"embeddable":true,"href":"https:\/\/schillerinstitute.com\/de\/wp-json\/wp\/v2\/users\/34"}],"replies":[{"embeddable":true,"href":"https:\/\/schillerinstitute.com\/de\/wp-json\/wp\/v2\/comments?post=89531"}],"version-history":[{"count":1,"href":"https:\/\/schillerinstitute.com\/de\/wp-json\/wp\/v2\/posts\/89531\/revisions"}],"predecessor-version":[{"id":89542,"href":"https:\/\/schillerinstitute.com\/de\/wp-json\/wp\/v2\/posts\/89531\/revisions\/89542"}],"wp:featuredmedia":[{"embeddable":true,"href":"https:\/\/schillerinstitute.com\/de\/wp-json\/wp\/v2\/media\/89532"}],"wp:attachment":[{"href":"https:\/\/schillerinstitute.com\/de\/wp-json\/wp\/v2\/media?parent=89531"}],"wp:term":[{"taxonomy":"category","embeddable":true,"href":"https:\/\/schillerinstitute.com\/de\/wp-json\/wp\/v2\/categories?post=89531"},{"taxonomy":"post_tag","embeddable":true,"href":"https:\/\/schillerinstitute.com\/de\/wp-json\/wp\/v2\/tags?post=89531"}],"curies":[{"name":"wp","href":"https:\/\/api.w.org\/{rel}","templated":true}]}}