{"id":89163,"date":"2022-07-10T09:47:37","date_gmt":"2022-07-10T13:47:37","guid":{"rendered":"https:\/\/schillerinstitute.com\/?p=89163"},"modified":"2022-07-10T09:47:40","modified_gmt":"2022-07-10T13:47:40","slug":"landwirte-in-ganz-europa-stehen-auf","status":"publish","type":"post","link":"https:\/\/schillerinstitute.com\/de\/blog\/2022\/07\/10\/landwirte-in-ganz-europa-stehen-auf\/","title":{"rendered":"Landwirte in ganz Europa stehen auf"},"content":{"rendered":"\n<p>8. Juli 2022 (EIRNS) \u2013 Ermutigt durch die Proteste in den Niederlanden stehen jetzt Bauern auch in anderen europ\u00e4ischen L\u00e4ndern auf. Die italienische Twitter-Seite <em>Radiogenova<\/em> hat \u00fcber die Aktionen von niederl\u00e4ndischen, deutschen, polnischen, italienischen und spanischen Landwirte berichtet: am 1. Juli \u00fcber die spanischen und gestern \u00fcber die polnischen Proteste: \u201ePolnische Bauern erheben sich auch in Warschau: &#8218;Das reicht jetzt! Wir lassen uns nicht ausrauben!&#8216; Sie beschuldigen die politische Klasse, die Produktion zu behindern, indem Zinss\u00e4tze angehoben werden, was die Inflation nicht stoppt: &#8218;Wir Arbeiter k\u00f6nnen nicht f\u00fcr die von den Politikern verursachte Krise bezahlen!&#8217;\u201c<\/p>\n\n\n\n<p>Mehrere unabh\u00e4ngige regionale Bauernverb\u00e4nde haben in Italien Protestaktionen gestartet. Am 6. Juli veranstalteten Landwirte in Kalabrien, unterst\u00fctzt von Kollegen aus Sardinien und Latium, eine Traktor-Demonstration in Lamezia Terme (Kalabrien) unter dem Motto \u201eStoppt die Spekulanten, die die Landwirte ruinieren\u201c. In einer Pressemitteilung des \u201eMovimento Territorio e Agricoltura\u201c (MTA) hei\u00dft es, die Aktion richte sich gegen \u201edie Politiker\u201c, die, \u201eanstatt auf die Forderungen der Erzeuger zu h\u00f6ren\u201c, diejenigen sch\u00fctzen, die die italienische Landwirtschaft \u201ein eine gro\u00dfe Handelsplattform in den H\u00e4nden der Finanzspekulation\u201c verwandeln wollen. Die italienischen Landwirte k\u00f6nnen bei den derzeitigen Produktionskosten, insbesondere f\u00fcr Treibstoff, aber auch f\u00fcr D\u00fcngemittel, Saatgut usw. nicht \u00fcberleben. In der Erkl\u00e4rung hei\u00dft es, da\u00df der Demonstration in Lamezia Terme \u00e4hnliche Demonstrationen in ganz Italien folgen werden.<\/p>\n<!-- AddThis Advanced Settings generic via filter on the_content --><!-- AddThis Share Buttons generic via filter on the_content -->","protected":false},"excerpt":{"rendered":"<p>8. Juli 2022 (EIRNS) \u2013 Ermutigt durch die Proteste in den Niederlanden stehen jetzt Bauern auch in anderen europ\u00e4ischen L\u00e4ndern auf. Die italienische Twitter-Seite Radiogenova hat \u00fcber die Aktionen von niederl\u00e4ndischen, deutschen, polnischen, italienischen und spanischen Landwirte berichtet: am 1. Juli \u00fcber die spanischen und&hellip;<!-- AddThis Advanced Settings generic via filter on get_the_excerpt --><!-- AddThis Share Buttons generic via filter on get_the_excerpt --><\/p>\n","protected":false},"author":34,"featured_media":89139,"comment_status":"open","ping_status":"closed","sticky":false,"template":"","format":"standard","meta":{"_lmt_disableupdate":"","_lmt_disable":"","footnotes":""},"categories":[652,653,649,654,650],"tags":[],"class_list":["post-89163","post","type-post","status-publish","format-standard","has-post-thumbnail","hentry","category-652","category-653","category-649","category-654","category-650"],"featured_image_src":"https:\/\/schillerinstitute.com\/wp-content\/uploads\/2022\/07\/german_tractorcade.jpg","author_info":{"display_name":"madeleine","author_link":"https:\/\/schillerinstitute.com\/de\/blog\/author\/madeleine\/"},"modified_by":"madeleine","cc_featured_image_caption":{"caption_text":"","source_text":"","source_url":""},"_links":{"self":[{"href":"https:\/\/schillerinstitute.com\/de\/wp-json\/wp\/v2\/posts\/89163","targetHints":{"allow":["GET"]}}],"collection":[{"href":"https:\/\/schillerinstitute.com\/de\/wp-json\/wp\/v2\/posts"}],"about":[{"href":"https:\/\/schillerinstitute.com\/de\/wp-json\/wp\/v2\/types\/post"}],"author":[{"embeddable":true,"href":"https:\/\/schillerinstitute.com\/de\/wp-json\/wp\/v2\/users\/34"}],"replies":[{"embeddable":true,"href":"https:\/\/schillerinstitute.com\/de\/wp-json\/wp\/v2\/comments?post=89163"}],"version-history":[{"count":1,"href":"https:\/\/schillerinstitute.com\/de\/wp-json\/wp\/v2\/posts\/89163\/revisions"}],"predecessor-version":[{"id":89164,"href":"https:\/\/schillerinstitute.com\/de\/wp-json\/wp\/v2\/posts\/89163\/revisions\/89164"}],"wp:featuredmedia":[{"embeddable":true,"href":"https:\/\/schillerinstitute.com\/de\/wp-json\/wp\/v2\/media\/89139"}],"wp:attachment":[{"href":"https:\/\/schillerinstitute.com\/de\/wp-json\/wp\/v2\/media?parent=89163"}],"wp:term":[{"taxonomy":"category","embeddable":true,"href":"https:\/\/schillerinstitute.com\/de\/wp-json\/wp\/v2\/categories?post=89163"},{"taxonomy":"post_tag","embeddable":true,"href":"https:\/\/schillerinstitute.com\/de\/wp-json\/wp\/v2\/tags?post=89163"}],"curies":[{"name":"wp","href":"https:\/\/api.w.org\/{rel}","templated":true}]}}