{"id":89161,"date":"2022-07-10T09:46:29","date_gmt":"2022-07-10T13:46:29","guid":{"rendered":"https:\/\/schillerinstitute.com\/?p=89161"},"modified":"2022-07-10T09:46:32","modified_gmt":"2022-07-10T13:46:32","slug":"beijing-unterstuetzt-formell-den-beitritt-argentiniens-zu-den-brics","status":"publish","type":"post","link":"https:\/\/schillerinstitute.com\/de\/blog\/2022\/07\/10\/beijing-unterstuetzt-formell-den-beitritt-argentiniens-zu-den-brics\/","title":{"rendered":"Beijing unterst\u00fctzt formell den Beitritt Argentiniens zu den BRICS"},"content":{"rendered":"\n<p>8. Juli (EIRNS) &#8211; Bei seinem Treffen mit dem argentinischen Au\u00dfenminister Santiago Cafiero am Rande des Treffens der G20-Au\u00dfenminister auf Bali (Indonesien) hat Chinas Staatsrat und Au\u00dfenminister Wang Yi Argentinien Beijings formelle Unterst\u00fctzung f\u00fcr den Beitritt zur BRICS-Gruppe (Brasilien, Ru\u00dfland, Indien, China und S\u00fcdafrika) angeboten. Cafiero erkl\u00e4rte gegen\u00fcber der staatlichen Nachrichtenagentur <em>Telam<\/em>: \u201eChina hat in diesem Jahr den Vorsitz der BRICS inne, und seine Unterst\u00fctzung und sein Engagement f\u00fcr den Beitritt unseres Landes sind von grundlegender Bedeutung.\u201c Bei ihrem Treffen betonte Wang Yi die Bedeutung von Pr\u00e4sident Alberto Fern\u00e1ndez&#8216; Teilnahme am BRICS-Plus-Treffen am 24. Juni und seines Besuchs in Beijing im Februar diesen Jahres, als Argentinien offiziell der Belt and Road Initiative beigetreten sei.<\/p>\n\n\n\n<p>Die beiden Au\u00dfenminister sprachen auch \u00fcber die Rolle Argentiniens, das turnusm\u00e4\u00dfig den Vorsitz der Gemeinschaft Lateinamerikanischer und Karibischer Staaten (CELAC) innehat, in deren Rahmen Argentinien den Gemeinsamen Aktionsplan 2022-2024 zwischen China und der CELAC f\u00f6rdert. Nach Angaben des argentinischen Au\u00dfenministeriums erkl\u00e4rte Cafiero gegen\u00fcber Wang Yi, da\u00df sein Land einen Beitrag zur BRICS leisten k\u00f6nne, indem es seine Stimme zur Verteidigung der Interessen der Entwicklungsl\u00e4nder erhebe und verst\u00e4rke.<\/p>\n\n\n\n<p><em><a href=\"https:\/\/www.telam.com.ar\/notas\/202207\/597753-relaciones-exteriores-g20-bali-indonesia-canciller-santiago-cafiero-china-wang-yi.html; https:\/\/www.cancilleria.gob.ar\/es\/actualidad\/noticias\/argentina-consiguio-el-respaldo-de-china-para-ingresar-los-brics\" data-type=\"URL\" data-id=\"https:\/\/www.telam.com.ar\/notas\/202207\/597753-relaciones-exteriores-g20-bali-indonesia-canciller-santiago-cafiero-china-wang-yi.html; https:\/\/www.cancilleria.gob.ar\/es\/actualidad\/noticias\/argentina-consiguio-el-respaldo-de-china-para-ingresar-los-brics\" target=\"_blank\" rel=\"noreferrer noopener\">Telam<\/a><\/em> merkte an, da\u00df die Mitgliedschaft in den BRICS Argentinien die M\u00f6glichkeit bieten k\u00f6nnte, sich von dem Dollar-basierten Finanzsystem und den damit verbundenen Beschr\u00e4nkungen f\u00fcr die makro\u00f6konomischen Entwicklung des Landes zu befreien. Argentinien brauche neue Finanzierungsquellen f\u00fcr seine gro\u00dfen Infrastrukturprojekte. Die BRICS k\u00f6nnten eine entscheidende Rolle bei der \u201eF\u00f6rderung einer neuen internationalen Finanzarchitektur durch ihre Neue Entwicklungsbank\u201c, die BRICS-Bank, spielen. Die Neue Entwicklungsbank, so betonte Cafiero, \u201espielt eine Schl\u00fcsselrolle in der internationalen finanziellen Zusammenarbeit und bei der F\u00f6rderung der Agenda des Globalen S\u00fcdens und der von ihm geforderten strukturellen Ver\u00e4nderungen.\u201c<\/p>\n<!-- AddThis Advanced Settings generic via filter on the_content --><!-- AddThis Share Buttons generic via filter on the_content -->","protected":false},"excerpt":{"rendered":"<p>8. Juli (EIRNS) &#8211; Bei seinem Treffen mit dem argentinischen Au\u00dfenminister Santiago Cafiero am Rande des Treffens der G20-Au\u00dfenminister auf Bali (Indonesien) hat Chinas Staatsrat und Au\u00dfenminister Wang Yi Argentinien Beijings formelle Unterst\u00fctzung f\u00fcr den Beitritt zur BRICS-Gruppe (Brasilien, Ru\u00dfland, Indien, China und S\u00fcdafrika) angeboten.&hellip;<!-- AddThis Advanced Settings generic via filter on get_the_excerpt --><!-- AddThis Share Buttons generic via filter on get_the_excerpt --><\/p>\n","protected":false},"author":34,"featured_media":89126,"comment_status":"open","ping_status":"closed","sticky":false,"template":"","format":"standard","meta":{"_lmt_disableupdate":"","_lmt_disable":"","footnotes":""},"categories":[713,652,649,670,671],"tags":[],"class_list":["post-89161","post","type-post","status-publish","format-standard","has-post-thumbnail","hentry","category-713","category-652","category-649","category-670","category-671"],"featured_image_src":"https:\/\/schillerinstitute.com\/wp-content\/uploads\/2022\/07\/brics_logo.jpg","author_info":{"display_name":"madeleine","author_link":"https:\/\/schillerinstitute.com\/de\/blog\/author\/madeleine\/"},"modified_by":"madeleine","cc_featured_image_caption":{"caption_text":"","source_text":"","source_url":""},"_links":{"self":[{"href":"https:\/\/schillerinstitute.com\/de\/wp-json\/wp\/v2\/posts\/89161","targetHints":{"allow":["GET"]}}],"collection":[{"href":"https:\/\/schillerinstitute.com\/de\/wp-json\/wp\/v2\/posts"}],"about":[{"href":"https:\/\/schillerinstitute.com\/de\/wp-json\/wp\/v2\/types\/post"}],"author":[{"embeddable":true,"href":"https:\/\/schillerinstitute.com\/de\/wp-json\/wp\/v2\/users\/34"}],"replies":[{"embeddable":true,"href":"https:\/\/schillerinstitute.com\/de\/wp-json\/wp\/v2\/comments?post=89161"}],"version-history":[{"count":1,"href":"https:\/\/schillerinstitute.com\/de\/wp-json\/wp\/v2\/posts\/89161\/revisions"}],"predecessor-version":[{"id":89162,"href":"https:\/\/schillerinstitute.com\/de\/wp-json\/wp\/v2\/posts\/89161\/revisions\/89162"}],"wp:featuredmedia":[{"embeddable":true,"href":"https:\/\/schillerinstitute.com\/de\/wp-json\/wp\/v2\/media\/89126"}],"wp:attachment":[{"href":"https:\/\/schillerinstitute.com\/de\/wp-json\/wp\/v2\/media?parent=89161"}],"wp:term":[{"taxonomy":"category","embeddable":true,"href":"https:\/\/schillerinstitute.com\/de\/wp-json\/wp\/v2\/categories?post=89161"},{"taxonomy":"post_tag","embeddable":true,"href":"https:\/\/schillerinstitute.com\/de\/wp-json\/wp\/v2\/tags?post=89161"}],"curies":[{"name":"wp","href":"https:\/\/api.w.org\/{rel}","templated":true}]}}