{"id":87345,"date":"2022-05-01T18:21:59","date_gmt":"2022-05-01T22:21:59","guid":{"rendered":"https:\/\/schillerinstitute.com\/?p=87345"},"modified":"2022-05-01T18:23:38","modified_gmt":"2022-05-01T22:23:38","slug":"webcast-deutschland-darf-sich-nicht-in-den-nuklearkrieg-mit-russland-ziehen-lassen","status":"publish","type":"post","link":"https:\/\/schillerinstitute.com\/de\/blog\/2022\/05\/01\/webcast-deutschland-darf-sich-nicht-in-den-nuklearkrieg-mit-russland-ziehen-lassen\/","title":{"rendered":"Webcast: Deutschland darf sich nicht in den Nuklearkrieg mit Ru\u00dfland ziehen lassen!"},"content":{"rendered":"\n<p>In einer gestern ver\u00f6ffentlichten Erkl\u00e4rung zur Kehrtwende der deutschen Regierung zur Lieferung schwerer Waffen an die Ukraine fragte die Vorsitzende des Schiller-Instituts, Helga Zepp-LaRouche: \u201eHat der Bundestag seinen Verstand verloren?\u201c Zu diesem und anderen Anzeichen daf\u00fcr, da\u00df die US-NATO-Eskalation gegen Ru\u00dfland kurz davor steht, die von Ru\u00dfland bez\u00fcglich seiner Sicherheitsinteressen gezogenen roten Linien zu \u00fcberschreiten, sagte sie, es sei dringend notwendig, den gegenw\u00e4rtigen gef\u00e4hrlichen Kurs zu verlassen und zur Diplomatie zur\u00fcckzukehren. Der ehemalige stellvertretende Generalstaatsanwalt von Ronald Reagan, Bruce Fein, sagte, da\u00df Putin das Recht habe, die L\u00e4nder anzugreifen, die sich im Sinne des V\u00f6lkerrechts zu \u201eMit-Kriegstreibern\u201c machten.<\/p>\n\n\n\n<figure class=\"wp-block-embed is-type-video is-provider-youtube wp-block-embed-youtube wp-embed-aspect-16-9 wp-has-aspect-ratio\"><div class=\"wp-block-embed__wrapper\">\n<iframe loading=\"lazy\" title=\"Deutschland darf sich nicht in den Nuklearkrieg mit Ru\u00dfland ziehen lassen!\" width=\"960\" height=\"540\" src=\"https:\/\/www.youtube.com\/embed\/kfzkcBgUKZQ?feature=oembed\" frameborder=\"0\" allow=\"accelerometer; autoplay; clipboard-write; encrypted-media; gyroscope; picture-in-picture\" allowfullscreen><\/iframe>\n<\/div><\/figure>\n\n\n\n<p>Als Paradebeispiel f\u00fcr diesen Irrsinn nannte sie die \u00c4u\u00dferungen des deutschen Au\u00dfenministers Baerbock, es gebe \u201ekeinen Weg zur\u00fcck\u201c in die Vorkriegszeit. K\u00f6nnen die Nationen nicht zugeben, da\u00df der gegenw\u00e4rtige Kurs falsch ist? Warum versch\u00e4rfen die westlichen Staaten ihre Angriffe auf Ru\u00dfland und China in einer Zeit, in der fast ein F\u00fcnftel der Weltbev\u00f6lkerung vom Hungertod bedroht ist? Es ist nicht \u00fcberraschend, da\u00df viele ehemalige Kolonialstaaten sich weigern, die USA und die NATO zu unterst\u00fctzen. Sie sagte, da\u00df Chinas Schwerpunkt auf experimentellen Projekten zur Saatgutentwicklung, um Hunger zu bek\u00e4mpfen bei den ehemals kolonisierten Nationen auf Resonanz st\u00f6\u00dft. Warum haben die westlichen Nationen nichts unternommen, um dieses Problem anzugehen?<\/p>\n\n\n\n<p>Sie schlo\u00df mit einer kurzen Zusammenfassung des Engagements ihres verstorbenen Mannes f\u00fcr die Schaffung eines neuen Finanzsystems als Grundlage f\u00fcr den Frieden, das ihrem Aufruf und der Mobilisierung des Schiller-Instituts f\u00fcr eine neue strategische und finanzielle Architektur zugrunde liegt. Sie forderte die Zuschauer auf, sich uns anzuschlie\u00dfen, um dies zu erreichen.<\/p>\n\n\n\n<div class=\"wp-block-buttons is-layout-flex wp-block-buttons-is-layout-flex\">\n<div class=\"wp-block-button\"><a class=\"wp-block-button__link has-vivid-cyan-blue-background-color has-background\" href=\"https:\/\/schillerinstitute.com\/de\/blog\/2022\/02\/24\/petition-fuer-eine-internationale-konferenz-zur-schaffung-einer-neuen-sicherheits-und-entwicklungsarchitektur-fuer-alle-nationen\/\" target=\"_blank\" rel=\"noreferrer noopener\"><strong>Petition: F\u00fcr eine internationale Konferenz zur Schaffung einer neuen Sicherheits- und Entwicklungsarchitektur f\u00fcr alle Nationen!<\/strong><\/a><\/div>\n<\/div>\n<!-- AddThis Advanced Settings generic via filter on the_content --><!-- AddThis Share Buttons generic via filter on the_content -->","protected":false},"excerpt":{"rendered":"<p>In einer gestern ver\u00f6ffentlichten Erkl\u00e4rung zur Kehrtwende der deutschen Regierung zur Lieferung schwerer Waffen an die Ukraine fragte die Vorsitzende des Schiller-Instituts, Helga Zepp-LaRouche: \u201eHat der Bundestag seinen Verstand verloren?\u201c Zu diesem und anderen Anzeichen daf\u00fcr, da\u00df die US-NATO-Eskalation gegen Ru\u00dfland kurz davor steht, die&hellip;<!-- AddThis Advanced Settings generic via filter on get_the_excerpt --><!-- AddThis Share Buttons generic via filter on get_the_excerpt --><\/p>\n","protected":false},"author":34,"featured_media":87129,"comment_status":"open","ping_status":"closed","sticky":false,"template":"","format":"standard","meta":{"_lmt_disableupdate":"no","_lmt_disable":"","footnotes":""},"categories":[651,679,684,657,537,438,471,462],"tags":[],"class_list":["post-87345","post","type-post","status-publish","format-standard","has-post-thumbnail","hentry","category-651","category-679","category-684","category-657","category-hzl-video-de","category-helga-zepp-larouche-de","category-webcast-de","category-webcast-mit-helga-zepp-larouche"],"featured_image_src":"https:\/\/schillerinstitute.com\/wp-content\/uploads\/2022\/04\/For-a-Conference-to-Establish-a-New-Security-Development-Architecture-\u2014Plenary-Session-and-Panel-1.03_15_27_10.Still001.jpg","author_info":{"display_name":"madeleine","author_link":"https:\/\/schillerinstitute.com\/de\/blog\/author\/madeleine\/"},"modified_by":"madeleine","cc_featured_image_caption":{"caption_text":"","source_text":"","source_url":""},"_links":{"self":[{"href":"https:\/\/schillerinstitute.com\/de\/wp-json\/wp\/v2\/posts\/87345","targetHints":{"allow":["GET"]}}],"collection":[{"href":"https:\/\/schillerinstitute.com\/de\/wp-json\/wp\/v2\/posts"}],"about":[{"href":"https:\/\/schillerinstitute.com\/de\/wp-json\/wp\/v2\/types\/post"}],"author":[{"embeddable":true,"href":"https:\/\/schillerinstitute.com\/de\/wp-json\/wp\/v2\/users\/34"}],"replies":[{"embeddable":true,"href":"https:\/\/schillerinstitute.com\/de\/wp-json\/wp\/v2\/comments?post=87345"}],"version-history":[{"count":6,"href":"https:\/\/schillerinstitute.com\/de\/wp-json\/wp\/v2\/posts\/87345\/revisions"}],"predecessor-version":[{"id":87351,"href":"https:\/\/schillerinstitute.com\/de\/wp-json\/wp\/v2\/posts\/87345\/revisions\/87351"}],"wp:featuredmedia":[{"embeddable":true,"href":"https:\/\/schillerinstitute.com\/de\/wp-json\/wp\/v2\/media\/87129"}],"wp:attachment":[{"href":"https:\/\/schillerinstitute.com\/de\/wp-json\/wp\/v2\/media?parent=87345"}],"wp:term":[{"taxonomy":"category","embeddable":true,"href":"https:\/\/schillerinstitute.com\/de\/wp-json\/wp\/v2\/categories?post=87345"},{"taxonomy":"post_tag","embeddable":true,"href":"https:\/\/schillerinstitute.com\/de\/wp-json\/wp\/v2\/tags?post=87345"}],"curies":[{"name":"wp","href":"https:\/\/api.w.org\/{rel}","templated":true}]}}