{"id":87102,"date":"2022-04-25T11:40:40","date_gmt":"2022-04-25T15:40:40","guid":{"rendered":"https:\/\/schillerinstitute.com\/?p=87102"},"modified":"2022-04-25T12:21:07","modified_gmt":"2022-04-25T16:21:07","slug":"konferenzteaser-die-schaffung-einer-neuen-sicherheits-und-entwicklungsarchitektur-fuer-alle-nationen","status":"publish","type":"post","link":"https:\/\/schillerinstitute.com\/de\/blog\/2022\/04\/25\/konferenzteaser-die-schaffung-einer-neuen-sicherheits-und-entwicklungsarchitektur-fuer-alle-nationen\/","title":{"rendered":"Konferenzteaser: Die Schaffung einer neuen Sicherheits-und Entwicklungsarchitektur f\u00fcr alle Nationen"},"content":{"rendered":"\n<figure class=\"wp-block-embed is-type-video is-provider-youtube wp-block-embed-youtube wp-embed-aspect-4-3 wp-has-aspect-ratio\"><div class=\"wp-block-embed__wrapper\">\n<iframe loading=\"lazy\" title=\"Konferenzteaser: Die Schaffung einer neuen Sicherheits-und Entwicklungsarchitektur f\u00fcr alle Nationen\" width=\"960\" height=\"720\" src=\"https:\/\/www.youtube.com\/embed\/BRuS5LNL2f4?start=1&#038;feature=oembed\" frameborder=\"0\" allow=\"accelerometer; autoplay; clipboard-write; encrypted-media; gyroscope; picture-in-picture\" allowfullscreen><\/iframe>\n<\/div><\/figure>\n\n\n\n<p><strong><a rel=\"noreferrer noopener\" href=\"https:\/\/schillerinstitute.com\/de\/blog\/2022\/03\/18\/internet-konferenz-am-9-april-2022-die-schaffung-einer-neuen-sicherheits-und-entwicklungsarchitektur-fuer-alle-nationen\/\" data-type=\"URL\" data-id=\"https:\/\/schillerinstitute.com\/de\/blog\/2022\/03\/18\/internet-konferenz-am-9-april-2022-die-schaffung-einer-neuen-sicherheits-und-entwicklungsarchitektur-fuer-alle-nationen\/\" target=\"_blank\">Schauen Sie sich die ganze Konferenz an<\/a>. <\/strong><\/p>\n\n\n\n<p><strong><a href=\"https:\/\/schillerinstitute.com\/de\/blog\/2022\/02\/24\/petition-fuer-eine-internationale-konferenz-zur-schaffung-einer-neuen-sicherheits-und-entwicklungsarchitektur-fuer-alle-nationen\/\" data-type=\"URL\" data-id=\"https:\/\/schillerinstitute.com\/de\/blog\/2022\/02\/24\/petition-fuer-eine-internationale-konferenz-zur-schaffung-einer-neuen-sicherheits-und-entwicklungsarchitektur-fuer-alle-nationen\/\" target=\"_blank\" rel=\"noreferrer noopener\">Petition: F\u00fcr eine internationale Konferenz zur Schaffung einer neuen Sicherheits- und Entwicklungsarchitektur f\u00fcr alle Nationen!<\/a><\/strong><\/p>\n\n\n\n<p>&#8222;Wie verschieden auch die Bestimmung sei, die in der b\u00fcrgerlichen Gesellschaft Sie erwartet &#8211; etwas dazusteuern k\u00f6nnen Sie alle!&#8220; &#8211; Friedrich Schiller<\/p>\n<!-- AddThis Advanced Settings generic via filter on the_content --><!-- AddThis Share Buttons generic via filter on the_content -->","protected":false},"excerpt":{"rendered":"<p>Schauen Sie sich die ganze Konferenz an. Petition: F\u00fcr eine internationale Konferenz zur Schaffung einer neuen Sicherheits- und Entwicklungsarchitektur f\u00fcr alle Nationen! &#8222;Wie verschieden auch die Bestimmung sei, die in der b\u00fcrgerlichen Gesellschaft Sie erwartet &#8211; etwas dazusteuern k\u00f6nnen Sie alle!&#8220; &#8211; Friedrich Schiller<!-- AddThis Advanced Settings generic via filter on get_the_excerpt --><!-- AddThis Share Buttons generic via filter on get_the_excerpt --><\/p>\n","protected":false},"author":34,"featured_media":87104,"comment_status":"open","ping_status":"closed","sticky":false,"template":"","format":"standard","meta":{"_lmt_disableupdate":"no","_lmt_disable":"","footnotes":""},"categories":[651],"tags":[],"class_list":["post-87102","post","type-post","status-publish","format-standard","has-post-thumbnail","hentry","category-651"],"featured_image_src":"https:\/\/schillerinstitute.com\/wp-content\/uploads\/2022\/04\/Kopie-von-Die-Schaffung-einer-neuen-Sicherheits-und-Entwicklungsarchitektur-fur-alle-Nationen.png","author_info":{"display_name":"madeleine","author_link":"https:\/\/schillerinstitute.com\/de\/blog\/author\/madeleine\/"},"modified_by":"madeleine","cc_featured_image_caption":{"caption_text":"","source_text":"","source_url":""},"_links":{"self":[{"href":"https:\/\/schillerinstitute.com\/de\/wp-json\/wp\/v2\/posts\/87102","targetHints":{"allow":["GET"]}}],"collection":[{"href":"https:\/\/schillerinstitute.com\/de\/wp-json\/wp\/v2\/posts"}],"about":[{"href":"https:\/\/schillerinstitute.com\/de\/wp-json\/wp\/v2\/types\/post"}],"author":[{"embeddable":true,"href":"https:\/\/schillerinstitute.com\/de\/wp-json\/wp\/v2\/users\/34"}],"replies":[{"embeddable":true,"href":"https:\/\/schillerinstitute.com\/de\/wp-json\/wp\/v2\/comments?post=87102"}],"version-history":[{"count":6,"href":"https:\/\/schillerinstitute.com\/de\/wp-json\/wp\/v2\/posts\/87102\/revisions"}],"predecessor-version":[{"id":87119,"href":"https:\/\/schillerinstitute.com\/de\/wp-json\/wp\/v2\/posts\/87102\/revisions\/87119"}],"wp:featuredmedia":[{"embeddable":true,"href":"https:\/\/schillerinstitute.com\/de\/wp-json\/wp\/v2\/media\/87104"}],"wp:attachment":[{"href":"https:\/\/schillerinstitute.com\/de\/wp-json\/wp\/v2\/media?parent=87102"}],"wp:term":[{"taxonomy":"category","embeddable":true,"href":"https:\/\/schillerinstitute.com\/de\/wp-json\/wp\/v2\/categories?post=87102"},{"taxonomy":"post_tag","embeddable":true,"href":"https:\/\/schillerinstitute.com\/de\/wp-json\/wp\/v2\/tags?post=87102"}],"curies":[{"name":"wp","href":"https:\/\/api.w.org\/{rel}","templated":true}]}}