{"id":86387,"date":"2022-03-29T03:15:16","date_gmt":"2022-03-29T07:15:16","guid":{"rendered":"https:\/\/schillerinstitute.com\/?p=86387"},"modified":"2022-03-29T03:19:33","modified_gmt":"2022-03-29T07:19:33","slug":"hunger-und-armut-in-haiti-auf-katastrophalem-niveau-waehrend-die-humanitaere-hilfe-zurueckgeht","status":"publish","type":"post","link":"https:\/\/schillerinstitute.com\/de\/blog\/2022\/03\/29\/hunger-und-armut-in-haiti-auf-katastrophalem-niveau-waehrend-die-humanitaere-hilfe-zurueckgeht\/","title":{"rendered":"Hunger und Armut in Haiti auf katastrophalem Niveau, w\u00e4hrend die humanit\u00e4re Hilfe zur\u00fcckgeht"},"content":{"rendered":"\n<p>24. M\u00e4rz (EIRNS) &#8211; Wie im Jemen, in Afghanistan und anderen verarmten L\u00e4ndern, berichten die UN-Organisationen, da\u00df die Mittel f\u00fcr humanit\u00e4re Hilfe in Haiti weit unter dem Bedarf liegen, was zu einem Anstieg von Hunger und Armut f\u00fchre. Wie in einer Pressemitteilung der Vereinten Nationen vom 22. M\u00e4rz berichtet wird, warnten Mitarbeiter des <a href=\"https:\/\/news.un.org\/en\/story\/2022\/03\/1114422\" data-type=\"URL\" data-id=\"https:\/\/news.un.org\/en\/story\/2022\/03\/1114422\" target=\"_blank\" rel=\"noreferrer noopener\">Weltern\u00e4hrungsprogramms in Port-au-Prince in einem Briefing f\u00fcr Medienvertreter<\/a> in Genf, da\u00df die geringer als erwartet ausgefallene humanit\u00e4re Nahrungsmittelhilfe in Verbindung mit den Folgen des Erdbebens vom August 2021 zu einer Situation gef\u00fchrt hat, in der \u201edie Hungersn\u00f6te unvermindert zunehmen, da die anhaltende politische Instabilit\u00e4t, die wachsende Inflation und die immer wiederkehrenden Katastrophen sich weiterhin gegen die Menschen in Haiti verschw\u00f6ren\u201c. Es wird prognostiziert, da\u00df dieses Jahr zwischen M\u00e4rz und Juni 45% der Bev\u00f6lkerung von schwerem Hunger betroffen sein werden, wovon sich sch\u00e4tzungsweise 1,3 Millionen in der \u201eNotfallphase\u201c der integrierten Klassifizierung der Ern\u00e4hrungssicherheitsphase (IPC) befinden werden. Am 22. M\u00e4rz, dem Weltwassertag, berichtete die Organisation International Action for Human Rights (IAHR), da\u00df 45% der 11 Millionen Einwohner Haitis keinen Zugang zu Trinkwasser haben.<\/p>\n\n\n\n<p>Hintergrund dieser Katastrophe ist die dysfunktionale Regierung des diskreditierten Interimspremierministers Ariel Henry, der nur deshalb im Amt bleibt, weil die Regierung Biden ihn dort haben will, obwohl er in die Ermordung des Pr\u00e4sidenten Jovenel Moise im Juli 2021 verwickelt ist und die Ermittlungen dazu v\u00f6llig lahmgelegt sind. Henry weigert sich, eine Einigung mit seinen Gegnern in der Zivilgesellschaft zu erzielen, die die Einsetzung einer zweij\u00e4hrigen \u00dcbergangsregierung vorschlagen, um dem Land Zeit zur Stabilisierung zu geben. Irrationalerweise beharrt er darauf, in diesem Jahr Wahlen abzuhalten, w\u00e4hrend die Sicherheitslage au\u00dfer Kontrolle geraten ist und Entf\u00fchrungen durch bewaffnete Banden B\u00fcrger aller Gesellschaftsschichten treffen, die \u00c4rzte aus Krankenh\u00e4usern, sowie Lehrer und Sch\u00fcler aus den Klassenzimmern entf\u00fchren, und obendrein eine Epidemie, die sich in den letzten Monaten noch verschlimmert hat.<\/p>\n\n\n\n<p>Laut <em>Le Nouvelliste<\/em> vom 4. M\u00e4rz haben die Banden, die wichtige Stra\u00dfen kontrollieren, vier Departements (Provinzen) des sogenannten Gro\u00dfen S\u00fcdens vom Rest des Landes abgeschnitten, so da\u00df der Transport von Lebensmitteln und anderen lebensnotwendigen G\u00fctern in dieses Gebiet sehr riskant, wenn nicht gar unm\u00f6glich wurde. Schon vor der Ukraine\/Ru\u00dfland-Krise grassierte die Inflation, doch inzwischen verschlimmert sie sich weiter durch in die H\u00f6he schnellende Preise f\u00fcr Lebensmittel und Treibstoff, was diese Produkte unerschwinglich macht. Haiti importiert den Gro\u00dfteil seiner Lebensmittel und D\u00fcngemittel. Patrick David, Leitender Programmkoordinator der Ern\u00e4hrungs- und Landwirtschaftsorganisation der Vereinten Nationen (FAO), wies auf die Auswirkungen der Ukraine-Krise hin, da die h\u00f6heren Preise f\u00fcr importierte Lebensmittel und D\u00fcngemittel aus der Ukraine zu einer noch h\u00f6heren Inflation beitragen werden. Laut David importiert Haiti Weizen haupts\u00e4chlich aus Ru\u00dfland, aber auch aus Kanada. \u201eWenn die Preise f\u00fcr Weizenmehl steigen, ist das ein Problem, und der Preis hat sich in zwei Jahren bereits verf\u00fcnffacht. Und wir m\u00fcssen bef\u00fcrchten, da\u00df er sich noch einmal vervielfachen wird.\u201c <\/p>\n<!-- AddThis Advanced Settings generic via filter on the_content --><!-- AddThis Share Buttons generic via filter on the_content -->","protected":false},"excerpt":{"rendered":"<p>24. M\u00e4rz (EIRNS) &#8211; Wie im Jemen, in Afghanistan und anderen verarmten L\u00e4ndern, berichten die UN-Organisationen, da\u00df die Mittel f\u00fcr humanit\u00e4re Hilfe in Haiti weit unter dem Bedarf liegen, was zu einem Anstieg von Hunger und Armut f\u00fchre. Wie in einer Pressemitteilung der Vereinten Nationen&hellip;<!-- AddThis Advanced Settings generic via filter on get_the_excerpt --><!-- AddThis Share Buttons generic via filter on get_the_excerpt --><\/p>\n","protected":false},"author":34,"featured_media":86290,"comment_status":"open","ping_status":"closed","sticky":false,"template":"","format":"standard","meta":{"_lmt_disableupdate":"no","_lmt_disable":"","footnotes":""},"categories":[652,653,649,769,756,768],"tags":[],"class_list":["post-86387","post","type-post","status-publish","format-standard","has-post-thumbnail","hentry","category-652","category-653","category-649","category-food-agriculture","category-haiti-allgemein-de","category-wfp"],"featured_image_src":"https:\/\/schillerinstitute.com\/wp-content\/uploads\/2022\/03\/Haiti-earthquake_WFP.jpg","author_info":{"display_name":"madeleine","author_link":"https:\/\/schillerinstitute.com\/de\/blog\/author\/madeleine\/"},"modified_by":"madeleine","cc_featured_image_caption":{"caption_text":"","source_text":"","source_url":""},"_links":{"self":[{"href":"https:\/\/schillerinstitute.com\/de\/wp-json\/wp\/v2\/posts\/86387","targetHints":{"allow":["GET"]}}],"collection":[{"href":"https:\/\/schillerinstitute.com\/de\/wp-json\/wp\/v2\/posts"}],"about":[{"href":"https:\/\/schillerinstitute.com\/de\/wp-json\/wp\/v2\/types\/post"}],"author":[{"embeddable":true,"href":"https:\/\/schillerinstitute.com\/de\/wp-json\/wp\/v2\/users\/34"}],"replies":[{"embeddable":true,"href":"https:\/\/schillerinstitute.com\/de\/wp-json\/wp\/v2\/comments?post=86387"}],"version-history":[{"count":2,"href":"https:\/\/schillerinstitute.com\/de\/wp-json\/wp\/v2\/posts\/86387\/revisions"}],"predecessor-version":[{"id":86389,"href":"https:\/\/schillerinstitute.com\/de\/wp-json\/wp\/v2\/posts\/86387\/revisions\/86389"}],"wp:featuredmedia":[{"embeddable":true,"href":"https:\/\/schillerinstitute.com\/de\/wp-json\/wp\/v2\/media\/86290"}],"wp:attachment":[{"href":"https:\/\/schillerinstitute.com\/de\/wp-json\/wp\/v2\/media?parent=86387"}],"wp:term":[{"taxonomy":"category","embeddable":true,"href":"https:\/\/schillerinstitute.com\/de\/wp-json\/wp\/v2\/categories?post=86387"},{"taxonomy":"post_tag","embeddable":true,"href":"https:\/\/schillerinstitute.com\/de\/wp-json\/wp\/v2\/tags?post=86387"}],"curies":[{"name":"wp","href":"https:\/\/api.w.org\/{rel}","templated":true}]}}