{"id":86380,"date":"2022-03-29T03:07:29","date_gmt":"2022-03-29T07:07:29","guid":{"rendered":"https:\/\/schillerinstitute.com\/?p=86380"},"modified":"2022-03-29T03:07:31","modified_gmt":"2022-03-29T07:07:31","slug":"600-unterzeichnen-appell-gegen-aufruestung-in-deutschland","status":"publish","type":"post","link":"https:\/\/schillerinstitute.com\/de\/blog\/2022\/03\/29\/600-unterzeichnen-appell-gegen-aufruestung-in-deutschland\/","title":{"rendered":"600 unterzeichnen Appell gegen Aufr\u00fcstung in Deutschland"},"content":{"rendered":"\n<p>24. M\u00e4rz (EIRNS) &#8211; Aufgeschreckt durch die Ank\u00fcndigung der Bundesregierung, 100 Milliarden Euro zus\u00e4tzlich f\u00fcr die Aufr\u00fcstung der Streitkr\u00e4fte auszugeben, haben 600 prominente Deutsche aus Politik, Wissenschaft und Kultur einen Appell \u201eNein zum Krieg!\u201c unterzeichnet, in dem sie den Krieg in der Ukraine anprangern, aber auch erkl\u00e4ren: \u201eEine massive Aufr\u00fcstung der Bundeswehr hilft den Menschen in der Ukraine nicht. Die neu anzuschaffenden Waffen werden die Ukrainer nicht in ihrem Kampf und ihrem Recht auf Selbstverteidigung unterst\u00fctzen. Schon jetzt \u00fcbersteigen die \u201eVerteidigungsausgaben\u201c aller 30 NATO-L\u00e4nder die russischen um beinahe das Zwanzigfache. Die Anschaffung von konventionellen Waffen wie Kampfjets und bewaffneten Drohnen zur Abschreckung unter atomaren Milit\u00e4rbl\u00f6cken ist sinnlos.\u201c<\/p>\n\n\n\n<p>Die Summe von 100 Milliarden Euro f\u00fcr R\u00fcstung entspreche den Ausgaben mehrerer Bundesministerien, darunter so wichtige Ressorts wie Gesundheit (16,03 Mrd.), Bildung und Forschung (19,36 Mrd.), Inneres, Bauen und Heimat (18,52 Mrd.), Familie, Senioren, Frauen und Jugend (12,16 Mrd.), Wirtschaft und Energie (9,81 Mrd.), Umwelt (2,7 Mrd.), Zusammenarbeit und Entwicklung (10,8 Mrd.) sowie Ern\u00e4hrung und Landwirtschaft (6,98 Mrd.). K\u00fcnftig sollen dauerhaft 2% des BIP f\u00fcr R\u00fcstung ausgegeben werden. Damit w\u00fcrden die Ausgaben auf weit \u00fcber 70 Milliarden Euro pro Jahr steigen.<\/p>\n\n\n\n<p>Da die Regierung an der Schwarzen Null festhalten wolle, m\u00fcsse mit massiven Einschnitten im sozialen, kulturellen und \u00f6ffentlichen Bereich gerechnet werden, hei\u00dft es in dem Appell, der darauf hinweist: \u201enicht Hochr\u00fcstung, sondern Sicherheit und soziale Gerechtigkeit sind Auftrag des Grundgesetzes\u201c. Der Appell schlie\u00dft mit den Worten: \u201eWir haben es mit einer Situation zu tun, in der unser Gesundheitssystem auf der Kippe steht, mit einer \u00f6ffentlichen Infrastruktur, die jahrzehntelang vernachl\u00e4ssigt wurde und uns jetzt teuer zu stehen kommt, mit einer Kulturszene, die auf Sparflamme l\u00e4uft, und mit einer Klimakatastrophe.\u201c<\/p>\n\n\n\n<p>Initiiert wurde der Aufruf unter anderem von den SPD-Politikern Andrea Ypsilanti und Jan Dieren, der Linken-Politikerin Julia Schramm, dem ehemaligen Gr\u00fcnen-Bundestagsabgeordneten Hans-Christian Str\u00f6bele, der Gr\u00fcnen-Jugendsprecherin Sarah-Lee Heinrich, der evangelischen Theologin Margot K\u00e4\u00dfmann, dem IG-Metall-Vorstand Hans-J\u00fcrgen Urban sowie den Schauspielerinnen Katja Riemann und Corinna Harfouch.<\/p>\n<!-- AddThis Advanced Settings generic via filter on the_content --><!-- AddThis Share Buttons generic via filter on the_content -->","protected":false},"excerpt":{"rendered":"<p>24. M\u00e4rz (EIRNS) &#8211; Aufgeschreckt durch die Ank\u00fcndigung der Bundesregierung, 100 Milliarden Euro zus\u00e4tzlich f\u00fcr die Aufr\u00fcstung der Streitkr\u00e4fte auszugeben, haben 600 prominente Deutsche aus Politik, Wissenschaft und Kultur einen Appell \u201eNein zum Krieg!\u201c unterzeichnet, in dem sie den Krieg in der Ukraine anprangern, aber&hellip;<!-- AddThis Advanced Settings generic via filter on get_the_excerpt --><!-- AddThis Share Buttons generic via filter on get_the_excerpt --><\/p>\n","protected":false},"author":34,"featured_media":86242,"comment_status":"open","ping_status":"closed","sticky":false,"template":"","format":"standard","meta":{"_lmt_disableupdate":"","_lmt_disable":"","footnotes":""},"categories":[652,653,657,530,96],"tags":[],"class_list":["post-86380","post","type-post","status-publish","format-standard","has-post-thumbnail","hentry","category-652","category-653","category-657","category-updates-geopolitics-de","category-weltkrieg-stoppen"],"featured_image_src":"https:\/\/schillerinstitute.com\/wp-content\/uploads\/2022\/03\/german_military.jpg","author_info":{"display_name":"madeleine","author_link":"https:\/\/schillerinstitute.com\/de\/blog\/author\/madeleine\/"},"modified_by":"madeleine","cc_featured_image_caption":{"caption_text":"","source_text":"","source_url":""},"_links":{"self":[{"href":"https:\/\/schillerinstitute.com\/de\/wp-json\/wp\/v2\/posts\/86380","targetHints":{"allow":["GET"]}}],"collection":[{"href":"https:\/\/schillerinstitute.com\/de\/wp-json\/wp\/v2\/posts"}],"about":[{"href":"https:\/\/schillerinstitute.com\/de\/wp-json\/wp\/v2\/types\/post"}],"author":[{"embeddable":true,"href":"https:\/\/schillerinstitute.com\/de\/wp-json\/wp\/v2\/users\/34"}],"replies":[{"embeddable":true,"href":"https:\/\/schillerinstitute.com\/de\/wp-json\/wp\/v2\/comments?post=86380"}],"version-history":[{"count":1,"href":"https:\/\/schillerinstitute.com\/de\/wp-json\/wp\/v2\/posts\/86380\/revisions"}],"predecessor-version":[{"id":86381,"href":"https:\/\/schillerinstitute.com\/de\/wp-json\/wp\/v2\/posts\/86380\/revisions\/86381"}],"wp:featuredmedia":[{"embeddable":true,"href":"https:\/\/schillerinstitute.com\/de\/wp-json\/wp\/v2\/media\/86242"}],"wp:attachment":[{"href":"https:\/\/schillerinstitute.com\/de\/wp-json\/wp\/v2\/media?parent=86380"}],"wp:term":[{"taxonomy":"category","embeddable":true,"href":"https:\/\/schillerinstitute.com\/de\/wp-json\/wp\/v2\/categories?post=86380"},{"taxonomy":"post_tag","embeddable":true,"href":"https:\/\/schillerinstitute.com\/de\/wp-json\/wp\/v2\/tags?post=86380"}],"curies":[{"name":"wp","href":"https:\/\/api.w.org\/{rel}","templated":true}]}}