{"id":86178,"date":"2022-03-25T03:08:53","date_gmt":"2022-03-25T07:08:53","guid":{"rendered":"https:\/\/schillerinstitute.com\/?p=86178"},"modified":"2022-03-25T03:08:55","modified_gmt":"2022-03-25T07:08:55","slug":"webcast-die-grossartigen-strategen-der-nato-denken-nicht-klar","status":"publish","type":"post","link":"https:\/\/schillerinstitute.com\/de\/blog\/2022\/03\/25\/webcast-die-grossartigen-strategen-der-nato-denken-nicht-klar\/","title":{"rendered":"Webcast: Die \u201egro\u00dfartigen\u201c Strategen der NATO denken nicht klar"},"content":{"rendered":"\n<p>Als Biden gestern zu Treffen mit \u201everb\u00fcndeten\u201c Staats- und Regierungschefs der NATO, der G7 und der EU nach Europa abreiste, gab es zahlreiche Erkl\u00e4rungen von US-Beamten, einschlie\u00dflich Biden, die eine Eskalation gegen Ru\u00dfland ank\u00fcndigten. Wenn von russischen \u201eKriegsverbrechen\u201c und einem Atomkrieg als \u201em\u00f6glicher Eventualit\u00e4t\u201c die Rede ist, zeigt sich, wie Zepp-LaRouche heute bemerkte, \u201edie Null-Kapazit\u00e4t\u201c, die strategische Krise zu durchdenken.<\/p>\n\n\n\n<figure class=\"wp-block-embed is-type-video is-provider-youtube wp-block-embed-youtube wp-embed-aspect-16-9 wp-has-aspect-ratio\"><div class=\"wp-block-embed__wrapper\">\n<iframe loading=\"lazy\" title=\"Die \u201egro\u00dfartigen&quot; Strategen der NATO denken nicht klar\" width=\"960\" height=\"540\" src=\"https:\/\/www.youtube.com\/embed\/-Ucp618Xd6s?feature=oembed\" frameborder=\"0\" allow=\"accelerometer; autoplay; clipboard-write; encrypted-media; gyroscope; picture-in-picture\" allowfullscreen><\/iframe>\n<\/div><\/figure>\n\n\n\n<p>Zepp-LaRouche konterte die im Westen vorherrschende \u201eGleichschritt\u201c-Erz\u00e4hlung, indem sie das Ziel dieser Sprache als Regimewechsel gegen Putin bezeichnete &#8211; aber mit welchem Ziel? Infolge der Eskalation der Sanktionen wird jetzt gesch\u00e4tzt, da\u00df bald 1 Milliarde Menschen von Nahrungsmittelknappheit bedroht sein werden &#8211; wer begeht eigentlich Kriegsverbrechen und verletzt die Menschenrechte?<\/p>\n\n\n\n<p>Sie sprach \u00fcber die Ironie, da\u00df die Atomkriegsdiskussion am 39. Jahrestages von Ronald Reagans Werben f\u00fcr das SDI ausbrach, f\u00fcr das ihr Mann Lyndon LaRouche einer der f\u00fchrenden Architekten gewesen war. LaRouches Idee, die den Kern von Reagans Vorschlag darstellte, war nicht einfach eine milit\u00e4rische Politik zur Verteidigung gegen einen Atomkrieg, sondern ein wirtschaftlicher Ansatz zur gemeinsamen Nutzung der fortschrittlichsten Technologien zum Nutzen aller Nationen. Diese Idee steht im Mittelpunkt der bevorstehenden Konferenz des Schiller-Instituts zur Schaffung einer neuen Sicherheits- und Finanzarchitektur, die das neokonservative, neoliberale System ersetzen soll, das heute implodiert.<\/p>\n\n\n\n<p>Unterst\u00fctzen Sie uns beim Aufbau dieser Konferenz. <\/p>\n\n\n<p><a href=\"https:\/\/schillerinstitute.com\/de\/blog\/2022\/03\/18\/internet-konferenz-am-9-april-2022-die-schaffung-einer-neuen-sicherheits-und-entwicklungsarchitektur-fuer-alle-nationen\/\" class=\"custom-button small\" data-newwindow=\"true\">Zur Anmeldung<\/a><\/p>\n\n\n<p> <\/p>\n<!-- AddThis Advanced Settings generic via filter on the_content --><!-- AddThis Share Buttons generic via filter on the_content -->","protected":false},"excerpt":{"rendered":"<p>Als Biden gestern zu Treffen mit \u201everb\u00fcndeten\u201c Staats- und Regierungschefs der NATO, der G7 und der EU nach Europa abreiste, gab es zahlreiche Erkl\u00e4rungen von US-Beamten, einschlie\u00dflich Biden, die eine Eskalation gegen Ru\u00dfland ank\u00fcndigten. Wenn von russischen \u201eKriegsverbrechen\u201c und einem Atomkrieg als \u201em\u00f6glicher Eventualit\u00e4t\u201c die&hellip;<!-- AddThis Advanced Settings generic via filter on get_the_excerpt --><!-- AddThis Share Buttons generic via filter on get_the_excerpt --><\/p>\n","protected":false},"author":34,"featured_media":84389,"comment_status":"open","ping_status":"closed","sticky":false,"template":"","format":"standard","meta":{"_lmt_disableupdate":"","_lmt_disable":"","footnotes":""},"categories":[651,537,438,471,462],"tags":[],"class_list":["post-86178","post","type-post","status-publish","format-standard","has-post-thumbnail","hentry","category-651","category-hzl-video-de","category-helga-zepp-larouche-de","category-webcast-de","category-webcast-mit-helga-zepp-larouche"],"featured_image_src":"https:\/\/schillerinstitute.com\/wp-content\/uploads\/2022\/01\/A-Difference-In-Leadership_-Can-War-with-Russia-Still-Be-Averted_.02_44_39_23.Still003.png","author_info":{"display_name":"madeleine","author_link":"https:\/\/schillerinstitute.com\/de\/blog\/author\/madeleine\/"},"modified_by":"madeleine","cc_featured_image_caption":{"caption_text":"","source_text":"","source_url":""},"_links":{"self":[{"href":"https:\/\/schillerinstitute.com\/de\/wp-json\/wp\/v2\/posts\/86178","targetHints":{"allow":["GET"]}}],"collection":[{"href":"https:\/\/schillerinstitute.com\/de\/wp-json\/wp\/v2\/posts"}],"about":[{"href":"https:\/\/schillerinstitute.com\/de\/wp-json\/wp\/v2\/types\/post"}],"author":[{"embeddable":true,"href":"https:\/\/schillerinstitute.com\/de\/wp-json\/wp\/v2\/users\/34"}],"replies":[{"embeddable":true,"href":"https:\/\/schillerinstitute.com\/de\/wp-json\/wp\/v2\/comments?post=86178"}],"version-history":[{"count":1,"href":"https:\/\/schillerinstitute.com\/de\/wp-json\/wp\/v2\/posts\/86178\/revisions"}],"predecessor-version":[{"id":86179,"href":"https:\/\/schillerinstitute.com\/de\/wp-json\/wp\/v2\/posts\/86178\/revisions\/86179"}],"wp:featuredmedia":[{"embeddable":true,"href":"https:\/\/schillerinstitute.com\/de\/wp-json\/wp\/v2\/media\/84389"}],"wp:attachment":[{"href":"https:\/\/schillerinstitute.com\/de\/wp-json\/wp\/v2\/media?parent=86178"}],"wp:term":[{"taxonomy":"category","embeddable":true,"href":"https:\/\/schillerinstitute.com\/de\/wp-json\/wp\/v2\/categories?post=86178"},{"taxonomy":"post_tag","embeddable":true,"href":"https:\/\/schillerinstitute.com\/de\/wp-json\/wp\/v2\/tags?post=86178"}],"curies":[{"name":"wp","href":"https:\/\/api.w.org\/{rel}","templated":true}]}}