{"id":84720,"date":"2022-02-09T05:35:27","date_gmt":"2022-02-09T10:35:27","guid":{"rendered":"https:\/\/schillerinstitute.com\/?p=84720"},"modified":"2022-02-23T10:56:37","modified_gmt":"2022-02-23T15:56:37","slug":"internationale-internetkonferenz-des-schiller-instituts-100-sekunden-vor-mitternacht-auf-der-atomkriegsuhr-wir-brauchen-eine-neue-sicherheitsarchitektur","status":"publish","type":"post","link":"https:\/\/schillerinstitute.com\/de\/blog\/2022\/02\/09\/internationale-internetkonferenz-des-schiller-instituts-100-sekunden-vor-mitternacht-auf-der-atomkriegsuhr-wir-brauchen-eine-neue-sicherheitsarchitektur\/","title":{"rendered":"Internationale Internetkonferenz des Schiller-Instituts: 100 Sekunden vor Mitternacht auf der Atomkriegsuhr &#8211; Wir brauchen eine neue Sicherheitsarchitektur!"},"content":{"rendered":"\n<h3 class=\"has-text-align-center wp-block-heading\"><strong>100 Sekunden vor Mitternacht auf der Atomkriegsuhr &#8211;<\/strong><\/h3>\n\n\n\n<h3 class=\"has-text-align-center wp-block-heading\"><strong>Wir brauchen eine neue Sicherheitsarchitektur!<\/strong><\/h3>\n\n\n\n<h3 class=\"has-text-align-center wp-block-heading\"><strong>\u201e<em>Ein Atomkrieg kann nicht gewonnen werden und darf niemals gef\u00fchrt werden.\u201c<\/em><\/strong><\/h3>\n\n\n\n<h3 class=\"has-text-align-center wp-block-heading\">Internationale Internetkonferenz des Schiller-Instituts mit zwei Expertenrunden<\/h3>\n\n\n\n<h3 class=\"has-text-align-center wp-block-heading\">Samstag, 19. Februar 2022<\/h3>\n\n\n<table class=\"r9-o\" role=\"presentation\" width=\"100%\" cellspacing=\"0\" cellpadding=\"0\" border=\"0\">\n<tbody>\n<tr>\n<td class=\"r19-i nl2go-default-textstyle\" valign=\"top\" align=\"left\">\n<div>\n<h3 class=\"default-heading3\"><strong>Panel Eins, 16.00 Uhr (MEZ)<\/strong><\/h3>\n<h3 class=\"default-heading3\"><strong>Wer und was treibt die Weltkriegsgefahr an?<\/strong><\/h3>\n<p><iframe loading=\"lazy\" title=\"100 Seconds to Midnight on the Doomsday Clock: We Need a New Security Architecture!\" width=\"960\" height=\"540\" src=\"https:\/\/www.youtube.com\/embed\/pxbpuXiZ0X8?feature=oembed\" frameborder=\"0\" allow=\"accelerometer; autoplay; clipboard-write; encrypted-media; gyroscope; picture-in-picture\" allowfullscreen><\/iframe><\/p>\n<p><strong>Deutsche \u00dcbersetzung:<\/strong><\/p>\n<p>Moderator: Dennis Speed, Schiller-Institut (USA)<\/p>\n<ul>\n<li>Hauptrede: Harley Schlanger, Schiller-Institut (USA): <a href=\"https:\/\/www.youtube.com\/watch?v=Q66hLdExdxY\">\u201eWas passiert nach dem D-Day? Wird Ru\u00dfland in der Ukraine einfallen?\u201c<\/a><\/li>\n<li>Dr. Natalia Witrenko, Progressive Sozialistische Partei der Ukraine (PSPU) (Ukraine): <a href=\"https:\/\/schillerinstitute.com\/de\/blog\/2022\/02\/22\/dr-natalja-vitrenko-die-rolle-der-ukraine-in-der-gegenwaertigen-weltlage\/\" target=\"_blank\" rel=\"noopener\">\u201eDie Rolle der Ukraine in der gegenw\u00e4rtigen Weltlage\u201c<\/a><\/li>\n<li>Oberst a.D. Alain Corvez, Berater f\u00fcr internationale strategische Fragen, ehem. Berater des franz\u00f6sischen Verteidigungs- und Innenministeriums f\u00fcr internationale Beziehungen (Frankreich): <a href=\"https:\/\/www.youtube.com\/watch?v=FkKHvCD8Ty0\">\u201eBewertung der strategischen Situation; eine franz\u00f6sische Perspektive\u201c<\/a><\/li>\n<li>Jens J\u00f8rgen Nielsen (D\u00e4nemark), ehemaliger Moskau-Korrespondent der d\u00e4nischen Tageszeitung Politiken, Autor, Leiter der Organisation <a href=\"https:\/\/www.youtube.com\/watch?v=T71MbAtTst8\">\u201eRussisch-D\u00e4nischer Dialog\u201c, au\u00dferordentlicher Professor f\u00fcr Kommunikation und kulturelle Unterschiede am Niels Brock Business College in D\u00e4nemark: \u201eWarum wir eine neue Sicherheitsarchitektur brauchen.\u201c<\/a><\/li>\n<li>James Jatras (USA), Diplomat, ehemaliger Berater der Republikanischen F\u00fchrung im US-Senat: <a href=\"https:\/\/www.youtube.com\/watch?v=3raEbn8lEBc\">\u201eDie Entwicklung der NATO in der postsowjetischen Zeit\u201c<\/a><\/li>\n<li>Diskussion<\/li>\n<li>Shakeel Ahmad Ramay (Pakistan), politischer \u00d6konom: <a href=\"https:\/\/www.youtube.com\/watch?v=Pf6u_L8D7kY\">\u201e\u00dcber Imran Khans Vorschlag, da\u00df Pakistan zwischen den USA und China vermittelt\u201c<\/a><\/li>\n<\/ul>\n<h3 class=\"default-heading3\"><strong>Panel Zwei, 20.00. (MEZ)<\/strong><\/h3>\n<h3 class=\"default-heading3\"><strong>Die Schaffung einer neuen strategischen Architektur: Das russisch-chinesische Abkommen vom 6. Februar und die wirtschaftliche Entwicklungsperspektive der Weltlandbr\u00fccke<\/strong><\/h3>\n<p><iframe loading=\"lazy\" title=\"Crafting a new strategic architecture: World Land-Bridge economic development perspective\" width=\"960\" height=\"540\" src=\"https:\/\/www.youtube.com\/embed\/4oNNmMh2ow4?feature=oembed\" frameborder=\"0\" allow=\"accelerometer; autoplay; clipboard-write; encrypted-media; gyroscope; picture-in-picture\" allowfullscreen><\/iframe><\/p>\n<p><\/p>\n<p>Moderator: Dennis Small, Leiter der Nachrichtenabteilung f\u00fcr Lateinamerika, Executive Intelligence Review<\/p>\n<p><strong>Deutsche \u00dcbersetzung:<\/strong><\/p>\n<ul>\n<li>Hauptrede: Helga Zepp-LaRouche, Gr\u00fcnderin und Vorsitzende des Schiller-Insituts (Deutschland): <a href=\"https:\/\/schillerinstitute.com\/de\/blog\/2022\/02\/21\/helga-zepp-larouche-langfristiges-ueberleben-eine-neue-sicherheitsarchitektur\/\" target=\"_blank\" rel=\"noopener\">\u201eLangfristiges \u00dcberleben: Eine neue internationale Sicherheitsarchitektur\u201c<\/a><\/li>\n<li>Dr. Wang Wen (China), Gesch\u00e4ftsf\u00fchrender Dekan, Chongyang Institut f\u00fcr Finanzstudien; Professor der Silk Road School, Renmin Universit\u00e4t: <a href=\"https:\/\/www.youtube.com\/watch?v=9OFCIn5KDac\">&#8222;Das chinesisch-russische Abkommen vom 4. Februar 2022&#8220;<\/a><\/li>\n<li>Alejandro Yaya (Argentinien), Vizepr\u00e4sident des Ziviltechnisches Institut f\u00fcr Weltraumfahrt:<a href=\"https:\/\/www.youtube.com\/watch?v=1K9SquHKYik\"> \u201eArgentinien tritt der Belt and Road Initiative bei\u201c<\/a><\/li>\n<li>Dr.&nbsp;Carlos Gallardo (Peru), Pr\u00e4sident, Christlich Demokratische Partei Peru: <a href=\"https:\/\/www.youtube.com\/watch?v=VpVW0l3ah10\">\u201eEntwicklung ist der Neue Name f\u00fcr Frieden in S\u00fcdamerika\u201c<\/a><\/li>\n<li>Tony Magliano, international publizierender katholischer Kolumnist f\u00fcr Frieden und Gerechtigkeit (USA): <a href=\"https:\/\/www.youtube.com\/watch?v=wiKEpE5_WMc\">\u201eKrieg ist nicht unvermeidlich! Wir haben die moralische Verpflichtung, die Afghanen vor dem Verhungern zu retten! Die Notwendigkeit, ein neues, menschenzentriertes Paradigma zu schaffen\u201c<\/a><\/li>\n<li>Graham Fuller, Autor, 25-j\u00e4hrige Laufbahn als CIA operations officer (USA): <a href=\"https:\/\/www.youtube.com\/watch?v=YFpvY27MXFs\">\u201eDie G\u00fcltigkeit des Konzepts der Einflu\u00dfsph\u00e4ren\u201c<\/a><\/li>\n<li>Diskussion<\/li>\n<\/ul>\n<\/div>\n<\/td>\n<\/tr>\n<tr class=\"nl2go-responsive-hide\">\n<td height=\"15\">&nbsp;<\/td>\n<\/tr>\n<\/tbody>\n<\/table><!-- AddThis Advanced Settings generic via filter on the_content --><!-- AddThis Share Buttons generic via filter on the_content -->","protected":false},"excerpt":{"rendered":"<p>100 Sekunden vor Mitternacht auf der Atomkriegsuhr &#8211; Wir brauchen eine neue Sicherheitsarchitektur! \u201eEin Atomkrieg kann nicht gewonnen werden und darf niemals gef\u00fchrt werden.\u201c Internationale Internetkonferenz des Schiller-Instituts mit zwei Expertenrunden Samstag, 19. Februar 2022 Panel Eins, 16.00 Uhr (MEZ) Wer und was treibt die&hellip;<!-- AddThis Advanced Settings generic via filter on get_the_excerpt --><!-- AddThis Share Buttons generic via filter on get_the_excerpt --><\/p>\n","protected":false},"author":34,"featured_media":84721,"comment_status":"open","ping_status":"closed","sticky":false,"template":"","format":"standard","meta":{"_lmt_disableupdate":"no","_lmt_disable":"","footnotes":""},"categories":[37],"tags":[],"class_list":["post-84720","post","type-post","status-publish","format-standard","has-post-thumbnail","hentry","category-allgemein-de"],"featured_image_src":"https:\/\/schillerinstitute.com\/wp-content\/uploads\/2022\/02\/Bild-Konferenz-19.-Februar-e1644403145420.png","author_info":{"display_name":"madeleine","author_link":"https:\/\/schillerinstitute.com\/de\/blog\/author\/madeleine\/"},"modified_by":"tobi","cc_featured_image_caption":{"caption_text":"","source_text":"","source_url":""},"_links":{"self":[{"href":"https:\/\/schillerinstitute.com\/de\/wp-json\/wp\/v2\/posts\/84720","targetHints":{"allow":["GET"]}}],"collection":[{"href":"https:\/\/schillerinstitute.com\/de\/wp-json\/wp\/v2\/posts"}],"about":[{"href":"https:\/\/schillerinstitute.com\/de\/wp-json\/wp\/v2\/types\/post"}],"author":[{"embeddable":true,"href":"https:\/\/schillerinstitute.com\/de\/wp-json\/wp\/v2\/users\/34"}],"replies":[{"embeddable":true,"href":"https:\/\/schillerinstitute.com\/de\/wp-json\/wp\/v2\/comments?post=84720"}],"version-history":[{"count":24,"href":"https:\/\/schillerinstitute.com\/de\/wp-json\/wp\/v2\/posts\/84720\/revisions"}],"predecessor-version":[{"id":85207,"href":"https:\/\/schillerinstitute.com\/de\/wp-json\/wp\/v2\/posts\/84720\/revisions\/85207"}],"wp:featuredmedia":[{"embeddable":true,"href":"https:\/\/schillerinstitute.com\/de\/wp-json\/wp\/v2\/media\/84721"}],"wp:attachment":[{"href":"https:\/\/schillerinstitute.com\/de\/wp-json\/wp\/v2\/media?parent=84720"}],"wp:term":[{"taxonomy":"category","embeddable":true,"href":"https:\/\/schillerinstitute.com\/de\/wp-json\/wp\/v2\/categories?post=84720"},{"taxonomy":"post_tag","embeddable":true,"href":"https:\/\/schillerinstitute.com\/de\/wp-json\/wp\/v2\/tags?post=84720"}],"curies":[{"name":"wp","href":"https:\/\/api.w.org\/{rel}","templated":true}]}}