{"id":80177,"date":"2021-10-04T13:45:36","date_gmt":"2021-10-04T17:45:36","guid":{"rendered":"https:\/\/schillerinstitute.com\/?p=80177"},"modified":"2021-10-04T13:45:38","modified_gmt":"2021-10-04T17:45:38","slug":"un-organisationen-warnen-dass-die-bedingungen-fuer-die-rueckfuehrung-von-haitianern-nicht-gegeben-seien","status":"publish","type":"post","link":"https:\/\/schillerinstitute.com\/de\/blog\/2021\/10\/04\/un-organisationen-warnen-dass-die-bedingungen-fuer-die-rueckfuehrung-von-haitianern-nicht-gegeben-seien\/","title":{"rendered":"UN-Organisationen warnen, da\u00df die Bedingungen f\u00fcr die R\u00fcckf\u00fchrung von Haitianern nicht gegeben seien"},"content":{"rendered":"\n<p>Da Mexiko damit begonnen hat, einige haitianische Migranten nach Haiti zur\u00fcckzuschicken, und in anderen L\u00e4ndern der Region die Forderung laut wird, dasselbe zu tun (z. B. von einem hochrangigen Beamten der Royal Defense Force der Bahamas, der die R\u00fcckf\u00fchrung der USA als Vorbild nannte), haben vier Organisationen der Vereinten Nationen &#8211; die Internationale Organisation f\u00fcr Migration, das UN-Fl\u00fcchtlingswerk, das Kinderhilfswerk und das B\u00fcro f\u00fcr Menschenrechte &#8211; am Donnerstag eine gemeinsame Erkl\u00e4rung herausgegeben, in der sie davor warnen, da\u00df &#8222;die Bedingungen in Haiti nach wie vor katastrophal sind und eine erzwungene R\u00fcckkehr nicht zulassen&#8220;.<\/p>\n\n\n\n<p>Die Erkl\u00e4rung erinnert die Regierungen daran, da\u00df internationales Recht kollektive Abschiebungen verbiete und verlangt, da\u00df jeder Fall individuell gepr\u00fcft werde, um den Schutzbedarf nach internationalem Menschenrechts- und Fl\u00fcchtlingsrecht zu ermitteln&#8220;. Und da\u00df &#8222;ein diskriminierender \u00f6ffentlicher Diskurs, der die menschliche Mobilit\u00e4t als Problem darstellt, zu Rassismus und Fremdenfeindlichkeit beitragen kann und vermieden und verurteilt werden sollte&#8220;.<\/p>\n\n\n\n<p>Es werden verschiedene offizielle Statistiken \u00fcber Armut und Gewalt in Haiti zitiert, wie z.B., da\u00df &#8222;etwa 4,4 Millionen Menschen, d.h. fast 46 % der Bev\u00f6lkerung, von akuter Ern\u00e4hrungsunsicherheit betroffen sind, darunter 1,2 Millionen Menschen, die sich in einer Notlage befinden, und 3,2 Millionen Menschen in einer Krise&#8220;. Die Auswirkungen des Erdbebens vom 14. August belasten bereits jetzt jede [nationale] Kapazit\u00e4t zur Aufnahme der zur\u00fcckkehrenden Haitianer&#8220;, stellen sie fest.<\/p>\n\n\n\n<p>Sie fordern die Regierungen auf, &#8222;die grundlegenden Menschenrechte der Haitianer auf der Flucht zu wahren&#8220;, aber wie die humaneren Regierungen in der Region beschr\u00e4nken sich die UN-Organisationen auf die Forderung nach regionaler Zusammenarbeit bei der Bew\u00e4ltigung der Krise und auf das Angebot von Schutzmechanismen oder anderen legalen Aufenthaltsregelungen f\u00fcr einen effektiveren Zugang zu regul\u00e4ren Migrationswegen, um dieser schrecklichen Situation abzuhelfen.<\/p>\n\n\n\n<p>Was fehlt, ist die einzige Ma\u00dfnahme, die die Ursache dieser und \u00e4hnlicher Migrationskrisen beseitigen k\u00f6nnte: die Beseitigung der Bedingungen des v\u00f6lligen Elends, des Drogenhandels und der Gewalt, die durch das gescheiterte liberale monetaristische Freihandelssystem geschaffen wurden und das Leben von Millionen Menschen in vielen L\u00e4ndern unertr\u00e4glich machen.<\/p>\n<!-- AddThis Advanced Settings generic via filter on the_content --><!-- AddThis Share Buttons generic via filter on the_content -->","protected":false},"excerpt":{"rendered":"<p>Da Mexiko damit begonnen hat, einige haitianische Migranten nach Haiti zur\u00fcckzuschicken, und in anderen L\u00e4ndern der Region die Forderung laut wird, dasselbe zu tun (z. B. von einem hochrangigen Beamten der Royal Defense Force der Bahamas, der die R\u00fcckf\u00fchrung der USA als Vorbild nannte), haben&hellip;<!-- AddThis Advanced Settings generic via filter on get_the_excerpt --><!-- AddThis Share Buttons generic via filter on get_the_excerpt --><\/p>\n","protected":false},"author":34,"featured_media":80155,"comment_status":"open","ping_status":"closed","sticky":false,"template":"","format":"standard","meta":{"_lmt_disableupdate":"","_lmt_disable":"","footnotes":""},"categories":[652,649,669,671,37,659,756,637],"tags":[],"class_list":["post-80177","post","type-post","status-publish","format-standard","has-post-thumbnail","hentry","category-652","category-649","category-669","category-671","category-allgemein-de","category-global-diplomacy-de","category-haiti-allgemein-de","category-healthcare-de"],"featured_image_src":"https:\/\/schillerinstitute.com\/wp-content\/uploads\/2021\/10\/haitian_immigrants_2021-1.jpg","author_info":{"display_name":"madeleine","author_link":"https:\/\/schillerinstitute.com\/de\/blog\/author\/madeleine\/"},"modified_by":"madeleine","cc_featured_image_caption":{"caption_text":"","source_text":"","source_url":""},"_links":{"self":[{"href":"https:\/\/schillerinstitute.com\/de\/wp-json\/wp\/v2\/posts\/80177","targetHints":{"allow":["GET"]}}],"collection":[{"href":"https:\/\/schillerinstitute.com\/de\/wp-json\/wp\/v2\/posts"}],"about":[{"href":"https:\/\/schillerinstitute.com\/de\/wp-json\/wp\/v2\/types\/post"}],"author":[{"embeddable":true,"href":"https:\/\/schillerinstitute.com\/de\/wp-json\/wp\/v2\/users\/34"}],"replies":[{"embeddable":true,"href":"https:\/\/schillerinstitute.com\/de\/wp-json\/wp\/v2\/comments?post=80177"}],"version-history":[{"count":1,"href":"https:\/\/schillerinstitute.com\/de\/wp-json\/wp\/v2\/posts\/80177\/revisions"}],"predecessor-version":[{"id":80178,"href":"https:\/\/schillerinstitute.com\/de\/wp-json\/wp\/v2\/posts\/80177\/revisions\/80178"}],"wp:featuredmedia":[{"embeddable":true,"href":"https:\/\/schillerinstitute.com\/de\/wp-json\/wp\/v2\/media\/80155"}],"wp:attachment":[{"href":"https:\/\/schillerinstitute.com\/de\/wp-json\/wp\/v2\/media?parent=80177"}],"wp:term":[{"taxonomy":"category","embeddable":true,"href":"https:\/\/schillerinstitute.com\/de\/wp-json\/wp\/v2\/categories?post=80177"},{"taxonomy":"post_tag","embeddable":true,"href":"https:\/\/schillerinstitute.com\/de\/wp-json\/wp\/v2\/tags?post=80177"}],"curies":[{"name":"wp","href":"https:\/\/api.w.org\/{rel}","templated":true}]}}