{"id":79989,"date":"2021-09-29T13:56:11","date_gmt":"2021-09-29T17:56:11","guid":{"rendered":"https:\/\/schillerinstitute.com\/?p=79989"},"modified":"2021-09-29T16:50:37","modified_gmt":"2021-09-29T20:50:37","slug":"webcast-bundestagswahl-ein-nicht-nachhaltiges-gruenes-biotp","status":"publish","type":"post","link":"https:\/\/schillerinstitute.com\/de\/blog\/2021\/09\/29\/webcast-bundestagswahl-ein-nicht-nachhaltiges-gruenes-biotp\/","title":{"rendered":"Webcast: Bundestagswahl &#8212; ein nicht nachhaltiges Gr\u00fcnes Biotop!"},"content":{"rendered":"\n<p>Helga Zepp-LaRouche: Kommentar zum Ergebnis der Bundestagswahl <\/p>\n\n\n\n<p>Wenn man die Realit\u00e4t der strategischen Lage, in der sich Deutschland befindet, mit dem Niveau der Themen vergleicht, um die es in der Bundestagswahlkampagne vorwiegend ging, dann hatte man beinah den Eindruck, als h\u00e4tte man es mit zwei verschiedenen Universen zu tun. Die gro\u00dfen Fragen, wie die von Krieg oder Frieden, um die es bei der Konfrontation des Westens mit Ru\u00dfland und China letztlich geht, die Instabilit\u00e4t des Finanzsystems, bei dem sich deutliche Anzeichen f\u00fcr eine Hyperinflation zeigen, oder die Hungerkatastrophen in vielen L\u00e4ndern wie Afghanistan, Syrien, Jemen, Haiti und vielen anderen, alle diese Themen und vor allem die L\u00f6sungen f\u00fcr die Probleme fehlten in den Debatten v\u00f6llig.<\/p>\n\n\n\n<figure class=\"wp-block-embed is-type-video is-provider-youtube wp-block-embed-youtube wp-embed-aspect-16-9 wp-has-aspect-ratio\"><div class=\"wp-block-embed__wrapper\">\n<iframe loading=\"lazy\" title=\"Bundestagswahl --- ein nicht nachhaltiges Gr\u00fcnes Biotp!\" width=\"960\" height=\"540\" src=\"https:\/\/www.youtube.com\/embed\/a9w5XjTDvmI?feature=oembed\" frameborder=\"0\" allow=\"accelerometer; autoplay; clipboard-write; encrypted-media; gyroscope; picture-in-picture\" allowfullscreen><\/iframe>\n<\/div><\/figure>\n\n\n\n<p>Auch wenn sich das Karussell von Triells, Quadrells, Septells und Talkshows gegen Ende des Wahlkampfs immer weiter drehte, so geschah dies doch alles im gleichen Biotop, alle, nat\u00fcrlich mit Ausnahme der AfD, gaben sich klimabewegt und versuchten lediglich, sich in ihren gr\u00fcnen Perspektiven zu \u00fcbertrumpfen. Die Animosit\u00e4ten zwischen den Kandidaten und Parteispitzen entsprachen eher Freuds \u201eNarzi\u00dfmus der kleinen Differenzen\u201c, die er in seiner Schrift \u201eDas Unbehagen in der Kultur\u201c beschreibt, als eine \u201ebequeme und relativ harmlose Befriedigung der Aggressionsneigung\u201c, bei der der Zusammenhalt der Elemente des Biotop aber dadurch gef\u00f6rdert wird, indem alle das Biotop und seine Regeln f\u00fcr die einzige Realit\u00e4t halten.<\/p>\n\n\n\n<p>In dieser Wahl sind die W\u00e4hler betrogen worden, weil es die Realit\u00e4t, die ihnen die Politiker und Medien vorgegaukelt haben, so nicht gibt. Die diversen \u201eWenden\u201c werden die Preise f\u00fcr Energie, Nahrungsmittel, Heizungskosten, Transport etc. so weit in die H\u00f6he treiben, da\u00df es den Lebensstandard f\u00fcr den gr\u00f6\u00dften Teil der Bev\u00f6lkerung massiv reduzieren und die sozialen Spannungen massiv versch\u00e4rfen wird. Durch das Ausklammern der existentiell wichtigen au\u00dfenpolitischen Themen wurde den W\u00e4hlern das Recht genommen, sich eine kompetente Meinung zu bilden, wie Frieden und Freiheit wirklich zu sichern w\u00e4ren. Durch das Verschweigen so vieler Themenkreise, die von den Medien als nicht \u201enewsworthy\u201c (\u201eberichtenswert\u201c) betrachtet oder mit einem solchen \u201eSpin\u201c pr\u00e4sentiert werden, da\u00df sie die Zuschauer, H\u00f6rer und Leser ohne Handlungsoption zur\u00fccklassen, werden die B\u00fcrger jeglicher Souver\u00e4nit\u00e4t als Staatsb\u00fcrger beraubt.<\/p>\n\n\n\n<p>Diese virtuelle Realit\u00e4t wird sich nicht lange aufrecht erhalten lassen. Die sich abzeichnende Explosion der Energiepreise und damit der allgemeinen Produktionskosten wird den Menschen schmerzhaft vor Augen f\u00fchren, da\u00df die Greta-Religion des gr\u00fcnen Biotops ein Irrweg ist. Es ist au\u00dferdem angebracht, sich an die Warnung George Washingtons zu erinnern, die er bez\u00fcglich der politischen Parteien in seiner Abschiedsrede am 17. September 1796 ausgesprochen hat, und die durchaus auch auf die heutige Situation in Deutschland zutreffen:<\/p>\n\n\n\n<p>\u201eWie auch immer [politische Parteien] hin und wieder popul\u00e4re Ziele verfolgen m\u00f6gen, sie werden im Laufe der Zeit und der Dinge wahrscheinlich zu m\u00e4chtigen Motoren werden, durch die es schlauen, ehrgeizigen und prinzipienlosen M\u00e4nnern m\u00f6glich sein wird, die Macht des Volkes zu untergraben und die Z\u00fcgel der Regierung an sich zu rei\u00dfen und danach die Maschinen zu zerst\u00f6ren, die sie zu ungerechter Herrschaft erhoben haben.\u201c<\/p>\n\n\n\n<p><strong>Es ist h\u00f6chste Zeit, da\u00df die B\u00fcrger ihre Handlungsf\u00e4higkeit und damit ihre Souver\u00e4nit\u00e4t zur\u00fcckgewinnen, und daf\u00fcr ist eine andere Denkmethode als das Machtstreben der Parteipolitik notwendig.<\/strong><\/p>\n\n\n\n<p><strong>Wir brauchen eine Bewegung von Menschen, die von der Liebe zur Menschheit&nbsp;motiviert sind, und die sich dar\u00fcber einig sind, da\u00df der neue Name f\u00fcr den Frieden Entwicklung hei\u00dft.<\/strong><\/p>\n\n\n\n<p><em><strong>Helga Zepp-LaRouche<\/strong><\/em><\/p>\n<!-- AddThis Advanced Settings generic via filter on the_content --><!-- AddThis Share Buttons generic via filter on the_content -->","protected":false},"excerpt":{"rendered":"<p>Helga Zepp-LaRouche: Kommentar zum Ergebnis der Bundestagswahl Wenn man die Realit\u00e4t der strategischen Lage, in der sich Deutschland befindet, mit dem Niveau der Themen vergleicht, um die es in der Bundestagswahlkampagne vorwiegend ging, dann hatte man beinah den Eindruck, als h\u00e4tte man es mit zwei&hellip;<!-- AddThis Advanced Settings generic via filter on get_the_excerpt --><!-- AddThis Share Buttons generic via filter on get_the_excerpt --><\/p>\n","protected":false},"author":34,"featured_media":79624,"comment_status":"open","ping_status":"closed","sticky":false,"template":"","format":"standard","meta":{"_lmt_disableupdate":"no","_lmt_disable":"","footnotes":""},"categories":[680,679,37,537,438,471,462],"tags":[],"class_list":["post-79989","post","type-post","status-publish","format-standard","has-post-thumbnail","hentry","category-680","category-679","category-allgemein-de","category-hzl-video-de","category-helga-zepp-larouche-de","category-webcast-de","category-webcast-mit-helga-zepp-larouche"],"featured_image_src":"https:\/\/schillerinstitute.com\/wp-content\/uploads\/2021\/09\/Y2Mate.is-Part-2-September-11-Afghanistan-and-the-Surveillance-State-mnRceGlOnSc-1080p-1631419530871.02_05_52_14.Still004.jpg","author_info":{"display_name":"madeleine","author_link":"https:\/\/schillerinstitute.com\/de\/blog\/author\/madeleine\/"},"modified_by":"madeleine","cc_featured_image_caption":{"caption_text":"","source_text":"","source_url":""},"_links":{"self":[{"href":"https:\/\/schillerinstitute.com\/de\/wp-json\/wp\/v2\/posts\/79989","targetHints":{"allow":["GET"]}}],"collection":[{"href":"https:\/\/schillerinstitute.com\/de\/wp-json\/wp\/v2\/posts"}],"about":[{"href":"https:\/\/schillerinstitute.com\/de\/wp-json\/wp\/v2\/types\/post"}],"author":[{"embeddable":true,"href":"https:\/\/schillerinstitute.com\/de\/wp-json\/wp\/v2\/users\/34"}],"replies":[{"embeddable":true,"href":"https:\/\/schillerinstitute.com\/de\/wp-json\/wp\/v2\/comments?post=79989"}],"version-history":[{"count":2,"href":"https:\/\/schillerinstitute.com\/de\/wp-json\/wp\/v2\/posts\/79989\/revisions"}],"predecessor-version":[{"id":79993,"href":"https:\/\/schillerinstitute.com\/de\/wp-json\/wp\/v2\/posts\/79989\/revisions\/79993"}],"wp:featuredmedia":[{"embeddable":true,"href":"https:\/\/schillerinstitute.com\/de\/wp-json\/wp\/v2\/media\/79624"}],"wp:attachment":[{"href":"https:\/\/schillerinstitute.com\/de\/wp-json\/wp\/v2\/media?parent=79989"}],"wp:term":[{"taxonomy":"category","embeddable":true,"href":"https:\/\/schillerinstitute.com\/de\/wp-json\/wp\/v2\/categories?post=79989"},{"taxonomy":"post_tag","embeddable":true,"href":"https:\/\/schillerinstitute.com\/de\/wp-json\/wp\/v2\/tags?post=79989"}],"curies":[{"name":"wp","href":"https:\/\/api.w.org\/{rel}","templated":true}]}}