{"id":79483,"date":"2021-09-11T07:14:27","date_gmt":"2021-09-11T11:14:27","guid":{"rendered":"https:\/\/schillerinstitute.com\/?p=79483"},"modified":"2021-09-27T16:59:20","modified_gmt":"2021-09-27T20:59:20","slug":"china-spendet-impfstoffe-und-medizinische-hilfe-fuer-afghanistan-betont-die-notwendigkeit-regionaler-zusammenarbeit-und-koordination","status":"publish","type":"post","link":"https:\/\/schillerinstitute.com\/de\/blog\/2021\/09\/11\/china-spendet-impfstoffe-und-medizinische-hilfe-fuer-afghanistan-betont-die-notwendigkeit-regionaler-zusammenarbeit-und-koordination\/","title":{"rendered":"China spendet Impfstoffe und medizinische Hilfe f\u00fcr Afghanistan, betont die Notwendigkeit regionaler Zusammenarbeit und Koordination"},"content":{"rendered":"\n<p>Auf dem gestrigen Minigipfel zwischen China, Pakistan, Iran, Tadschikistan, Usbekistan und Turkmenistan, der einberufen wurde, um zu er\u00f6rtern, wie die Herausforderungen in Afghanistan bew\u00e4ltigt werden k\u00f6nnten, wurde ein humanit\u00e4res Hilfspaket in H\u00f6he von 31 Millionen US-Dollar angek\u00fcndigt. Es umfa\u00dft Lebensmittel, Wasser, drei Millionen Dosen COVID-19-Impfstoff, sowie andere medizinische Hilfsg\u00fcter. Den Vorsitz des Treffens \u00fcbernahm der pakistanische Au\u00dfenminister Shah Mahmood Qureshi, der zehn Tage zuvor bereits eine Reise in die Nachbarl\u00e4nder Afghanistans abgeschlossen hatte. Bei den drei Millionen COVID-Impfdosen handelt es sich Berichten zufolge nur um eine erste Charge, der weitere folgen sollen. <em>Xinhua<\/em> berichtete, da\u00df Staatsrat und Au\u00dfenminister Wang Yi angek\u00fcndigt habe, da\u00df China bereit sei, Afghanistan im Rahmen der Notfallreserve zwischen China und den s\u00fcdasiatischen L\u00e4ndern weiteres Material zur Seuchenbek\u00e4mpfung und f\u00fcr Notf\u00e4lle zur Verf\u00fcgung zu stellen.<\/p>\n\n\n\n<p>Der Sprecher des chinesischen Au\u00dfenministeriums, Zhao Lijian, erl\u00e4uterte heute weitere Einzelheiten des gestrigen Treffens und betonte, da\u00df es sich um den ersten Versuch der Nachbarl\u00e4nder Afghanistans handele, \u201eeng zusammenzuarbeiten, um auf die sich entwickelnde Situation im Land zu reagieren\u201c und insbesondere \u201eeinen Koordinierungs- und Kooperationsmechanismus\u201c einzurichten. Er erkl\u00e4rte, da\u00df dieser Mechanismus in der Lage sein sollte, reibungslos mit anderen bestehenden multilateralen Mechanismen zu Afghanistan zusammenzuarbeiten, \u201esoda\u00df sie sich gegenseitig erg\u00e4nzen und Synergien bilden k\u00f6nnen\u201c. Alle beteiligten Parteien unterst\u00fctzen die Fortf\u00fchrung dieses einzigartigen Mechanismus, damit die L\u00e4nder \u00fcber diese Plattform politische Vorschl\u00e4ge austauschen, ihre Positionen koordinieren und Herausforderungen gemeinsam angehen k\u00f6nnen. Es wurde bereits der Wunsch ge\u00e4u\u00dfert, eine zweite Konferenz dieser Art auszurichten\u201c, berichtete er.<\/p>\n<!-- AddThis Advanced Settings generic via filter on the_content --><!-- AddThis Share Buttons generic via filter on the_content -->","protected":false},"excerpt":{"rendered":"<p>Auf dem gestrigen Minigipfel zwischen China, Pakistan, Iran, Tadschikistan, Usbekistan und Turkmenistan, der einberufen wurde, um zu er\u00f6rtern, wie die Herausforderungen in Afghanistan bew\u00e4ltigt werden k\u00f6nnten, wurde ein humanit\u00e4res Hilfspaket in H\u00f6he von 31 Millionen US-Dollar angek\u00fcndigt. Es umfa\u00dft Lebensmittel, Wasser, drei Millionen Dosen COVID-19-Impfstoff,&hellip;<!-- AddThis Advanced Settings generic via filter on get_the_excerpt --><!-- AddThis Share Buttons generic via filter on get_the_excerpt --><\/p>\n","protected":false},"author":34,"featured_media":79475,"comment_status":"open","ping_status":"closed","sticky":false,"template":"","format":"standard","meta":{"_lmt_disableupdate":"no","_lmt_disable":"","footnotes":""},"categories":[757],"tags":[],"class_list":["post-79483","post","type-post","status-publish","format-standard","has-post-thumbnail","hentry","category-afghanistan-allgemein-de"],"featured_image_src":"https:\/\/schillerinstitute.com\/wp-content\/uploads\/2021\/09\/sinovac_vaccine.jpg","author_info":{"display_name":"madeleine","author_link":"https:\/\/schillerinstitute.com\/de\/blog\/author\/madeleine\/"},"modified_by":"madeleine","cc_featured_image_caption":{"caption_text":"","source_text":"","source_url":""},"_links":{"self":[{"href":"https:\/\/schillerinstitute.com\/de\/wp-json\/wp\/v2\/posts\/79483","targetHints":{"allow":["GET"]}}],"collection":[{"href":"https:\/\/schillerinstitute.com\/de\/wp-json\/wp\/v2\/posts"}],"about":[{"href":"https:\/\/schillerinstitute.com\/de\/wp-json\/wp\/v2\/types\/post"}],"author":[{"embeddable":true,"href":"https:\/\/schillerinstitute.com\/de\/wp-json\/wp\/v2\/users\/34"}],"replies":[{"embeddable":true,"href":"https:\/\/schillerinstitute.com\/de\/wp-json\/wp\/v2\/comments?post=79483"}],"version-history":[{"count":1,"href":"https:\/\/schillerinstitute.com\/de\/wp-json\/wp\/v2\/posts\/79483\/revisions"}],"predecessor-version":[{"id":79484,"href":"https:\/\/schillerinstitute.com\/de\/wp-json\/wp\/v2\/posts\/79483\/revisions\/79484"}],"wp:featuredmedia":[{"embeddable":true,"href":"https:\/\/schillerinstitute.com\/de\/wp-json\/wp\/v2\/media\/79475"}],"wp:attachment":[{"href":"https:\/\/schillerinstitute.com\/de\/wp-json\/wp\/v2\/media?parent=79483"}],"wp:term":[{"taxonomy":"category","embeddable":true,"href":"https:\/\/schillerinstitute.com\/de\/wp-json\/wp\/v2\/categories?post=79483"},{"taxonomy":"post_tag","embeddable":true,"href":"https:\/\/schillerinstitute.com\/de\/wp-json\/wp\/v2\/tags?post=79483"}],"curies":[{"name":"wp","href":"https:\/\/api.w.org\/{rel}","templated":true}]}}