{"id":78982,"date":"2021-09-03T09:44:41","date_gmt":"2021-09-03T13:44:41","guid":{"rendered":"https:\/\/schillerinstitute.com\/?p=78982"},"modified":"2021-09-27T17:01:44","modified_gmt":"2021-09-27T21:01:44","slug":"afghanistan-abzug-stellt-ende-einer-aera-dar-jetzt-die-zukunft-gestalten","status":"publish","type":"post","link":"https:\/\/schillerinstitute.com\/de\/blog\/2021\/09\/03\/afghanistan-abzug-stellt-ende-einer-aera-dar-jetzt-die-zukunft-gestalten\/","title":{"rendered":"Afghanistan-Abzug stellt Ende einer \u00c4ra dar: Jetzt die Zukunft gestalten!"},"content":{"rendered":"\n<p>US-Pr\u00e4sident Bidens Erkl\u00e4rung, die \u201e\u00c4ra der gro\u00dfen milit\u00e4rischen Operationen zur Umgestaltung anderer L\u00e4nder\u201c sei vorbei, bringt zwei wichtige Fragen auf: 1. Werden Regierungen die geopolitischen Axiome, die zu \u201eendlosen Kriegen\u201c gef\u00fchrt haben, vollst\u00e4ndig aufgeben? 2. Was kommt danach?<\/p>\n\n\n\n<p>Helga Zepp-LaRouche beantwortete diese Fragen in ihrem w\u00f6chentlichen Dialog.<\/p>\n\n\n\n<figure class=\"wp-block-embed is-type-video is-provider-youtube wp-block-embed-youtube wp-embed-aspect-16-9 wp-has-aspect-ratio\"><div class=\"wp-block-embed__wrapper\">\n<iframe loading=\"lazy\" title=\"Afghanistan-Abzug stellt Ende einer \u00c4ra dar: Jetzt die Zukunft gestalten!\" width=\"960\" height=\"540\" src=\"https:\/\/www.youtube.com\/embed\/0HfRVxL002c?feature=oembed\" frameborder=\"0\" allow=\"accelerometer; autoplay; clipboard-write; encrypted-media; gyroscope; picture-in-picture\" allowfullscreen><\/iframe>\n<\/div><\/figure>\n\n\n\n<p>Sie betonte, es sei die Zeit f\u00fcr \u201eernsthaftes Reflektieren\u201c. Die unipolare Herangehensweise der \u00c4ra nach dem Kalten Krieg ist zusammen gebrochen. Werden kleine Regimewechselkriege durch gr\u00f6\u00dfere Kriege ersetzt? Oder werden wohlhabendere Nationen zusammen arbeiten, um Wohlstand weltweit zu verbreiten? Es ist ein historischer Moment, der so viel Hysterie verursachte, das die <em>Financial Times<\/em> und die <em>New York Times<\/em> jeweils behaupten, da\u00df die Art und Weise des Truppenabzugs durch Pr\u00e4sident Biden beweise, das es keinen Unterschied zwischen Biden und Trump gebe.<\/p>\n\n\n\n<p>Zepp-LaRouche rief unsere Zuschauer auf, sich dem Schiller-Institut anzuschlie\u00dfen und mit uns zusammenzuarbeiten, um das Zeitalter der Vernunft einzul\u00e4uten.<\/p>\n<!-- AddThis Advanced Settings generic via filter on the_content --><!-- AddThis Share Buttons generic via filter on the_content -->","protected":false},"excerpt":{"rendered":"<p>US-Pr\u00e4sident Bidens Erkl\u00e4rung, die \u201e\u00c4ra der gro\u00dfen milit\u00e4rischen Operationen zur Umgestaltung anderer L\u00e4nder\u201c sei vorbei, bringt zwei wichtige Fragen auf: 1. Werden Regierungen die geopolitischen Axiome, die zu \u201eendlosen Kriegen\u201c gef\u00fchrt haben, vollst\u00e4ndig aufgeben? 2. Was kommt danach? Helga Zepp-LaRouche beantwortete diese Fragen in ihrem&hellip;<!-- AddThis Advanced Settings generic via filter on get_the_excerpt --><!-- AddThis Share Buttons generic via filter on get_the_excerpt --><\/p>\n","protected":false},"author":34,"featured_media":66223,"comment_status":"open","ping_status":"closed","sticky":false,"template":"","format":"standard","meta":{"_lmt_disableupdate":"no","_lmt_disable":"","footnotes":""},"categories":[757,37,474,97,530,659,537,438,471,462,96],"tags":[],"class_list":["post-78982","post","type-post","status-publish","format-standard","has-post-thumbnail","hentry","category-afghanistan-allgemein-de","category-allgemein-de","category-brics-de-4","category-die-weltlandbrucke-bauen","category-updates-geopolitics-de","category-global-diplomacy-de","category-hzl-video-de","category-helga-zepp-larouche-de","category-webcast-de","category-webcast-mit-helga-zepp-larouche","category-weltkrieg-stoppen"],"featured_image_src":"https:\/\/schillerinstitute.com\/wp-content\/uploads\/2021\/01\/Helga.Zepp-LaRouche.-mic.png","author_info":{"display_name":"madeleine","author_link":"https:\/\/schillerinstitute.com\/de\/blog\/author\/madeleine\/"},"modified_by":"madeleine","cc_featured_image_caption":{"caption_text":"","source_text":"","source_url":""},"_links":{"self":[{"href":"https:\/\/schillerinstitute.com\/de\/wp-json\/wp\/v2\/posts\/78982","targetHints":{"allow":["GET"]}}],"collection":[{"href":"https:\/\/schillerinstitute.com\/de\/wp-json\/wp\/v2\/posts"}],"about":[{"href":"https:\/\/schillerinstitute.com\/de\/wp-json\/wp\/v2\/types\/post"}],"author":[{"embeddable":true,"href":"https:\/\/schillerinstitute.com\/de\/wp-json\/wp\/v2\/users\/34"}],"replies":[{"embeddable":true,"href":"https:\/\/schillerinstitute.com\/de\/wp-json\/wp\/v2\/comments?post=78982"}],"version-history":[{"count":1,"href":"https:\/\/schillerinstitute.com\/de\/wp-json\/wp\/v2\/posts\/78982\/revisions"}],"predecessor-version":[{"id":78983,"href":"https:\/\/schillerinstitute.com\/de\/wp-json\/wp\/v2\/posts\/78982\/revisions\/78983"}],"wp:featuredmedia":[{"embeddable":true,"href":"https:\/\/schillerinstitute.com\/de\/wp-json\/wp\/v2\/media\/66223"}],"wp:attachment":[{"href":"https:\/\/schillerinstitute.com\/de\/wp-json\/wp\/v2\/media?parent=78982"}],"wp:term":[{"taxonomy":"category","embeddable":true,"href":"https:\/\/schillerinstitute.com\/de\/wp-json\/wp\/v2\/categories?post=78982"},{"taxonomy":"post_tag","embeddable":true,"href":"https:\/\/schillerinstitute.com\/de\/wp-json\/wp\/v2\/tags?post=78982"}],"curies":[{"name":"wp","href":"https:\/\/api.w.org\/{rel}","templated":true}]}}