{"id":76278,"date":"2021-07-06T02:35:29","date_gmt":"2021-07-06T06:35:29","guid":{"rendered":"https:\/\/schillerinstitute.com\/?p=76278"},"modified":"2021-07-06T02:35:32","modified_gmt":"2021-07-06T06:35:32","slug":"mexiko-und-argentinien-koordinieren-ueber-die-celac-die-verteilung-von-impfstoffen-an-lateinamerika-und-die-karibik","status":"publish","type":"post","link":"https:\/\/schillerinstitute.com\/de\/blog\/2021\/07\/06\/mexiko-und-argentinien-koordinieren-ueber-die-celac-die-verteilung-von-impfstoffen-an-lateinamerika-und-die-karibik\/","title":{"rendered":"Mexiko und Argentinien koordinieren \u00fcber die CELAC die Verteilung von Impfstoffen an Lateinamerika und die Karibik"},"content":{"rendered":"\n<p>Mexiko und Argentinien \u00fcben eine wichtige F\u00fchrungsrolle bei der Bereitstellung von Impfstoffen f\u00fcr Mittel- und S\u00fcdamerika und die Karibik aus, indem sie sich \u00fcber die Gemeinschaft der lateinamerikanischen und karibischen Staaten (CELAC) koordinieren, deren Pr\u00e4sident pro tempore Mexiko ist. Diese Initiative spiegelt die strategische Partnerschaft der beiden Nationen wider, die \u00fcber die Frage der Impfstoffe hinausgeht und sich auch auf au\u00dfenpolitische und wirtschaftliche Entwicklungsfragen erstreckt. Mitten in der Covid-Pandemie jedoch war ihre Zusammenarbeit bei der Impfstoffproduktion und -verteilung von entscheidender Bedeutung. Gem\u00e4\u00df der im letzten Jahr von beiden Regierungen unterzeichneten Vereinbarung produziert das argentinische mAbxience-Labor den eigentlichen AZ-Impfstoff, der dann zur endg\u00fcltigen Abf\u00fcllung und Verpackung an das mexikanische Liomont-Labor geliefert wird.<\/p>\n\n\n\n<p>Mit einigen Monaten Versp\u00e4tung begann das Programm erst richtig am 12. Juni, als Mexiko 400.000 AZ-Dosen nach Bolivien, Paraguay und Belize schickte \u2013 100.000 f\u00fcr Belize und je 150.000 f\u00fcr Bolivien und Paraguay \u2013 womit, wie Au\u00dfenminister Marcelo Ebrard betonte, sechs CELAC-L\u00e4nder Zugang zu den AZ-Impfstoffen haben. Er berichtete, da\u00df auch Haiti, Jamaika und Trinidad und Tobago bald Impfstoffe erhalten werden; Jamaika hat am 3. Juli 65.000 AZ-Dosen erhalten, die siebte mexikanische Impfstoffspende f\u00fcr dieses Land.<\/p>\n\n\n\n<p>Alle Impfstoffe, die an andere Nationen gespendet werden, werden von hochrangigen Beamten des mexikanischen Au\u00dfenministeriums pers\u00f6nlich \u00fcbergeben. Maximiliano Reyes, Staatssekret\u00e4r f\u00fcr Lateinamerika und die Karibik, lieferte Impfstoffe nach Belize, und am 24. Juni flog Ebrard pers\u00f6nlich mit einem Jet der mexikanischen Luftwaffe nach Mittelamerika \u2013 zwei Flugzeuge wurden eingesetzt, eines nach Honduras und eines nach Guatemala und El Salvador \u2013 um die 400.000 Dosen AZ-Impfstoff zur Verteilung an diese drei L\u00e4nder zu liefern. In einem Tweet betonte er, da\u00df die 400.000 gespendeten Dosen \u201evon Argentinien und Mexiko produziert\u201c und zur Verf\u00fcgung gestellt w\u00fcrden, um zu zeigen, \u201eda\u00df wir konsequent sind und Solidarit\u00e4t mit anderen L\u00e4ndern [haben]\u201c, berichtete Sputnik am selben Tag. \u201eDie Gemeinschaft der lateinamerikanischen und karibischen Staaten ist pr\u00e4sent! Vereint sind wir besser!\u201c, f\u00fcgte er hinzu.<\/p>\n<!-- AddThis Advanced Settings generic via filter on the_content --><!-- AddThis Share Buttons generic via filter on the_content -->","protected":false},"excerpt":{"rendered":"<p>Mexiko und Argentinien \u00fcben eine wichtige F\u00fchrungsrolle bei der Bereitstellung von Impfstoffen f\u00fcr Mittel- und S\u00fcdamerika und die Karibik aus, indem sie sich \u00fcber die Gemeinschaft der lateinamerikanischen und karibischen Staaten (CELAC) koordinieren, deren Pr\u00e4sident pro tempore Mexiko ist. Diese Initiative spiegelt die strategische Partnerschaft&hellip;<!-- AddThis Advanced Settings generic via filter on get_the_excerpt --><!-- AddThis Share Buttons generic via filter on get_the_excerpt --><\/p>\n","protected":false},"author":34,"featured_media":68735,"comment_status":"open","ping_status":"closed","sticky":false,"template":"","format":"standard","meta":{"_lmt_disableupdate":"","_lmt_disable":"","footnotes":""},"categories":[651,668,37,637],"tags":[],"class_list":["post-76278","post","type-post","status-publish","format-standard","has-post-thumbnail","hentry","category-651","category-668","category-allgemein-de","category-healthcare-de"],"featured_image_src":"https:\/\/schillerinstitute.com\/wp-content\/uploads\/2021\/02\/covid-vaccine-.jpg","author_info":{"display_name":"madeleine","author_link":"https:\/\/schillerinstitute.com\/de\/blog\/author\/madeleine\/"},"modified_by":"madeleine","cc_featured_image_caption":{"caption_text":"","source_text":"","source_url":""},"_links":{"self":[{"href":"https:\/\/schillerinstitute.com\/de\/wp-json\/wp\/v2\/posts\/76278","targetHints":{"allow":["GET"]}}],"collection":[{"href":"https:\/\/schillerinstitute.com\/de\/wp-json\/wp\/v2\/posts"}],"about":[{"href":"https:\/\/schillerinstitute.com\/de\/wp-json\/wp\/v2\/types\/post"}],"author":[{"embeddable":true,"href":"https:\/\/schillerinstitute.com\/de\/wp-json\/wp\/v2\/users\/34"}],"replies":[{"embeddable":true,"href":"https:\/\/schillerinstitute.com\/de\/wp-json\/wp\/v2\/comments?post=76278"}],"version-history":[{"count":1,"href":"https:\/\/schillerinstitute.com\/de\/wp-json\/wp\/v2\/posts\/76278\/revisions"}],"predecessor-version":[{"id":76279,"href":"https:\/\/schillerinstitute.com\/de\/wp-json\/wp\/v2\/posts\/76278\/revisions\/76279"}],"wp:featuredmedia":[{"embeddable":true,"href":"https:\/\/schillerinstitute.com\/de\/wp-json\/wp\/v2\/media\/68735"}],"wp:attachment":[{"href":"https:\/\/schillerinstitute.com\/de\/wp-json\/wp\/v2\/media?parent=76278"}],"wp:term":[{"taxonomy":"category","embeddable":true,"href":"https:\/\/schillerinstitute.com\/de\/wp-json\/wp\/v2\/categories?post=76278"},{"taxonomy":"post_tag","embeddable":true,"href":"https:\/\/schillerinstitute.com\/de\/wp-json\/wp\/v2\/tags?post=76278"}],"curies":[{"name":"wp","href":"https:\/\/api.w.org\/{rel}","templated":true}]}}