{"id":75202,"date":"2021-06-05T12:31:30","date_gmt":"2021-06-05T16:31:30","guid":{"rendered":"https:\/\/schillerinstitute.com\/?p=75202"},"modified":"2021-06-05T12:31:32","modified_gmt":"2021-06-05T16:31:32","slug":"lateinamerika-wendet-sich-zwecks-wirtschaftlicher-beziehungen-eurasischer-wirtschaftsunion-zu","status":"publish","type":"post","link":"https:\/\/schillerinstitute.com\/de\/blog\/2021\/06\/05\/lateinamerika-wendet-sich-zwecks-wirtschaftlicher-beziehungen-eurasischer-wirtschaftsunion-zu\/","title":{"rendered":"Lateinamerika wendet sich zwecks wirtschaftlicher Beziehungen Eurasischer Wirtschaftsunion zu"},"content":{"rendered":"\n<p>Das heutige Ru\u00dfland-Lateinamerika-Podium des St. Petersburger Wirtschaftsforums machte deutlich, da\u00df das Potential f\u00fcr den Ausbau der wirtschaftlichen Beziehungen zwischen diesen L\u00e4ndern \u201eriesig\u201c ist, weil sich Ru\u00dfland als zuverl\u00e4ssiger Partner bei der Sicherung der Impfstoffversorgung und -produktion f\u00fcr die Region erwiesen hat. Die Impfstoff-Kooperation, die Aussichten f\u00fcr steigende Handels- und Investitionsstr\u00f6me, sowohl bilateral als auch mit der Eurasischen Wirtschaftsunion (EAEU), sowie die M\u00f6glichkeit, dies ohne den Einsatz des Dollars zu tun, dominierten die Diskussion.<\/p>\n\n\n\n<p>Von lateinamerikanischer Seite waren hochrangige Ministerialbeamte aus Chile, Argentinien, Mexiko, Guatemala, Guyana und Venezuela, der Generalsekret\u00e4r der Andengemeinschaft (von Bolivien, Kolumbien, Ecuador und Peru), der Pr\u00e4sident des zentralamerikanischen Parlaments und der Chef des f\u00fchrenden brasilianischen Pharmaunternehmens Uniao Quimica als Redner vorgesehen.<\/p>\n\n\n\n<p>Sergei Glazyev, Minister f\u00fcr Integration und Makro\u00f6konomie der Eurasischen Wirtschaftskommission, dominierte die Podiumsdiskussion von der russischen Seite. Ihm zur Seite standen der Leiter des russischen F\u00f6deralen Dienstes f\u00fcr veterin\u00e4rmedizinische und phytosanit\u00e4re \u00dcberwachung (Rosselkhoznadzor) und der exzellente Moderator des Panels, Sergey Brilev, der als Moderator der Sendung &#8222;Vesti v subbotu&#8220; des TV-Kanals &#8222;Ru\u00dfland&#8220; und Leiter des Bering-Bellingshausen-Instituts f\u00fcr Amerikastudien in Uruguay beide Seiten gut kennt.<\/p>\n\n\n\n<p>Uniao Quimica-Chef Fernando De Castro Marques berichtete, da\u00df die Produktion von Sputnik V in Brasilien im Gange sei. UQ habe die erste Charge produziert und werde, sobald sie die Qualit\u00e4tskontrollen des russischen Gamaleya-Instituts bestanden habe, mit der Produktion von 8 Millionen Sputnik-V-Dosen pro Monat beginnen \u2013 sowohl f\u00fcr Brasilien als auch f\u00fcr die lateinamerikanischen Nachbarl\u00e4nder. Mit den in Brasilien produzierten Sputnik-Dosen und 100 Millionen aus China und Indien importierten Impfdosen k\u00f6nnte Brasilien bis Ende des Jahres 70 Prozent seiner Bev\u00f6lkerung geimpft haben \u2013 und gleichzeitig Impfstoffe in die Region exportieren, betonte er.<\/p>\n\n\n\n<p>Der guatemaltekische Wirtschaftsminister Roberto Antonio Malouf Morales sprang auf: \u201eWie lange, sagten Sie, wird es dauern, 8 Millionen Dosen zu produzieren? Einen Monat! Guatemala hat acht Millionen Menschen! Wir haben durch die Pandemie einen Wirtschaftseinbruch von 15% erlitten, mit diesen Impfstoffen k\u00f6nnen wir uns schneller erholen!\u201c<\/p>\n\n\n\n<p>Roberto Antonio Malouf Morales, der stellvertretende chilenische Au\u00dfenminister f\u00fcr internationale Wirtschaftsbeziehungen Rodrigo Yanez Benitez, sowie Jorge Hernando Pedraza Gutierrez, Vorsitzender der Andengemeinschaft, sprachen sich alle f\u00fcr die Ausarbeitung von Handelsabkommen mit der EAEU aus. Die guatemaltekischen und chilenischen Beamten spezifizierten, da\u00df sie die wirtschaftlichen Beziehungen mit Armenien und, ja, Wei\u00dfru\u00dfland, durch die EAEU ausbauen wollten, in der beide Mitglieder sind.<\/p>\n\n\n\n<p>Beide merkten an, da\u00df sie sich vor dem Panel separat mit Sergej Glazyev getroffen h\u00e4tten. Mehr als die ganzen Details wurde der Umfang der EAEU-Diskussionen in der Region am besten durch die Aussage des guatemaltekischen Ministers angedeutet, der meinte, da\u00df wenn man heute in Lateinamerika &#8222;Sergej&#8220; anspreche, jeder genau wisse, von wem die Rede sei.<\/p>\n\n\n\n<p>Die MOUs, die zwischen Lateinamerika und der EAEU unterzeichnet w\u00fcrden, spiegelten die Umstrukturierung hin zu einer polyzentrischen Welt wider, die bereits im Gange sei, sagte Glazyev, aber die Frage sei nun, wie man sie in tats\u00e4chliche Gesch\u00e4fte umsetzen k\u00f6nne. Er erl\u00e4uterte ausf\u00fchrlich die Notwendigkeit, Mechanismen zu schaffen, um diesen Handel au\u00dferhalb des US-Dollars durchf\u00fchren zu k\u00f6nnen, \u201eder toxisch f\u00fcr uns geworden ist.\u201c Seine Ausf\u00fchrungen machten deutlich, da\u00df sowohl auf nationaler wie auch auf Unternehmerebene dar\u00fcber diskutiert werde, wie man eine digitale W\u00e4hrung f\u00fcr den Handel zwischen der EAEU und Lateinamerika schaffen k\u00f6nnte.<\/p>\n\n\n\n<p><\/p>\n\n\n<p><div class=\"call-to-action-big\"><h2>F\u00fcr das Gemeinwohl aller, statt dem Nutzen Weniger!<\/h2><p class=\"excerpt\">Internationale Schiller-Institut\/ICLC Internetkonferenz, 26. und 27. Juni 2021<\/p><p><a href=\"https:\/\/schillerinstitute.com\/de\/internationale-schiller-institut-internetkonferenz-26-u-27-juni-2021\/\" class=\"custom-button large\" data-newwindow=\"true\">Zur Anmeldung \u2192<\/a><\/p><\/div><\/p><!-- AddThis Advanced Settings generic via filter on the_content --><!-- AddThis Share Buttons generic via filter on the_content -->","protected":false},"excerpt":{"rendered":"<p>Das heutige Ru\u00dfland-Lateinamerika-Podium des St. Petersburger Wirtschaftsforums machte deutlich, da\u00df das Potential f\u00fcr den Ausbau der wirtschaftlichen Beziehungen zwischen diesen L\u00e4ndern \u201eriesig\u201c ist, weil sich Ru\u00dfland als zuverl\u00e4ssiger Partner bei der Sicherung der Impfstoffversorgung und -produktion f\u00fcr die Region erwiesen hat. Die Impfstoff-Kooperation, die Aussichten&hellip;<!-- AddThis Advanced Settings generic via filter on get_the_excerpt --><!-- AddThis Share Buttons generic via filter on get_the_excerpt --><\/p>\n","protected":false},"author":34,"featured_media":75175,"comment_status":"open","ping_status":"closed","sticky":false,"template":"","format":"standard","meta":{"_lmt_disableupdate":"","_lmt_disable":"","footnotes":""},"categories":[651],"tags":[],"class_list":["post-75202","post","type-post","status-publish","format-standard","has-post-thumbnail","hentry","category-651"],"featured_image_src":"https:\/\/schillerinstitute.com\/wp-content\/uploads\/2021\/06\/st_petersburg_eco_formum_plenary_session.jpg","author_info":{"display_name":"madeleine","author_link":"https:\/\/schillerinstitute.com\/de\/blog\/author\/madeleine\/"},"modified_by":"madeleine","cc_featured_image_caption":{"caption_text":"","source_text":"","source_url":""},"_links":{"self":[{"href":"https:\/\/schillerinstitute.com\/de\/wp-json\/wp\/v2\/posts\/75202","targetHints":{"allow":["GET"]}}],"collection":[{"href":"https:\/\/schillerinstitute.com\/de\/wp-json\/wp\/v2\/posts"}],"about":[{"href":"https:\/\/schillerinstitute.com\/de\/wp-json\/wp\/v2\/types\/post"}],"author":[{"embeddable":true,"href":"https:\/\/schillerinstitute.com\/de\/wp-json\/wp\/v2\/users\/34"}],"replies":[{"embeddable":true,"href":"https:\/\/schillerinstitute.com\/de\/wp-json\/wp\/v2\/comments?post=75202"}],"version-history":[{"count":7,"href":"https:\/\/schillerinstitute.com\/de\/wp-json\/wp\/v2\/posts\/75202\/revisions"}],"predecessor-version":[{"id":75209,"href":"https:\/\/schillerinstitute.com\/de\/wp-json\/wp\/v2\/posts\/75202\/revisions\/75209"}],"wp:featuredmedia":[{"embeddable":true,"href":"https:\/\/schillerinstitute.com\/de\/wp-json\/wp\/v2\/media\/75175"}],"wp:attachment":[{"href":"https:\/\/schillerinstitute.com\/de\/wp-json\/wp\/v2\/media?parent=75202"}],"wp:term":[{"taxonomy":"category","embeddable":true,"href":"https:\/\/schillerinstitute.com\/de\/wp-json\/wp\/v2\/categories?post=75202"},{"taxonomy":"post_tag","embeddable":true,"href":"https:\/\/schillerinstitute.com\/de\/wp-json\/wp\/v2\/tags?post=75202"}],"curies":[{"name":"wp","href":"https:\/\/api.w.org\/{rel}","templated":true}]}}