{"id":75096,"date":"2021-06-02T14:49:30","date_gmt":"2021-06-02T18:49:30","guid":{"rendered":"https:\/\/schillerinstitute.com\/?p=75096"},"modified":"2021-06-03T05:51:37","modified_gmt":"2021-06-03T09:51:37","slug":"zunehmende-verdichtung-falscher-narrative-im-vorfeld-der-bevorstehenden-gipfeltreffen","status":"publish","type":"post","link":"https:\/\/schillerinstitute.com\/de\/blog\/2021\/06\/02\/zunehmende-verdichtung-falscher-narrative-im-vorfeld-der-bevorstehenden-gipfeltreffen\/","title":{"rendered":"ZUNEHMENDE DICHTE FALSCHER ERZ\u00c4HLUNGEN DER KRIEGSPARTEI IM VORFELD DER BEVORSTEHENDEN GIPFELTREFFEN"},"content":{"rendered":"\n<p>In ihrem w\u00f6chentlichen Dialog beschreibt Helga Zepp-LaRouche detailliert die Vielzahl falscher Stories und erfundener Narrative, die von den imperialen geopolitischen Kriegsfalken in Vorbereitung auf die bevorstehenden Gipfel der G7, der NATO und zwischen den Pr\u00e4sidenten Putin und Biden verbreitet werden. Unter denen, die sie auseinandernahm, sind die Wuhan-Labor-Leck-Geschichte, die am 23. Mai im <em>Wall Street Journal<\/em> von Michael Gordon ver\u00f6ffentlicht wurde, der die urspr\u00fcnglichen L\u00fcgen \u00fcber Iraks Massenvernichtungswaffen f\u00fcr die <em>New York Times<\/em> im Jahr 2002 geschrieben hatte, sowie das Umdeuten der Geschichte der Beziehungen zu Ru\u00dfland nach dem Kalten Krieg durch Chatham House und den britischen Geheimdienst.<\/p>\n\n\n\n<p>Sie sprach auch \u00fcber die Wiederbelebung der gerechtfertigten Vorw\u00fcrfe gegen die NSA und den d\u00e4nischen Geheimdienst in Bezug auf das Ausspionieren von europ\u00e4ischen Staatsoberh\u00e4uptern, das erstmals 2013 aufgedeckt, aber nie beendet wurde. Dar\u00fcber hinaus sprach Zepp-LaRouche \u00fcber den Skandal um den Green New Deal, bei dem Mark Carney eine brutale Form des Neokolonialismus vorantreibt, um die Entwicklung der Volkswirtschaften der Dritten Welt zu verhindern, angeblich um die globale Erw\u00e4rmung aufzuhalten! Den letzte Skandal, den sie ansprach, betrifft den des deutschen Gr\u00fcnen-Co-Vorsitzenden Habeck, der die Lieferung von Waffen durch Deutschland an die Ukraine fordert.<\/p>\n\n\n\n<p>Das Gegenmittel gegen diesen eskalierenden Wahnsinn ist, da\u00df die Zuschauer ihres w\u00f6chentlichen Dialogs diese Themen studieren und sich mit dem Schiller-Institut zusammenschlie\u00dfen, um eine globale anti-malthusianische Bewegung aufzubauen. Das ist die Aufgabe der n\u00e4chsten Wochen bis zur <a href=\"https:\/\/schillerinstitute.com\/de\/internationale-schiller-institut-internetkonferenz-26-u-27-juni-2021\/\" data-type=\"URL\" data-id=\"https:\/\/schillerinstitute.com\/de\/internationale-schiller-institut-internetkonferenz-26-u-27-juni-2021\/\" target=\"_blank\" rel=\"noreferrer noopener\">Konferenz des Schiller-Instituts am 26. und 27. Juni<\/a>, wo diese Ungeheuerlichkeiten vollst\u00e4ndig aufgedeckt und die politischen Alternativen dazu vorgestellt werden.<\/p>\n\n\n\n<figure class=\"wp-block-embed is-type-video is-provider-youtube wp-block-embed-youtube wp-embed-aspect-16-9 wp-has-aspect-ratio\"><div class=\"wp-block-embed__wrapper\">\n<iframe loading=\"lazy\" title=\"Wuhan-Labor-Story = Irakkriegl\u00fcge 2.0\" width=\"960\" height=\"540\" src=\"https:\/\/www.youtube.com\/embed\/ZX8k5NLkrUU?feature=oembed\" frameborder=\"0\" allow=\"accelerometer; autoplay; clipboard-write; encrypted-media; gyroscope; picture-in-picture\" allowfullscreen><\/iframe>\n<\/div><\/figure>\n<!-- AddThis Advanced Settings generic via filter on the_content --><!-- AddThis Share Buttons generic via filter on the_content -->","protected":false},"excerpt":{"rendered":"<p>In ihrem w\u00f6chentlichen Dialog beschreibt Helga Zepp-LaRouche detailliert die Vielzahl falscher Stories und erfundener Narrative, die von den imperialen geopolitischen Kriegsfalken in Vorbereitung auf die bevorstehenden Gipfel der G7, der NATO und zwischen den Pr\u00e4sidenten Putin und Biden verbreitet werden. Unter denen, die sie auseinandernahm,&hellip;<!-- AddThis Advanced Settings generic via filter on get_the_excerpt --><!-- AddThis Share Buttons generic via filter on get_the_excerpt --><\/p>\n","protected":false},"author":34,"featured_media":71105,"comment_status":"open","ping_status":"closed","sticky":false,"template":"","format":"standard","meta":{"_lmt_disableupdate":"no","_lmt_disable":"","footnotes":""},"categories":[95,37,537,438,471,462,96],"tags":[],"class_list":["post-75096","post","type-post","status-publish","format-standard","has-post-thumbnail","hentry","category-grun-bedeutet-tod","category-allgemein-de","category-hzl-video-de","category-helga-zepp-larouche-de","category-webcast-de","category-webcast-mit-helga-zepp-larouche","category-weltkrieg-stoppen"],"featured_image_src":"https:\/\/schillerinstitute.com\/wp-content\/uploads\/2021\/03\/helga.jpg","author_info":{"display_name":"madeleine","author_link":"https:\/\/schillerinstitute.com\/de\/blog\/author\/madeleine\/"},"modified_by":"madeleine","cc_featured_image_caption":{"caption_text":"","source_text":"","source_url":""},"_links":{"self":[{"href":"https:\/\/schillerinstitute.com\/de\/wp-json\/wp\/v2\/posts\/75096","targetHints":{"allow":["GET"]}}],"collection":[{"href":"https:\/\/schillerinstitute.com\/de\/wp-json\/wp\/v2\/posts"}],"about":[{"href":"https:\/\/schillerinstitute.com\/de\/wp-json\/wp\/v2\/types\/post"}],"author":[{"embeddable":true,"href":"https:\/\/schillerinstitute.com\/de\/wp-json\/wp\/v2\/users\/34"}],"replies":[{"embeddable":true,"href":"https:\/\/schillerinstitute.com\/de\/wp-json\/wp\/v2\/comments?post=75096"}],"version-history":[{"count":3,"href":"https:\/\/schillerinstitute.com\/de\/wp-json\/wp\/v2\/posts\/75096\/revisions"}],"predecessor-version":[{"id":75134,"href":"https:\/\/schillerinstitute.com\/de\/wp-json\/wp\/v2\/posts\/75096\/revisions\/75134"}],"wp:featuredmedia":[{"embeddable":true,"href":"https:\/\/schillerinstitute.com\/de\/wp-json\/wp\/v2\/media\/71105"}],"wp:attachment":[{"href":"https:\/\/schillerinstitute.com\/de\/wp-json\/wp\/v2\/media?parent=75096"}],"wp:term":[{"taxonomy":"category","embeddable":true,"href":"https:\/\/schillerinstitute.com\/de\/wp-json\/wp\/v2\/categories?post=75096"},{"taxonomy":"post_tag","embeddable":true,"href":"https:\/\/schillerinstitute.com\/de\/wp-json\/wp\/v2\/tags?post=75096"}],"curies":[{"name":"wp","href":"https:\/\/api.w.org\/{rel}","templated":true}]}}