{"id":74244,"date":"2021-05-14T08:18:09","date_gmt":"2021-05-14T12:18:09","guid":{"rendered":"https:\/\/schillerinstitute.com\/?p=74244"},"modified":"2021-05-15T12:59:38","modified_gmt":"2021-05-15T16:59:38","slug":"farrakhans-agapisches-geburtstagsgeschenk-beethovens-violinkonzert","status":"publish","type":"post","link":"https:\/\/schillerinstitute.com\/de\/blog\/2021\/05\/14\/farrakhans-agapisches-geburtstagsgeschenk-beethovens-violinkonzert\/","title":{"rendered":"Farrakhans agapisches Geburtstagsgeschenk: Beethovens Violinkonzert"},"content":{"rendered":"\n<p>Anl\u00e4\u00dflich seines 88. Geburtstages und des 250. Geburtstages von Beethoven intervenierte Louis Farrakhan, F\u00fchrer der afroamerikanischen religi\u00f6sen Bewegung <em>Nation of Islam<\/em>, liebevoll in unsere krisengesch\u00fcttelte Welt: Er ver\u00f6ffentlichte die Videoaufnahme seiner Auff\u00fchrung des Beethoven-Violinkonzerts von 2002, die aus verschiedenen Gr\u00fcnden nicht fr\u00fcher ver\u00f6ffentlicht werden konnte. Das Konzert beinhaltete eine Auff\u00fchrung von Beethovens 5. Sinfonie, gefolgt von dem Konzert. <\/p>\n\n\n\n<figure class=\"wp-block-embed is-type-video is-provider-youtube wp-block-embed-youtube wp-embed-aspect-16-9 wp-has-aspect-ratio\"><div class=\"wp-block-embed__wrapper\">\n<iframe loading=\"lazy\" title=\"Minister Louis Farrakhan | Beethoven Violin Concerto | World Premiere\" width=\"960\" height=\"540\" src=\"https:\/\/www.youtube.com\/embed\/l-iE9uNKwU0?feature=oembed\" frameborder=\"0\" allow=\"accelerometer; autoplay; clipboard-write; encrypted-media; gyroscope; picture-in-picture\" allowfullscreen><\/iframe>\n<\/div><\/figure>\n\n\n\n<p>Aufgrund des Livestreams, der, zumindest aus der Sicht dieses Autors, von der Internet\u00fcbertragungsqualit\u00e4t beeintr\u00e4chtigt wurde, gab es Momente, in denen nicht klar war, ob das Orchester in jedem Moment so zusammengespielt hat, wie es h\u00e4tte sein k\u00f6nnen. In einigen der sehr schwierigen Passagen des Konzerts war auch nicht jede Note, die Farrakhan spielte, perfekt getroffen, jedoch, wie die Geigerin Ayke Agus betonte, die sich bereit erkl\u00e4rt hatte, innerhalb eines erstaunlich kurzen Zeitplans zusammen mit dem Pfarrer an der Vorbereitung zu arbeiten und dann bei der Auff\u00fchrung die Konzertmeisterin gab, h\u00e4tten die musikalische Qualit\u00e4t und die wahrheitsgem\u00e4\u00dfe, unpr\u00e4tenti\u00f6se Absicht der Botschaft alle technischen Unzul\u00e4nglichkeiten \u00fcberkommen, die wahrscheinlich von den meisten nicht einmal bemerkt worden seien. Bestimmte lyrische Abschnitte waren absolut hinrei\u00dfend, mit einer wundersch\u00f6nen Stimmqualit\u00e4t, und die extrem hohen T\u00f6ne waren derart sch\u00f6n platziert, wie es ein hervorragender S\u00e4nger tun w\u00fcrde.<\/p>\n\n\n\n<p>Das Video wurde von Farrakhans Enkelsohn eingeleitet, gefolgt von Cornel West, der \u00fcber die Kraft von Beethovens Musik sprach, Menschen zu vereinen, sein bemerkenswertester Kommentar war jedoch sein Eingest\u00e4ndnis, da\u00df er zwar einige sehr tiefe Meinungsverschiedenheiten mit dem Pfarrer habe, ihn aber dennoch liebe.<\/p>\n\n\n\n<p>Aus Bemerkungen von Farrakhans Trainer, Cornel West und dem Pfarrer selbst ging hervor, da\u00df er 1942 oder 1943 in Boston ein Konzert mit Beethovens 5. Sinfonie besucht hatte, das von Jascha Heifetz fortgesetzt wurde, der das Beethoven-Violinkonzert in einer Weise spielte, die den Jungen zutiefst bewegte. Er bekam ein Autogramm von Heifetz auf sein Programmheft, das er bis zum heutigen Tage besitzt. Als Kind hatte er offensichtlich enormes Talent, aber das Land war noch nicht bereit f\u00fcr einen schwarzen klassischen Geiger, weshalb er sein Instrument f\u00fcr 40 Jahre beiseitelegte.<\/p>\n\n\n\n<p>Als er es wieder zur Hand nahm, war seine Lehrerin Elaine Skorodin Fohrman, selbst eine Sch\u00fclerin von Heifetz, die ihm bei der Vorbereitung des Mendelssohn-Violinkonzerts half, aber nicht davon \u00fcberzeugt war, da\u00df er den Beethoven in so kurzer Zeit (oder \u00fcberhaupt in weniger als zehn Jahren) zu meistern in der Lage w\u00e4re. Und obwohl ihr Z\u00f6gern anhielt, war sie dennoch als moralische Unterst\u00fctzung und trotz ihrer gegenteiligen Meinung im Orchester mit dabei.<\/p>\n\n\n\n<p>In Farrakhans Kommentaren nach der Auff\u00fchrung 2002, die in dem Video enthalten sind, stellte er zwei junge schwarze Geiger vor, die Teil des Orchesters waren. Die eine war eine 19-j\u00e4hrige junge Frau, die ein Video von sich selbst eingesandt hatte, das sie bei der Vorf\u00fchrung des Sibelius-Violinkonzerts zeigte, was Farrakhan zu Tr\u00e4nen r\u00fchrte und zu dem Ausspruch brachte: \u201eSie kann alles sein, was ich mir je von jemandem erhofft habe\u201c, sowie ein junger Mann, der ein Video von sich selbst eingesandt hatte, in dem er das Tschaikowsky-Violinkonzert spielte, was wiederum einen Tr\u00e4nenstrom ausl\u00f6ste. \u00dcber ihn sagte Farrakhan: \u201eEr ist alles, was ich mir zu sein erhofft hatte, und noch einiges mehr\u201c \u2013 was einerseits den Rassismus als das Verbrechen entlarvte, das er tats\u00e4chlich ist, und andererseits aufzeigte, wie man die beabsichtigte Wirkung dieses Verbrechens zur\u00fcckweisen kann, indem man durch die Disziplin und das Geschenk der klassischen Kultur eine wahrhaft menschliche Identit\u00e4t entfaltet, trotz der b\u00f6sen Absicht des Rassismus. Auf diese Weise, wenn dieser Weg eingeschlagen wird, kann die Zivilisation nicht des moralischen Potentials beraubt werden, das sich in der Entwicklung gro\u00dfer Talente zum Genie ausdr\u00fcckt und dadurch die gesamte Gesellschaft zu erheben und ver\u00e4ndern in der Lage ist.<\/p>\n<!-- AddThis Advanced Settings generic via filter on the_content --><!-- AddThis Share Buttons generic via filter on the_content -->","protected":false},"excerpt":{"rendered":"<p>Anl\u00e4\u00dflich seines 88. Geburtstages und des 250. Geburtstages von Beethoven intervenierte Louis Farrakhan, F\u00fchrer der afroamerikanischen religi\u00f6sen Bewegung Nation of Islam, liebevoll in unsere krisengesch\u00fcttelte Welt: Er ver\u00f6ffentlichte die Videoaufnahme seiner Auff\u00fchrung des Beethoven-Violinkonzerts von 2002, die aus verschiedenen Gr\u00fcnden nicht fr\u00fcher ver\u00f6ffentlicht werden konnte.&hellip;<!-- AddThis Advanced Settings generic via filter on get_the_excerpt --><!-- AddThis Share Buttons generic via filter on get_the_excerpt --><\/p>\n","protected":false},"author":34,"featured_media":74200,"comment_status":"open","ping_status":"closed","sticky":false,"template":"","format":"standard","meta":{"_lmt_disableupdate":"no","_lmt_disable":"","footnotes":""},"categories":[94,524,645],"tags":[],"class_list":["post-74244","post","type-post","status-publish","format-standard","has-post-thumbnail","hentry","category-eine-neue-renaissance","category-updates-de","category-updates-music-de"],"featured_image_src":"https:\/\/schillerinstitute.com\/wp-content\/uploads\/2021\/05\/farrakhan_beethoven_violin_concerto.jpg","author_info":{"display_name":"madeleine","author_link":"https:\/\/schillerinstitute.com\/de\/blog\/author\/madeleine\/"},"modified_by":"madeleine","cc_featured_image_caption":{"caption_text":"","source_text":"","source_url":""},"_links":{"self":[{"href":"https:\/\/schillerinstitute.com\/de\/wp-json\/wp\/v2\/posts\/74244","targetHints":{"allow":["GET"]}}],"collection":[{"href":"https:\/\/schillerinstitute.com\/de\/wp-json\/wp\/v2\/posts"}],"about":[{"href":"https:\/\/schillerinstitute.com\/de\/wp-json\/wp\/v2\/types\/post"}],"author":[{"embeddable":true,"href":"https:\/\/schillerinstitute.com\/de\/wp-json\/wp\/v2\/users\/34"}],"replies":[{"embeddable":true,"href":"https:\/\/schillerinstitute.com\/de\/wp-json\/wp\/v2\/comments?post=74244"}],"version-history":[{"count":3,"href":"https:\/\/schillerinstitute.com\/de\/wp-json\/wp\/v2\/posts\/74244\/revisions"}],"predecessor-version":[{"id":74372,"href":"https:\/\/schillerinstitute.com\/de\/wp-json\/wp\/v2\/posts\/74244\/revisions\/74372"}],"wp:featuredmedia":[{"embeddable":true,"href":"https:\/\/schillerinstitute.com\/de\/wp-json\/wp\/v2\/media\/74200"}],"wp:attachment":[{"href":"https:\/\/schillerinstitute.com\/de\/wp-json\/wp\/v2\/media?parent=74244"}],"wp:term":[{"taxonomy":"category","embeddable":true,"href":"https:\/\/schillerinstitute.com\/de\/wp-json\/wp\/v2\/categories?post=74244"},{"taxonomy":"post_tag","embeddable":true,"href":"https:\/\/schillerinstitute.com\/de\/wp-json\/wp\/v2\/tags?post=74244"}],"curies":[{"name":"wp","href":"https:\/\/api.w.org\/{rel}","templated":true}]}}