{"id":71702,"date":"2021-04-05T10:49:22","date_gmt":"2021-04-05T14:49:22","guid":{"rendered":"https:\/\/schillerinstitute.com\/?p=71702"},"modified":"2021-04-05T10:49:24","modified_gmt":"2021-04-05T14:49:24","slug":"grosse-bauernproteste-in-paris-frankreich-willst-du-deine-bauern-noch","status":"publish","type":"post","link":"https:\/\/schillerinstitute.com\/de\/blog\/2021\/04\/05\/grosse-bauernproteste-in-paris-frankreich-willst-du-deine-bauern-noch\/","title":{"rendered":"Gro\u00dfe Bauernproteste in Paris: \u201eFrankreich, willst du deine Bauern noch?\u201c"},"content":{"rendered":"\n<p>\u201eFrankreich, willst du deine Bauern noch?\u201c \u2013 unter dieses Motto hatte der franz\u00f6sische Bauernverband FNSEA die Protestaktionen gestellt, die am Freitag im Gro\u00dfraum Paris stattfanden. In den letzten Wochen haben Tausende von franz\u00f6sischen Landwirten und Bauernvertretungen trotz der COVID-19-Beschr\u00e4nkungen vor allem in Clermont Ferrand und Lyon ihre Traktoren herausgeholt, um gegen die EU-Politik zu protestieren, die \u201eihre Existenz bedroht.\u201c<\/p>\n\n\n\n<p>Auch in Deutschland sind in letzter Zeit Tausende von Bauern auf die Stra\u00dfe gegangen, um gegen unm\u00f6gliche Agrarauflagen zu protestieren.<\/p>\n\n\n\n<p>Im Mittelpunkt des franz\u00f6sischen Protests stehen die j\u00fcngsten EU-Entw\u00fcrfe zur Reform der Gemeinsamen Agrarpolitik (GAP), die 1962 von de Gaulle zur Steigerung der Produktion und der Ern\u00e4hrungssicherheit eingef\u00fchrt wurde, aber von London immer wieder angegriffen und zunehmend verw\u00e4ssert wurde.<\/p>\n\n\n\n<p>Mit dem \u201eGreen New Deal\u201c will die EU jetzt gesetzlich in die GAP eingreifen, um den Einsatz von Stickstoffd\u00fcnger zu besteuern. Das neue \u201eKlimaresistenzgesetz\u201c, das die Landwirte als \u201eunfaire Stickstoffstrafgeb\u00fchr\u201c bezeichnen, w\u00fcrde den Einsatz von chemischen D\u00fcngemitteln \u201estigmatisieren\u201c, ohne Alternativen zu bieten, so die FNSEA, Frankreichs gr\u00f6\u00dfter Bauernverband.<\/p>\n\n\n\n<p>Die drohende D\u00fcngemittelabgabe in Verbindung mit dem Egalim-Gesetz, das franz\u00f6sische Erzeuger dazu verpflichtet, selbst kollektiv Preise mit den Gro\u00dfh\u00e4ndlern auszuhandeln und so die landwirtschaftlichen Erzeugerpreise weit unter die Produktionskosten gedr\u00fcckt hat, k\u00f6nnte f\u00fcr die Landwirte und ihre Familien katastrophal sein. Gleichzeitig verlangt die GAP-Reform in ihrer jetzigen Form den Landwirten enorme agrar\u00f6kologische Anstrengungen ab, die die meisten von ihnen f\u00fcr nicht durchf\u00fchrbar halten. Jetzt machen die Bauern ihrer Frustration Luft.<\/p>\n\n\n\n<p>Bei ihren Protesten geht es den Bauern auch darum, eine Botschaft \u201ean unsere Mitb\u00fcrger zu senden, um sie auf die Dringlichkeit der Rettung der franz\u00f6sischen Landwirtschaft aufmerksam zu machen\u201c, ohne die \u201eunsere Ern\u00e4hrungsautonomie und die Erhaltung unserer nationalen Qualit\u00e4tsproduktion\u201c nicht gew\u00e4hrleistet werden kann.<\/p>\n<!-- AddThis Advanced Settings generic via filter on the_content --><!-- AddThis Share Buttons generic via filter on the_content -->","protected":false},"excerpt":{"rendered":"<p>\u201eFrankreich, willst du deine Bauern noch?\u201c \u2013 unter dieses Motto hatte der franz\u00f6sische Bauernverband FNSEA die Protestaktionen gestellt, die am Freitag im Gro\u00dfraum Paris stattfanden. In den letzten Wochen haben Tausende von franz\u00f6sischen Landwirten und Bauernvertretungen trotz der COVID-19-Beschr\u00e4nkungen vor allem in Clermont Ferrand und&hellip;<!-- AddThis Advanced Settings generic via filter on get_the_excerpt --><!-- AddThis Share Buttons generic via filter on get_the_excerpt --><\/p>\n","protected":false},"author":34,"featured_media":71658,"comment_status":"open","ping_status":"closed","sticky":false,"template":"","format":"standard","meta":{"_lmt_disableupdate":"","_lmt_disable":"","footnotes":""},"categories":[652,653,649,654],"tags":[],"class_list":["post-71702","post","type-post","status-publish","format-standard","has-post-thumbnail","hentry","category-652","category-653","category-649","category-654"],"featured_image_src":"https:\/\/schillerinstitute.com\/wp-content\/uploads\/2021\/04\/tractors-1329972_1280.jpg","author_info":{"display_name":"madeleine","author_link":"https:\/\/schillerinstitute.com\/de\/blog\/author\/madeleine\/"},"modified_by":"madeleine","cc_featured_image_caption":{"caption_text":"","source_text":"","source_url":""},"_links":{"self":[{"href":"https:\/\/schillerinstitute.com\/de\/wp-json\/wp\/v2\/posts\/71702","targetHints":{"allow":["GET"]}}],"collection":[{"href":"https:\/\/schillerinstitute.com\/de\/wp-json\/wp\/v2\/posts"}],"about":[{"href":"https:\/\/schillerinstitute.com\/de\/wp-json\/wp\/v2\/types\/post"}],"author":[{"embeddable":true,"href":"https:\/\/schillerinstitute.com\/de\/wp-json\/wp\/v2\/users\/34"}],"replies":[{"embeddable":true,"href":"https:\/\/schillerinstitute.com\/de\/wp-json\/wp\/v2\/comments?post=71702"}],"version-history":[{"count":1,"href":"https:\/\/schillerinstitute.com\/de\/wp-json\/wp\/v2\/posts\/71702\/revisions"}],"predecessor-version":[{"id":71703,"href":"https:\/\/schillerinstitute.com\/de\/wp-json\/wp\/v2\/posts\/71702\/revisions\/71703"}],"wp:featuredmedia":[{"embeddable":true,"href":"https:\/\/schillerinstitute.com\/de\/wp-json\/wp\/v2\/media\/71658"}],"wp:attachment":[{"href":"https:\/\/schillerinstitute.com\/de\/wp-json\/wp\/v2\/media?parent=71702"}],"wp:term":[{"taxonomy":"category","embeddable":true,"href":"https:\/\/schillerinstitute.com\/de\/wp-json\/wp\/v2\/categories?post=71702"},{"taxonomy":"post_tag","embeddable":true,"href":"https:\/\/schillerinstitute.com\/de\/wp-json\/wp\/v2\/tags?post=71702"}],"curies":[{"name":"wp","href":"https:\/\/api.w.org\/{rel}","templated":true}]}}