{"id":70427,"date":"2021-03-14T09:24:44","date_gmt":"2021-03-14T13:24:44","guid":{"rendered":"https:\/\/schillerinstitute.com\/?p=70427"},"modified":"2021-03-14T09:24:46","modified_gmt":"2021-03-14T13:24:46","slug":"befreit-deutschland-aus-den-klauen-der-kleptomanen","status":"publish","type":"post","link":"https:\/\/schillerinstitute.com\/de\/blog\/2021\/03\/14\/befreit-deutschland-aus-den-klauen-der-kleptomanen\/","title":{"rendered":"Befreit Deutschland aus den Klauen der Kleptomanen!"},"content":{"rendered":"\n<p>Von <a rel=\"noreferrer noopener\" href=\"https:\/\/schillerinstitute.com\/de\/helga-zepp-larouche\/\" data-type=\"URL\" data-id=\"https:\/\/schillerinstitute.com\/de\/helga-zepp-larouche\/\" target=\"_blank\">Helga Zepp-LaRouche<\/a><\/p>\n\n\n\n<p>Der Unmut in der Bev\u00f6lkerung w\u00e4chst, und das zu Recht. Wir sind jetzt, im M\u00e4rz 2021, aufgrund einer miserablen \u201eErfolgsbilanz\u201c der EU in Deutschland mit der dritten Welle der COVID-19-Pandemie konfrontiert. Wir waren als Resultat einer jahrzehntelangen Privatisierung des Gesundheitssystems eben nicht gut auf den Ausbruch vorbereitet, im Gegensatz zu der Behauptung von Jens Spahn im Februar 2020 &#8211; einer Fehleinsch\u00e4tzung, der wir zu verdanken hatten, da\u00df die Bundesregierung viel zu sp\u00e4t damit begann, medizinische Hilfsmittel wie Masken zu bestellen. Anstatt danach bei der Bestellung der Impfstoffe zuerst die Gesundheit der eigenen Bev\u00f6lkerung in Betracht zu ziehen, sahen die Pro-EU-Ideologen in dieser Krise eine willkommene Gelegenheit, die supranationale Integration der EU voranzutreiben, und \u00fcbergaben die Verantwortung an die v\u00f6llig inkompetente EU-B\u00fcrokratie. Anstatt im Sinne des Gemeinwohls durch Investitionen daf\u00fcr zu sorgen, da\u00df die Produktionskapazit\u00e4ten f\u00fcr Impfstoffe maximiert w\u00fcrden, \u00fcberlie\u00df man alles dem \u201efreien Markt\u201c.<\/p>\n\n\n\n<p>Die Bilanz dieser Inkompetenz: W\u00e4hrend China, ein Land mit 1,4 Milliarden Menschen bisher nur 4636 Tote als Folge der Pandemie zu beklagen hat, daf\u00fcr aber ein Wirtschaftswachstum f\u00fcr 2020 von \u00fcber 2 Prozent verzeichnet, starben in Deutschland bisher 73.120 Menschen und in Europa 880.644 Menschen, w\u00e4hrend die Wirtschaft in Europa in allen L\u00e4ndern um mehrere Prozente schrumpfte und viele Menschen ihre Arbeitspl\u00e4tze und Existenzgrundlagen verloren haben.<\/p>\n\n\n\n<p>Jetzt herrscht gro\u00dfe Aufregung dar\u00fcber, da\u00df einige Bundestagsabgeordnete f\u00fcr die Vermittlung von Atemschutzmasken sechsstellige Provisionen eingesteckt haben, und Wolfgang Sch\u00e4uble schwingt sich zum Obermoralapostel auf und nennt diese pers\u00f6nliche Bereicherung sch\u00e4ndlich. Aber ist es nicht noch weit sch\u00e4ndlicher, die ganze europ\u00e4ische Bev\u00f6lkerung mit einem Green Deal zu betr\u00fcgen, der die Industriestaaten Europas wie von einer Abri\u00dfkugel getroffen zum Einsturz bringen, die Landwirtschaft ruinieren, Arbeitspl\u00e4tze zerst\u00f6ren, den Lebensstandard des allergr\u00f6\u00dften Teils der Bev\u00f6lkerung massiv absenken und nur die Reichen und Spekulanten reicher machen wird? Denn das ist genau die Politik, f\u00fcr die Sch\u00e4uble, Merkel, Altmeier, Scholz, Draghi, Macron, von der Leyen &amp; Co. stehen!<\/p>\n\n\n\n<p><a href=\"https:\/\/schillerinstitute.com\/de\/unsere-kampagne\/grun-bedeutet-tod\/\" data-type=\"URL\" data-id=\"https:\/\/schillerinstitute.com\/de\/unsere-kampagne\/grun-bedeutet-tod\/\" target=\"_blank\" rel=\"noreferrer noopener\">Der Green Deal<\/a>, eine Politik, bei der von der EU herunter \u00fcber die Mitgliedsstaaten und die Banken alle Investitionen nur noch in \u201egr\u00fcne\u201c Technologien und Industriezweige gelenkt werden, l\u00e4uft auf eine brutale Vernichtung von industriellen und landwirtschaftlichen Kapazit\u00e4ten hinaus und f\u00fchrt in der Konsequenz zu einer Reduktion der Bev\u00f6lkerung. Denn es gibt einen direkten Zusammenhang zwischen der im Produktionsproze\u00df verwandten Energieflu\u00dfdichte, der Produktivit\u00e4t und der Anzahl von Menschen, die durch diese Kapazit\u00e4ten unterhalten werden k\u00f6nnen. Die \u201egro\u00dfe Transformation der Dekarbonisierung der Weltwirtschaft\u201c, wie sie von Schellnhuber und dem WBGU schon seit fast zwei Jahrzehnten propagiert und jetzt von von der Leyen umgesetzt wird, hei\u00dft nichts anderes, als zu einem vorindustriellen Niveau zur\u00fcckzukehren. Den gro\u00dfen Reibach machen dabei allerdings die <a href=\"https:\/\/forms.sbc08.com\/5f95e7f611ce6217f492b9ad\/TAaV__kiQRCOJjTAY_mWmg\/_4jHbuTrQqOJc-9Y6Daw0A\/form.html\" data-type=\"URL\" data-id=\"https:\/\/forms.sbc08.com\/5f95e7f611ce6217f492b9ad\/TAaV__kiQRCOJjTAY_mWmg\/_4jHbuTrQqOJc-9Y6Daw0A\/form.html\">Spekulanten, Banken und Hedgefonds, also die Finanzoligarchie<\/a>, die in diesen modernen Abla\u00dfhandel &#8211; denn nichts anderes ist das Gesch\u00e4ft mit den CO2- Emissionszertifikaten &#8211; investiert.<\/p>\n\n\n\n<p>Gegen diese massive Verletzung des Gemeinwohls klagte jetzt am 8. M\u00e4rz eine Koalition von zw\u00f6lf US-Bundesstaaten unter der F\u00fchrung des Justizministers von Missouri, Eric Schmitt, der die von Pr\u00e4sident Biden erlassene \u201eVerordnung 13990\u201c mit dem Titel \u201eSchutz von \u00d6ffentlicher Gesundheit und Umwelt und die Wiederherstellung der Wissenschaft zur Bew\u00e4ltigung der Klimakrise\u201c anficht. Diese Verordnung befiehlt im Prinzip das Gleiche wie der Green Deal der EU oder der Green New Deal der US-Demoraten: eine massive Reduktion von industrieller und landwirtschaftlicher Produktion, Energieproduktion und -verbrauch oder jeder anderen Aktivit\u00e4t, welche die Emission von sogenannten Treibhausgasen zur Folge h\u00e4tte.<\/p>\n\n\n\n<p>In einem Abschnitt der Klage wird darauf hingewiesen, worum es sowohl in den USA selbst als auch weltweit geht: \u201eWenn diese Verf\u00fcgung Geltung hat, wird sie auf viele Jahrzehnte in die Zukunft Hunderte von Milliarden oder Billionen an Schaden f\u00fcr die US-Wirtschaft anrichten. Sie wird Arbeitspl\u00e4tze zerst\u00f6ren, Energieproduktion abdrosseln, Amerikas Energieunabh\u00e4ngigkeit strangulieren, die Landwirtschaft unterdr\u00fccken, Innovation verhindern, und die erwerbst\u00e4tigen Familien verarmen&#8230;\u201c In der Klage ist weiterhin vermerkt, da\u00df die Biden-Verordnung bei der Berechnung der \u201esozialen Kosten\u201c v\u00f6llig die indirekte Wirkung ignoriert, die die Reduktionen der Treibhausgase f\u00fcr die ganze Welt h\u00e4tte.<\/p>\n\n\n\n<p>Bei den Regierungen der zw\u00f6lf klagenden Staaten &#8211; Kansas, Nebraska, Oklahoma, Arkansas, Montana, Ohio, Indiana, Arizona, South Carolina, Tennessee, Utah und Missouri &#8211; handelt es sich zwar um republikanische Regierungen, doch geht es hier aber keineswegs um eine parteipolitische Opposition gegen die demokratische Biden-Administration. Diese Staaten sind das Herzst\u00fcck des amerikanischen Farmg\u00fcrtels, und die dort arbeitenden Landwirte, von denen viele einen \u00dcberlebenskampf gegen die Profitgier der Kartelle k\u00e4mpfen, wissen sehr wohl um die Welthungerkatastrophe, die rund 300 Millionen Menschen weltweit bedroht und vor der der Chef des Weltern\u00e4hrungsprogramms, David Beasley, wieder und wieder warnt. Denn Beasley war fr\u00fcher Gouverneur von South Carolina und ist bis heute eng verbunden mit diesen Farmern.<\/p>\n\n\n\n<p>David Beasley berichtete am 9. M\u00e4rz in einer Video-Telekonferenz mit <em>Associated Press<\/em> aus Addis Abeba von den himmelschreienden Umst\u00e4nden, die er bei seiner gerade beendeten Tour im Jemen vorgefunden hat: <a href=\"https:\/\/schillerinstitute.com\/de\/blog\/2021\/03\/13\/david-beasley-ueber-den-jemen-das-ist-die-hoelle\/\" data-type=\"URL\" data-id=\"https:\/\/schillerinstitute.com\/de\/blog\/2021\/03\/13\/david-beasley-ueber-den-jemen-das-ist-die-hoelle\/\" target=\"_blank\" rel=\"noreferrer noopener\">\u201eEs ist die H\u00f6lle &#8211; der furchtbarste Ort auf der Erde\u201c<\/a>, die schlimmste humanit\u00e4re Krise auf der Welt, die vollst\u00e4ndig das Ergebnis menschlicher Handlungen sei. In einem Krankenhaus in Sana&#8217;a seien vor seinen Augen Kinder verhungert, weil einfach keine Nahrungsmittel da waren. Viele seien am Rande des Todes, obwohl sie Krankheiten und Schw\u00e4chen h\u00e4tten, die einfach zu behandeln w\u00e4ren, wenn die Mittel vorhanden w\u00e4ren. Normalerweise h\u00f6re man in der Kinderabteilung eines Krankenhauses Weinen, L\u00e4rmen und Lachen. Aber im Jemen h\u00f6re man kein Weinen, kein Lachen, es herrsche t\u00f6dliches Schweigen. Andere Reporter berichten, da\u00df viele Kinder Haut wie Pergament haben und bis auf die Knochen abgemagert sind, bevor sie sterben.<\/p>\n\n\n\n<p>Jemen ist sicher der furchtbarste Ort auf der Erde, aber leider sind etliche Staaten und Regionen nicht weit von einer solchen Lage entfernt. Syrien, Eritrea, Niger, Mozambique, Haiti, Nicaragua, Bolivien &#8211; die Liste von Staaten im sogenannten Entwicklungssektor, die furchtbar von der Pandemie, von Hunger und den Auswirkungen auf die sogenannte informelle \u00d6konomie getroffen sind, ist sehr lang. Die Weltern\u00e4hrungsbeh\u00f6rde braucht dieses Jahr mindestens 815 Millionen Dollar allein f\u00fcr den Jemen, um Millionen von Menschen vor dem Hungertod zu bewahren, konnte aber bisher nur 300 Millionen organisieren. Was sind diese fehlenden l\u00e4ppischen 500 Millionen im Vergleich zu den 30 bis 50 Billionen (50.000.000.000.000), die die Zentralbanken in den n\u00e4chsten zehn Jahren in den <a href=\"https:\/\/schillerinstitute.com\/de\/unsere-kampagne\/grun-bedeutet-tod\/\" data-type=\"URL\" data-id=\"https:\/\/schillerinstitute.com\/de\/unsere-kampagne\/grun-bedeutet-tod\/\" target=\"_blank\" rel=\"noreferrer noopener\">Green Deal<\/a> in Europa und den <a href=\"https:\/\/schillerinstitute.com\/de\/unsere-kampagne\/grun-bedeutet-tod\/\" data-type=\"URL\" data-id=\"https:\/\/schillerinstitute.com\/de\/unsere-kampagne\/grun-bedeutet-tod\/\" target=\"_blank\" rel=\"noreferrer noopener\">Green New Deal<\/a> in den USA stecken wollen, der die produktiven Kapazit\u00e4ten in Industrie und Landwirtschaft massiv herunterfahren will?<\/p>\n\n\n\n<p>Das Weltern\u00e4hrungsprogramm hat wiederholt gewarnt, da\u00df allein in diesem Jahr 270 Millionen Menschen akut vom Hungertod bedroht sind. Angesichts dieser beispiellosen humanit\u00e4ren Katastrophe sind das Programm \u201eVom Hof auf den Tisch\u201c und die Biodiversit\u00e4tsstrategie der EU absolut skandal\u00f6s, weil es die landwirtschaftliche Produktion durch rein ideologisch motivierte Ma\u00dfnahmen massiv reduzieren will. Darin liegt der Grund, warum die deutschen Landwirte seit Monaten mit ihren Traktor-Korsos auf das drohende Sterben b\u00e4uerlicher Familienbetriebe aufmerksam machen.<\/p>\n\n\n\n<p>Der wissenschaftliche Dienst des US-Landwirtschaftsministeriums hat in seinem Wirtschaftsbrief Nr. 30 vom November 2020 das Ergebnis einer Simulation ver\u00f6ffentlicht, in der die Auswirkungen der EU-Agrarpolitik bis 2030 bewertet wurden, wenn sie entweder (a) nur innerhalb der EU, (b) durch Handelsregeln der EU in weiteren L\u00e4ndern oder (c) weltweit durchgesetzt w\u00fcrden. Demnach w\u00fcrde die Produktion der EU-Landwirte um 7-12% schrumpfen, die Weltnahrungsmittelpreise w\u00fcrden zwischen 9% (nur EU) bis zu 89% (bei globaler Anwendung) steigen, der gesellschaftliche Nutzen w\u00fcrde um 96 Milliarden bis 1,1 Billionen Dollar reduziert, und die Zahl der Menschen mit nicht gesicherter Nahrungsmittelversorgung w\u00fcrde weltweit um 22 bis 185 Millionen ansteigen.<\/p>\n\n\n\n<p>Fazit: Die Politik der EU ist nicht nur inkompetent, wie hinl\u00e4nglich in der Coronakrise demonstriert, ihre gr\u00fcne Ideologie zerst\u00f6rt auch die Grundlagen unserer Landwirtschaft und ist angesichts der Hungerkatastrophe sogar absolut unverantwortlich, um es milde auszudr\u00fccken.<\/p>\n\n\n\n<p>Wir fordern statt dessen:<\/p>\n\n\n\n<p>1. Den sofortigen Aufbau eines modernen <a href=\"https:\/\/forms.sbc28.com\/5f95e7f611ce6217f492b9ad\/TAaV__kiQRCOJjTAY_mWmg\/t3bTikUvTEu0fyOIRZEKfg\/form.html\" data-type=\"URL\" data-id=\"https:\/\/forms.sbc28.com\/5f95e7f611ce6217f492b9ad\/TAaV__kiQRCOJjTAY_mWmg\/t3bTikUvTEu0fyOIRZEKfg\/form.html\" target=\"_blank\" rel=\"noreferrer noopener\">Gesundheitssystems<\/a> in jedem Land dieser Erde auf einem Niveau, wie es in Deutschland vor der Privatisierung gewesen ist.<\/p>\n\n\n\n<p>2. Die Verdopplung der weltweiten landwirtschaftlichen Produktion, um angesichts einer wachsenden Weltbev\u00f6lkerung <a href=\"https:\/\/www.youtube.com\/watch?v=Ct7pYopLocM\" data-type=\"URL\" data-id=\"https:\/\/www.youtube.com\/watch?v=Ct7pYopLocM\" target=\"_blank\" rel=\"noreferrer noopener\">Hunger und Armut f\u00fcr alle Menschen zu eliminieren<\/a>.<\/p>\n\n\n\n<p>3. Die Beendigung der Kasinowirtschaft durch ein globales <a href=\"https:\/\/www.bueso.de\/vier-gesetze\" data-type=\"URL\" data-id=\"https:\/\/www.bueso.de\/vier-gesetze\" target=\"_blank\" rel=\"noreferrer noopener\">Glass-Steagall-Trennbankengesetz<\/a>.<\/p>\n\n\n\n<p>4. Ein <a href=\"https:\/\/forms.sbc31.net\/5f95e7f611ce6217f492b9ad\/TAaV__kiQRCOJjTAY_mWmg\/k7Hs3zqdTxa04PalOb3hrg\/form.html\" data-type=\"URL\" data-id=\"https:\/\/forms.sbc31.net\/5f95e7f611ce6217f492b9ad\/TAaV__kiQRCOJjTAY_mWmg\/k7Hs3zqdTxa04PalOb3hrg\/form.html\" target=\"_blank\" rel=\"noreferrer noopener\">Neues Bretton-Woods-Kreditsystem<\/a>, das produktive Kredite f\u00fcr Investitionen in die Realwirtschaft zur Verf\u00fcgung stellt.<\/p>\n\n\n\n<p>5. Die <a href=\"https:\/\/www.solidaritaet.com\/neuesol\/2020\/23\/laroucheplan1.htm\" data-type=\"URL\" data-id=\"https:\/\/www.solidaritaet.com\/neuesol\/2020\/23\/laroucheplan1.htm\" target=\"_blank\" rel=\"noreferrer noopener\">Schaffung von 1,5 Milliarden neuen produktiven Arbeitspl\u00e4tzen<\/a> , um die Weltwirtschaft nach der Pandemie wieder aufzubauen und ernsthaft damit zu beginnen, die Unterentwicklung der sogenannten Entwicklungsl\u00e4nder zu \u00fcberwinden.<\/p>\n\n\n\n<p>6. Kooperation mit Ru\u00dfland und China beim Ausbau der <a href=\"https:\/\/schillerinstitute.com\/de\/unsere-kampagne\/baut-die-weltlandbrucke\/\" data-type=\"URL\" data-id=\"https:\/\/schillerinstitute.com\/de\/unsere-kampagne\/baut-die-weltlandbrucke\/\" target=\"_blank\" rel=\"noreferrer noopener\">Neuen Seidenstra\u00dfe<\/a> in S\u00fcdwestasien und Afrika, um damit die Ursachen der Fl\u00fcchtlingskrise zu beseitigen und gleichzeitig eine dauerhafte Friedensordnung zu schaffen.<\/p>\n<!-- AddThis Advanced Settings generic via filter on the_content --><!-- AddThis Share Buttons generic via filter on the_content -->","protected":false},"excerpt":{"rendered":"<p>Von Helga Zepp-LaRouche Der Unmut in der Bev\u00f6lkerung w\u00e4chst, und das zu Recht. Wir sind jetzt, im M\u00e4rz 2021, aufgrund einer miserablen \u201eErfolgsbilanz\u201c der EU in Deutschland mit der dritten Welle der COVID-19-Pandemie konfrontiert. Wir waren als Resultat einer jahrzehntelangen Privatisierung des Gesundheitssystems eben nicht&hellip;<!-- AddThis Advanced Settings generic via filter on get_the_excerpt --><!-- AddThis Share Buttons generic via filter on get_the_excerpt --><\/p>\n","protected":false},"author":34,"featured_media":63279,"comment_status":"open","ping_status":"closed","sticky":false,"template":"","format":"standard","meta":{"_lmt_disableupdate":"no","_lmt_disable":"","footnotes":""},"categories":[95,37,97,542,438],"tags":[],"class_list":["post-70427","post","type-post","status-publish","format-standard","has-post-thumbnail","hentry","category-grun-bedeutet-tod","category-allgemein-de","category-die-weltlandbrucke-bauen","category-hzl-text-de","category-helga-zepp-larouche-de"],"featured_image_src":"https:\/\/schillerinstitute.com\/wp-content\/uploads\/2020\/10\/D7-HZL-profile-bueso-new.jpg","author_info":{"display_name":"madeleine","author_link":"https:\/\/schillerinstitute.com\/de\/blog\/author\/madeleine\/"},"modified_by":"madeleine","cc_featured_image_caption":{"caption_text":"","source_text":"","source_url":""},"_links":{"self":[{"href":"https:\/\/schillerinstitute.com\/de\/wp-json\/wp\/v2\/posts\/70427","targetHints":{"allow":["GET"]}}],"collection":[{"href":"https:\/\/schillerinstitute.com\/de\/wp-json\/wp\/v2\/posts"}],"about":[{"href":"https:\/\/schillerinstitute.com\/de\/wp-json\/wp\/v2\/types\/post"}],"author":[{"embeddable":true,"href":"https:\/\/schillerinstitute.com\/de\/wp-json\/wp\/v2\/users\/34"}],"replies":[{"embeddable":true,"href":"https:\/\/schillerinstitute.com\/de\/wp-json\/wp\/v2\/comments?post=70427"}],"version-history":[{"count":7,"href":"https:\/\/schillerinstitute.com\/de\/wp-json\/wp\/v2\/posts\/70427\/revisions"}],"predecessor-version":[{"id":70436,"href":"https:\/\/schillerinstitute.com\/de\/wp-json\/wp\/v2\/posts\/70427\/revisions\/70436"}],"wp:featuredmedia":[{"embeddable":true,"href":"https:\/\/schillerinstitute.com\/de\/wp-json\/wp\/v2\/media\/63279"}],"wp:attachment":[{"href":"https:\/\/schillerinstitute.com\/de\/wp-json\/wp\/v2\/media?parent=70427"}],"wp:term":[{"taxonomy":"category","embeddable":true,"href":"https:\/\/schillerinstitute.com\/de\/wp-json\/wp\/v2\/categories?post=70427"},{"taxonomy":"post_tag","embeddable":true,"href":"https:\/\/schillerinstitute.com\/de\/wp-json\/wp\/v2\/tags?post=70427"}],"curies":[{"name":"wp","href":"https:\/\/api.w.org\/{rel}","templated":true}]}}