{"id":66239,"date":"2020-12-31T17:12:49","date_gmt":"2020-12-31T22:12:49","guid":{"rendered":"https:\/\/schillerinstitute.com\/blog\/2020\/12\/31\/prince-charles-thrilled-about-complete-change-of-approach-on-climate-change-auguring-global-depopulation\/"},"modified":"2021-01-10T08:37:00","modified_gmt":"2021-01-10T13:37:00","slug":"prince-charles-thrilled-about-complete-change-of-approach-on-climate-change-auguring-global-depopulation","status":"publish","type":"post","link":"https:\/\/schillerinstitute.com\/de\/blog\/2020\/12\/31\/prince-charles-thrilled-about-complete-change-of-approach-on-climate-change-auguring-global-depopulation\/","title":{"rendered":"Klimawandel: Prinz Charles begeistert \u00fcber \u201ekomplett neuen Ansatz\u201c"},"content":{"rendered":"\n<p>In einem Interview mit Margaret Atwood in <em>BBC-Radio<\/em> hat sich Prinz Charles gestern wortgewandt \u00fcber den Paradigmenwechsel ausgelassen, der von den globalen Zentralbanken und mit ihnen verb\u00fcndeten Regierungen betrieben wird, um die Industrie zu zwingen, bei dem \u201eGreen New Deal\u201c zur CO<sub>2<\/sub>-Reduktion mitzumachen &#8211; d.h. der globalen malthusianischen Deindustrialisierung im Namen des \u201eUmweltschutzes\u201c.<br><br>Er sagte: \u201eIch habe auf einmal in den letzten 18 Monaten festgestellt, da\u00df es einen komplett neuen Ansatz gibt\u201c, und verwies dabei auf die neue Rolle, die Unternehmen und Investoren bei der F\u00f6rderung der gr\u00fcnen Agenda spielen. Der private Sektor habe jahrzehntelang zur Zerst\u00f6rung der Umwelt beigetragen, aber \u201ejetzt ist er ein notwendiger und entscheidender Teil der L\u00f6sung.\u201c<br><br>Doch schnell wird der Prinz gruselig: \u201eEs ist h\u00f6chste Zeit, da\u00df wir &#8230; der Weisheit der indigenen V\u00f6lker und den First Nations weltweit mehr Aufmerksamkeit schenken. Wir k\u00f6nnen so viel von ihnen lernen, wie wir das Gleichgewicht wiederherstellen und einen Sinn f\u00fcr das Heilige wiederzuentdecken k\u00f6nnen, denn &#8230; Mutter Natur ist unsere Erhalterin.\u201c<br><br>Der Mensch sei \u201eein Mikrokosmos des Makrokosmos\u201c, erkl\u00e4rte er. \u201eAber wir haben das vergessen oder sind irgendwie einer Gehirnw\u00e4sche unterzogen worden, um zu denken, da\u00df wir nichts mit der Natur zu tun haben und da\u00df die Natur einfach ausgebeutet werden kann. Aber wenn wir mit der Ausbeutung so weitermachen, wenn wir der Natur das antun, wie sehr wir sie auch verschmutzen &#8211; dann tun wir uns das selbst an. Das ist Wahnsinn\u201c, sagte Charles. <\/p>\n\n\n\n<p><em><strong>(Das Konzept vom Mikro- und Makrokosmos stammt von Nikolaus von Kues, doch um zu verstehen, was Cusa wirklich damit meint, lesen Sie Helga Zepp-LaRouches Rede \u00fcber das<a rel=\"noreferrer noopener\" href=\"https:\/\/schillerinstitute.com\/de\/blog\/2020\/12\/27\/die-revolutionaere-denkmethode-des-nikolaus-von-kues\/\" data-type=\"URL\" data-id=\"https:\/\/schillerinstitute.com\/de\/blog\/2020\/12\/27\/die-revolutionaere-denkmethode-des-nikolaus-von-kues\/\" target=\"_blank\"> cusanische Koinzidenzdenken<\/a> )<\/strong><\/em><br><br>In der gleichen <em>BBC-<\/em>Sendung sprach Atwood auch mit der gr\u00fcnen Aufzieh-Aktivistin Greta Thunberg, die hoffte, da\u00df Joe Biden eine \u201epositive Wende\u201c in der Klimapolitik herbeif\u00fchren werde, da er versprochen habe, dem Pariser Abkommen wieder beizutreten. \u201eDas k\u00f6nnte ein guter Anfang von etwas Neuem sein\u201c, sagte Thunberg. \u201eHoffen wir, dass es so ist, und dr\u00e4ngen wir darauf, dass es so wird.\u201c<\/p>\n<!-- AddThis Advanced Settings generic via filter on the_content --><!-- AddThis Share Buttons generic via filter on the_content -->","protected":false},"excerpt":{"rendered":"<p>In einem Interview mit Margaret Atwood in BBC-Radio hat sich Prinz Charles gestern wortgewandt \u00fcber den Paradigmenwechsel ausgelassen, der von den globalen Zentralbanken und mit ihnen verb\u00fcndeten Regierungen betrieben wird, um die Industrie zu zwingen, bei dem \u201eGreen New Deal\u201c zur CO2-Reduktion mitzumachen &#8211; d.h.&hellip;<!-- AddThis Advanced Settings generic via filter on get_the_excerpt --><!-- AddThis Share Buttons generic via filter on get_the_excerpt --><\/p>\n","protected":false},"author":25,"featured_media":66026,"comment_status":"open","ping_status":"closed","sticky":false,"template":"","format":"standard","meta":{"_lmt_disableupdate":"no","_lmt_disable":"","footnotes":""},"categories":[95,37],"tags":[],"class_list":["post-66239","post","type-post","status-publish","format-standard","has-post-thumbnail","hentry","category-grun-bedeutet-tod","category-allgemein-de"],"featured_image_src":"https:\/\/schillerinstitute.com\/wp-content\/uploads\/2020\/12\/Prince_Charles-scaled.jpg","author_info":{"display_name":"David Dobrodt","author_link":"https:\/\/schillerinstitute.com\/de\/blog\/author\/dave\/"},"modified_by":"madeleine","cc_featured_image_caption":{"caption_text":"","source_text":"","source_url":""},"_links":{"self":[{"href":"https:\/\/schillerinstitute.com\/de\/wp-json\/wp\/v2\/posts\/66239","targetHints":{"allow":["GET"]}}],"collection":[{"href":"https:\/\/schillerinstitute.com\/de\/wp-json\/wp\/v2\/posts"}],"about":[{"href":"https:\/\/schillerinstitute.com\/de\/wp-json\/wp\/v2\/types\/post"}],"author":[{"embeddable":true,"href":"https:\/\/schillerinstitute.com\/de\/wp-json\/wp\/v2\/users\/25"}],"replies":[{"embeddable":true,"href":"https:\/\/schillerinstitute.com\/de\/wp-json\/wp\/v2\/comments?post=66239"}],"version-history":[{"count":3,"href":"https:\/\/schillerinstitute.com\/de\/wp-json\/wp\/v2\/posts\/66239\/revisions"}],"predecessor-version":[{"id":66243,"href":"https:\/\/schillerinstitute.com\/de\/wp-json\/wp\/v2\/posts\/66239\/revisions\/66243"}],"wp:featuredmedia":[{"embeddable":true,"href":"https:\/\/schillerinstitute.com\/de\/wp-json\/wp\/v2\/media\/66026"}],"wp:attachment":[{"href":"https:\/\/schillerinstitute.com\/de\/wp-json\/wp\/v2\/media?parent=66239"}],"wp:term":[{"taxonomy":"category","embeddable":true,"href":"https:\/\/schillerinstitute.com\/de\/wp-json\/wp\/v2\/categories?post=66239"},{"taxonomy":"post_tag","embeddable":true,"href":"https:\/\/schillerinstitute.com\/de\/wp-json\/wp\/v2\/tags?post=66239"}],"curies":[{"name":"wp","href":"https:\/\/api.w.org\/{rel}","templated":true}]}}