{"id":65766,"date":"2020-12-28T08:20:59","date_gmt":"2020-12-28T13:20:59","guid":{"rendered":"https:\/\/schillerinstitute.com\/blog\/2020\/12\/28\/covid-reaches-critical-mass-in-africa\/"},"modified":"2020-12-28T08:31:22","modified_gmt":"2020-12-28T13:31:22","slug":"covid-reaches-critical-mass-in-africa","status":"publish","type":"post","link":"https:\/\/schillerinstitute.com\/de\/blog\/2020\/12\/28\/covid-reaches-critical-mass-in-africa\/","title":{"rendered":"COVID erreicht kritische Masse in Afrika"},"content":{"rendered":"\n<p>Ein langer Bericht in der <em>New York Times <\/em>unterstreicht die absolut katastrophale COVID-Situation in Afrika, das von einen &#8222;zweiten Welle&#8220; der Pandemie erfa\u00dft wird. In den letzten Monaten hie\u00df es immer wieder, die Pandemie sei in Afrika nicht so schwerwiegend wie in den USA und Europa, obwohl an solchen Behauptungen aufgrund mangelnder Statistiken und Informationen schon l\u00e4nger Zweifel angebracht waren. Auch ist gut m\u00f6glich, da\u00df viele F\u00e4lle einfach unentdeckt geblieben sind. Aber jetzt ist die Katastrophe un\u00fcbersehbar da.<br><br>Der Bericht stammt von der NYT-Reporterin Sheri Fink, die bereits vor Jahren \u00fcber die Ebola-Krise in Afrika berichtet hatte. Sie schreibt, da\u00df sich in S\u00fcdafrika die Infektionen von Port Elizabeth ausgehend im ganze Land verbreiten. Nigeria, Mali und Uganda verzeichneten t\u00e4gliche Rekordsterbef\u00e4lle in diesem Jahr. In S\u00fcdafrika wird zugegeben, dass man nicht wirklich wei\u00df, wie viele Menschen an COVID gestorben sind. Eine Analyse der Regierung zeigt, dass die mehr als doppelt so hohe \u00dcbersterblichkeit durch die Zahl der best\u00e4tigten COVID-F\u00e4lle nicht erkl\u00e4rt werden k\u00f6nne. &#8222;Wir wissen nicht, wie hoch die tats\u00e4chliche Zahl ist&#8220;, sagt Dr. John Black, der einzige Spezialist f\u00fcr Infektionskrankheiten in Port Elizabeth.<br><br>Die meisten COVID-F\u00e4lle und Todesf\u00e4lle gab es in S\u00fcdafrika, wo das Krankenhaussystem \u00fcber seine Grenzen hinaus belastet ist. Dazu geh\u00f6ren auch F\u00e4lle, bei denen der Verdacht besteht, dass es sich um die neue mutierte COVID-Variante handelt, die jetzt in Gro\u00dfbritannien gefunden wurde.<br><br>Zu Beginn der Pandemie Anfang 2020 hatten viele afrikanischen L\u00e4nder starke Eind\u00e4mmungsma\u00dfnahmen und Lockdowns eingeleitet, die sich aber als wirtschaftlich so einschneidend erwiesen, dass man die Ma\u00dfnahmen wieder zu lockern begann. S\u00fcdafrika holte 200 \u00c4rzte aus Kuba, medizinisches Personal von \u00c4rzte ohne Grenzen und Wissenschaftler der WHO ins Land. Bis Ende August waren die Zahlen gesunken.<br><br>Die geschlossenen Grenzen und gestrichene Fl\u00fcge verhinderten auch eine schnelle Versorgung mit Hilfsg\u00fctern von au\u00dfen. In Somalia wurden in einigen Gebieten \u00fcberhaupt keine F\u00e4lle gemeldet. Doch Untersuchungen in von der Terrorgruppe Shabab kontrollierten Gebieten zeigten, wenn sie denn durchgef\u00fchrt werden konnten, eine weite Verbreitung der Pandemie.<br><br>In den Krankenh\u00e4usern S\u00fcdafrikas, die von allen afrikanischen L\u00e4ndern s\u00fcdlich der Sahara noch am besten ausger\u00fcstet ist, m\u00fcssen \u00c4rzte Triage praktizieren, was Beatmungsger\u00e4te und andere Therapien f\u00fcr schwerere COVID-F\u00e4lle angeht.<\/p>\n\n\n\n<p>Das andere Dilemma, das sich stellt, wenn jetzt ein Impfstoff verf\u00fcgbar ist, ihn zu den Afrikanern zu bringen und Massenimpfungen durchzuf\u00fchren. Hier stellt der Bericht fest, dass es auch in Afrika wie bei uns im Westen eine verbreitete &#8222;Impfskepsis&#8220; gibt. Au\u00dferdem betrachten viele Menschen COVID immer noch als eine Krankheit, die nur Europ\u00e4er bef\u00e4llt und keine Bedrohung f\u00fcr Afrikaner darstellt. Und der afrikanische Kontinent ist logistisch auf eine Massenimpfung \u00fcberhaupt nicht vorbereitet. Au\u00dferdem steht Afrika bei dem intensiven Gerangel zwischen den L\u00e4ndern um die Impfstoffe der verschiedenen Hersteller nicht oben auf der Priorit\u00e4tenliste. Lediglich China hat versprochen, Entwicklungsl\u00e4nder bei der Beschaffung des Impfstoffs zu bevorzugen. Letztlich kann nur eine konzertierte Aktion von au\u00dfen mit Hilfe milit\u00e4rischer Logistik die Impfstoffe schnell genug zu den Menschen in Afrika bringen, um eine totale Katastrophe zu vermeiden.<\/p>\n\n\n\n<figure class=\"wp-block-embed-wordpress wp-block-embed is-type-wp-embed is-provider-schiller-institut\"><div class=\"wp-block-embed__wrapper\">\n<blockquote class=\"wp-embedded-content\" data-secret=\"D7kJUhaCBh\"><a href=\"https:\/\/schillerinstitute.com\/blog\/2020\/12\/25\/statement-of-dr-joycelyn-elders-former-u-s-surgeon-general-on-behalf-of-the-committee-for-the-coincidence-of-opposites\/\">Statement of Dr. Joycelyn Elders, Former U.S. Surgeon General, on Behalf of the Committee for the Coincidence of Opposites<\/a><\/blockquote><iframe loading=\"lazy\" class=\"wp-embedded-content\" sandbox=\"allow-scripts\" security=\"restricted\" style=\"position: absolute; clip: rect(1px, 1px, 1px, 1px);\" title=\"&#8222;Statement of Dr. Joycelyn Elders, Former U.S. Surgeon General, on Behalf of the Committee for the Coincidence of Opposites&#8220; &#8212; Schiller-Institut\" src=\"https:\/\/schillerinstitute.com\/blog\/2020\/12\/25\/statement-of-dr-joycelyn-elders-former-u-s-surgeon-general-on-behalf-of-the-committee-for-the-coincidence-of-opposites\/embed\/#?secret=D7kJUhaCBh\" data-secret=\"D7kJUhaCBh\" width=\"600\" height=\"338\" frameborder=\"0\" marginwidth=\"0\" marginheight=\"0\" scrolling=\"no\"><\/iframe>\n<\/div><\/figure>\n\n\n\n<figure class=\"wp-block-embed-wordpress wp-block-embed is-type-wp-embed is-provider-schiller-institut\"><div class=\"wp-block-embed__wrapper\">\n<blockquote class=\"wp-embedded-content\" data-secret=\"N2RlD2mUwR\"><a href=\"https:\/\/schillerinstitute.com\/de\/blog\/2020\/12\/09\/praesident-trump-afrika-braucht-sie-dringender-hilferuf-zur-bekaempfung-des-coronavirus-und-der-hungersnot-in-afrika\/\">Pr\u00e4sident Trump, Afrika braucht Sie! Dringender Hilferuf zur Bek\u00e4mpfung des Coronavirus und der Hungersnot in Afrika<\/a><\/blockquote><iframe loading=\"lazy\" class=\"wp-embedded-content\" sandbox=\"allow-scripts\" security=\"restricted\" style=\"position: absolute; clip: rect(1px, 1px, 1px, 1px);\" title=\"&#8222;Pr\u00e4sident Trump, Afrika braucht Sie! Dringender Hilferuf zur Bek\u00e4mpfung des Coronavirus und der Hungersnot in Afrika&#8220; &#8212; Schiller-Institut\" src=\"https:\/\/schillerinstitute.com\/de\/blog\/2020\/12\/09\/praesident-trump-afrika-braucht-sie-dringender-hilferuf-zur-bekaempfung-des-coronavirus-und-der-hungersnot-in-afrika\/embed\/#?secret=N2RlD2mUwR\" data-secret=\"N2RlD2mUwR\" width=\"600\" height=\"338\" frameborder=\"0\" marginwidth=\"0\" marginheight=\"0\" scrolling=\"no\"><\/iframe>\n<\/div><\/figure>\n<!-- AddThis Advanced Settings generic via filter on the_content --><!-- AddThis Share Buttons generic via filter on the_content -->","protected":false},"excerpt":{"rendered":"<p>Ein langer Bericht in der New York Times unterstreicht die absolut katastrophale COVID-Situation in Afrika, das von einen &#8222;zweiten Welle&#8220; der Pandemie erfa\u00dft wird. In den letzten Monaten hie\u00df es immer wieder, die Pandemie sei in Afrika nicht so schwerwiegend wie in den USA und&hellip;<!-- AddThis Advanced Settings generic via filter on get_the_excerpt --><!-- AddThis Share Buttons generic via filter on get_the_excerpt --><\/p>\n","protected":false},"author":34,"featured_media":65760,"comment_status":"open","ping_status":"closed","sticky":false,"template":"","format":"standard","meta":{"_lmt_disableupdate":"no","_lmt_disable":"","footnotes":""},"categories":[37],"tags":[],"class_list":["post-65766","post","type-post","status-publish","format-standard","has-post-thumbnail","hentry","category-allgemein-de"],"featured_image_src":"https:\/\/schillerinstitute.com\/wp-content\/uploads\/2020\/12\/covid_africa.jpg","author_info":{"display_name":"madeleine","author_link":"https:\/\/schillerinstitute.com\/de\/blog\/author\/madeleine\/"},"modified_by":"madeleine","cc_featured_image_caption":{"caption_text":"","source_text":"","source_url":""},"_links":{"self":[{"href":"https:\/\/schillerinstitute.com\/de\/wp-json\/wp\/v2\/posts\/65766","targetHints":{"allow":["GET"]}}],"collection":[{"href":"https:\/\/schillerinstitute.com\/de\/wp-json\/wp\/v2\/posts"}],"about":[{"href":"https:\/\/schillerinstitute.com\/de\/wp-json\/wp\/v2\/types\/post"}],"author":[{"embeddable":true,"href":"https:\/\/schillerinstitute.com\/de\/wp-json\/wp\/v2\/users\/34"}],"replies":[{"embeddable":true,"href":"https:\/\/schillerinstitute.com\/de\/wp-json\/wp\/v2\/comments?post=65766"}],"version-history":[{"count":2,"href":"https:\/\/schillerinstitute.com\/de\/wp-json\/wp\/v2\/posts\/65766\/revisions"}],"predecessor-version":[{"id":65770,"href":"https:\/\/schillerinstitute.com\/de\/wp-json\/wp\/v2\/posts\/65766\/revisions\/65770"}],"wp:featuredmedia":[{"embeddable":true,"href":"https:\/\/schillerinstitute.com\/de\/wp-json\/wp\/v2\/media\/65760"}],"wp:attachment":[{"href":"https:\/\/schillerinstitute.com\/de\/wp-json\/wp\/v2\/media?parent=65766"}],"wp:term":[{"taxonomy":"category","embeddable":true,"href":"https:\/\/schillerinstitute.com\/de\/wp-json\/wp\/v2\/categories?post=65766"},{"taxonomy":"post_tag","embeddable":true,"href":"https:\/\/schillerinstitute.com\/de\/wp-json\/wp\/v2\/tags?post=65766"}],"curies":[{"name":"wp","href":"https:\/\/api.w.org\/{rel}","templated":true}]}}