{"id":65027,"date":"2020-12-09T15:39:33","date_gmt":"2020-12-09T20:39:33","guid":{"rendered":"https:\/\/schillerinstitute.com\/?p=65027"},"modified":"2020-12-09T15:42:07","modified_gmt":"2020-12-09T20:42:07","slug":"konferenzeinladung-eine-welt-auf-der-basis-von-vernunft-schaffen","status":"publish","type":"post","link":"https:\/\/schillerinstitute.com\/de\/blog\/2020\/12\/09\/konferenzeinladung-eine-welt-auf-der-basis-von-vernunft-schaffen\/","title":{"rendered":"Konferenzeinladung: Eine Welt auf der Basis von Vernunft schaffen"},"content":{"rendered":"\n<p>In ihrem w\u00f6chentlichen Dialog unterstrich Helga Zepp-LaRouche mit Blick auf die Internet-Konferenz des Schiller-Instituts am kommenden Wochenende, da\u00df es vor allem darauf ankomme, \u201edie falsche Denkmethode\u201c hinter den meisten politischen Diskussionen in der westlichen Welt anzusprechen. Probleme k\u00f6nnten nicht gel\u00f6st werden, wenn bei ihrer \u00dcberwindung die gleiche falsche Methode angewendet wird, die sie hervorgebracht haben. Deshalb sei es unabdingbar, historische Denker wie Nikolaus von Kues, Leibniz und Lyndon LaRouche und deren Beitr\u00e4ge zu kulturellen Renaissancen und wissenschaftliche Revolutionen zu studieren, um L\u00f6sungen zu den die Menschheit bedrohenden Krisen von heute zu finden.<\/p>\n\n\n\n<div class=\"wp-block-buttons aligncenter is-layout-flex wp-block-buttons-is-layout-flex\">\n<div class=\"wp-block-button\"><a class=\"wp-block-button__link has-vivid-cyan-blue-background-color has-background\" href=\"https:\/\/forms.sbc30.net\/5f95e7f611ce6217f492b9ad\/Dt_aGdPPSLe3jnBY4Oaw6w\/1-U9wbToSsqYIMm7A7S41g\/form.html\" target=\"_blank\" rel=\"noreferrer noopener\"><strong>Zur Konferenz anmelden<\/strong><\/a><\/div>\n<\/div>\n\n\n\n<figure class=\"wp-block-embed-youtube wp-block-embed is-type-video is-provider-youtube wp-embed-aspect-16-9 wp-has-aspect-ratio\"><div class=\"wp-block-embed__wrapper\">\n<iframe loading=\"lazy\" title=\"Konferenzeinladung: Eine Welt auf der Basis von Vernunft schaffen\" width=\"960\" height=\"540\" src=\"https:\/\/www.youtube.com\/embed\/dFoIWGdlRBo?feature=oembed\" frameborder=\"0\" allow=\"accelerometer; autoplay; clipboard-write; encrypted-media; gyroscope; picture-in-picture\" allowfullscreen><\/iframe>\n<\/div><\/figure>\n<!-- AddThis Advanced Settings generic via filter on the_content --><!-- AddThis Share Buttons generic via filter on the_content -->","protected":false},"excerpt":{"rendered":"<p>In ihrem w\u00f6chentlichen Dialog unterstrich Helga Zepp-LaRouche mit Blick auf die Internet-Konferenz des Schiller-Instituts am kommenden Wochenende, da\u00df es vor allem darauf ankomme, \u201edie falsche Denkmethode\u201c hinter den meisten politischen Diskussionen in der westlichen Welt anzusprechen. Probleme k\u00f6nnten nicht gel\u00f6st werden, wenn bei ihrer \u00dcberwindung&hellip;<!-- AddThis Advanced Settings generic via filter on get_the_excerpt --><!-- AddThis Share Buttons generic via filter on get_the_excerpt --><\/p>\n","protected":false},"author":34,"featured_media":65029,"comment_status":"open","ping_status":"closed","sticky":false,"template":"","format":"standard","meta":{"_lmt_disableupdate":"","_lmt_disable":"","footnotes":""},"categories":[37,462],"tags":[],"class_list":["post-65027","post","type-post","status-publish","format-standard","has-post-thumbnail","hentry","category-allgemein-de","category-webcast-mit-helga-zepp-larouche"],"featured_image_src":"https:\/\/schillerinstitute.com\/wp-content\/uploads\/2020\/12\/konferenz-fur-mailchimp-und-twitter.png","author_info":{"display_name":"madeleine","author_link":"https:\/\/schillerinstitute.com\/de\/blog\/author\/madeleine\/"},"modified_by":"madeleine","cc_featured_image_caption":{"caption_text":"","source_text":"","source_url":""},"_links":{"self":[{"href":"https:\/\/schillerinstitute.com\/de\/wp-json\/wp\/v2\/posts\/65027","targetHints":{"allow":["GET"]}}],"collection":[{"href":"https:\/\/schillerinstitute.com\/de\/wp-json\/wp\/v2\/posts"}],"about":[{"href":"https:\/\/schillerinstitute.com\/de\/wp-json\/wp\/v2\/types\/post"}],"author":[{"embeddable":true,"href":"https:\/\/schillerinstitute.com\/de\/wp-json\/wp\/v2\/users\/34"}],"replies":[{"embeddable":true,"href":"https:\/\/schillerinstitute.com\/de\/wp-json\/wp\/v2\/comments?post=65027"}],"version-history":[{"count":1,"href":"https:\/\/schillerinstitute.com\/de\/wp-json\/wp\/v2\/posts\/65027\/revisions"}],"predecessor-version":[{"id":65028,"href":"https:\/\/schillerinstitute.com\/de\/wp-json\/wp\/v2\/posts\/65027\/revisions\/65028"}],"wp:featuredmedia":[{"embeddable":true,"href":"https:\/\/schillerinstitute.com\/de\/wp-json\/wp\/v2\/media\/65029"}],"wp:attachment":[{"href":"https:\/\/schillerinstitute.com\/de\/wp-json\/wp\/v2\/media?parent=65027"}],"wp:term":[{"taxonomy":"category","embeddable":true,"href":"https:\/\/schillerinstitute.com\/de\/wp-json\/wp\/v2\/categories?post=65027"},{"taxonomy":"post_tag","embeddable":true,"href":"https:\/\/schillerinstitute.com\/de\/wp-json\/wp\/v2\/tags?post=65027"}],"curies":[{"name":"wp","href":"https:\/\/api.w.org\/{rel}","templated":true}]}}