{"id":63800,"date":"2020-11-03T13:19:25","date_gmt":"2020-11-03T12:19:25","guid":{"rendered":"https:\/\/schillerinstitute.com\/?p=63800"},"modified":"2020-11-03T13:19:27","modified_gmt":"2020-11-03T12:19:27","slug":"video-brauchen-wir-die-eu-um-europa-vor-china-und-den-usa-zu-beschuetzen","status":"publish","type":"post","link":"https:\/\/schillerinstitute.com\/de\/blog\/2020\/11\/03\/video-brauchen-wir-die-eu-um-europa-vor-china-und-den-usa-zu-beschuetzen\/","title":{"rendered":"Video: Brauchen wir die EU um Europa vor China und den USA zu besch\u00fctzen?"},"content":{"rendered":"\n<p>Jacques Cheminade, Pr\u00e4sident von Solidarit\u00e9 &amp; Progr\u00e8s und Pr\u00e4sidentschaftskandidat aus Frankreich beantwortet eine Frage eines ehemaligen spanischen Botschafters in China \u00fcber die angeblichen chinesischen und US-amerikanischen Bedrohungen. Spielt die Europ\u00e4ische Union eine unverzichtbare Rolle, um die Souver\u00e4nit\u00e4t ihrer Mitgliedsstaaten zu besch\u00fctzen?<\/p>\n\n\n\n<p><\/p>\n\n\n\n<figure class=\"wp-block-embed-youtube wp-block-embed is-type-video is-provider-youtube wp-embed-aspect-16-9 wp-has-aspect-ratio\"><div class=\"wp-block-embed__wrapper\">\n<iframe loading=\"lazy\" title=\"Brauchen wir die EU um Europa vor China und den USA zu besch\u00fctzen?\" width=\"960\" height=\"540\" src=\"https:\/\/www.youtube.com\/embed\/HQy7B0RAYWM?feature=oembed\" frameborder=\"0\" allow=\"accelerometer; autoplay; clipboard-write; encrypted-media; gyroscope; picture-in-picture\" allowfullscreen><\/iframe>\n<\/div><\/figure>\n\n\n\n<p><\/p>\n\n\n\n<p>Jacques Cheminade beantworte diese Frage w\u00e4hrend der gemeinsam vom Schiller-Institut und Catedra China organisierten Konferenz \u201eChina und der Westen von Angesicht zu Angesicht: Rivalit\u00e4t oder Kooperation\u201c.<\/p>\n\n\n\n<p><\/p>\n\n\n\n<div class=\"wp-block-buttons is-layout-flex wp-block-buttons-is-layout-flex\">\n<div class=\"wp-block-button\"><a class=\"wp-block-button__link has-white-color has-text-color has-background\" href=\"https:\/\/schillerinstitute.com\/de\/blog\/2020\/10\/13\/conference-china-and-the-west-face-to-face-rivalry-or-cooperation\/\" style=\"background-color:#04b513\" target=\"_blank\" rel=\"noreferrer noopener\"><strong>Konferenz \u201eChina und der Westen von Angesicht zu Angesicht: Rivalit\u00e4t oder Kooperation\u201c ansehen<\/strong><\/a><\/div>\n<\/div>\n\n\n\n<p><\/p>\n<!-- AddThis Advanced Settings generic via filter on the_content --><!-- AddThis Share Buttons generic via filter on the_content -->","protected":false},"excerpt":{"rendered":"<p>Jacques Cheminade, Pr\u00e4sident von Solidarit\u00e9 &amp; Progr\u00e8s und Pr\u00e4sidentschaftskandidat aus Frankreich beantwortet eine Frage eines ehemaligen spanischen Botschafters in China \u00fcber die angeblichen chinesischen und US-amerikanischen Bedrohungen. Spielt die Europ\u00e4ische Union eine unverzichtbare Rolle, um die Souver\u00e4nit\u00e4t ihrer Mitgliedsstaaten zu besch\u00fctzen? Jacques Cheminade beantworte diese&hellip;<!-- AddThis Advanced Settings generic via filter on get_the_excerpt --><!-- AddThis Share Buttons generic via filter on get_the_excerpt --><\/p>\n","protected":false},"author":34,"featured_media":63805,"comment_status":"open","ping_status":"closed","sticky":false,"template":"","format":"standard","meta":{"_lmt_disableupdate":"","_lmt_disable":"","footnotes":""},"categories":[37],"tags":[],"class_list":["post-63800","post","type-post","status-publish","format-standard","has-post-thumbnail","hentry","category-allgemein-de"],"featured_image_src":"https:\/\/schillerinstitute.com\/wp-content\/uploads\/2020\/11\/Ein-Appell-von-Helga-Zepp-LaRouche-1.png","author_info":{"display_name":"madeleine","author_link":"https:\/\/schillerinstitute.com\/de\/blog\/author\/madeleine\/"},"modified_by":"madeleine","cc_featured_image_caption":{"caption_text":"","source_text":"","source_url":""},"_links":{"self":[{"href":"https:\/\/schillerinstitute.com\/de\/wp-json\/wp\/v2\/posts\/63800","targetHints":{"allow":["GET"]}}],"collection":[{"href":"https:\/\/schillerinstitute.com\/de\/wp-json\/wp\/v2\/posts"}],"about":[{"href":"https:\/\/schillerinstitute.com\/de\/wp-json\/wp\/v2\/types\/post"}],"author":[{"embeddable":true,"href":"https:\/\/schillerinstitute.com\/de\/wp-json\/wp\/v2\/users\/34"}],"replies":[{"embeddable":true,"href":"https:\/\/schillerinstitute.com\/de\/wp-json\/wp\/v2\/comments?post=63800"}],"version-history":[{"count":8,"href":"https:\/\/schillerinstitute.com\/de\/wp-json\/wp\/v2\/posts\/63800\/revisions"}],"predecessor-version":[{"id":63818,"href":"https:\/\/schillerinstitute.com\/de\/wp-json\/wp\/v2\/posts\/63800\/revisions\/63818"}],"wp:featuredmedia":[{"embeddable":true,"href":"https:\/\/schillerinstitute.com\/de\/wp-json\/wp\/v2\/media\/63805"}],"wp:attachment":[{"href":"https:\/\/schillerinstitute.com\/de\/wp-json\/wp\/v2\/media?parent=63800"}],"wp:term":[{"taxonomy":"category","embeddable":true,"href":"https:\/\/schillerinstitute.com\/de\/wp-json\/wp\/v2\/categories?post=63800"},{"taxonomy":"post_tag","embeddable":true,"href":"https:\/\/schillerinstitute.com\/de\/wp-json\/wp\/v2\/tags?post=63800"}],"curies":[{"name":"wp","href":"https:\/\/api.w.org\/{rel}","templated":true}]}}