{"id":63115,"date":"2020-10-10T18:44:42","date_gmt":"2020-10-10T16:44:42","guid":{"rendered":"https:\/\/schillerinstitute.com\/?p=63115"},"modified":"2020-10-10T18:44:45","modified_gmt":"2020-10-10T16:44:45","slug":"milliardaere-machen-waehrend-der-covid-19-pandemie-grossen-reibach","status":"publish","type":"post","link":"https:\/\/schillerinstitute.com\/de\/blog\/2020\/10\/10\/milliardaere-machen-waehrend-der-covid-19-pandemie-grossen-reibach\/","title":{"rendered":"Milliard\u00e4re machen w\u00e4hrend der Covid-19-Pandemie gro\u00dfen Reibach"},"content":{"rendered":"\n<p><em>Reuters <\/em>berichtete \u00fcber den j\u00fcngsten \u201eReichenreport\u201c der Union Bank of Switzerland (UBS, Schweiz) und der gro\u00dfen Wirtschaftspr\u00fcfungsgesellschaft PriceWaterhouseCoopers (PwC) &#8211; eine Erhebung bei 2000 Milliard\u00e4ren weltweit, die etwa 98% des Gesamtverm\u00f6gens aller Superreichen repr\u00e4sentieren. Sie stellten fest, \u201eda\u00df das Verm\u00f6gen der Milliard\u00e4re in den ersten Monaten der Pandemie um mehr als ein Viertel gestiegen ist und im Juli 10,2 Billionen Dollar erreichte, womit der bisherige Rekord von 8,9 Billionen Dollar Ende 2019 gebrochen wurde&#8230; Vom 7. April bis 31. Juli dieses Jahres stieg der Reichtum der Milliard\u00e4re in allen von der Studie erfassten Branchen zweistellig an, wobei die Milliard\u00e4re in den Bereichen Technologie, Gesundheitswesen und Industrie mit 36%-44% Zuw\u00e4chsen an der Spitze lagen.\u201c<\/p>\n\n\n\n<p>Ganz anders sieht es f\u00fcr die Arbeitslosen aus. Das US-Arbeitsministerium meldet in einem neuen Bericht f\u00fcr September einen dramatischen Anstieg der Langzeitarbeitslosigkeit, das sind Menschen, die l\u00e4nger als 6 Monate arbeitslos sind. Die Zahl stieg im September auf 2,4 Millionen, was einem Anstieg von 32,5 Prozent gegen\u00fcber August entspricht. Dies h\u00e4ngt offensichtlich mit der Tatsache zusammen, da\u00df es vor etwa sechs Monaten, als die Pandemie mit voller Wucht zuschlug, zu Massenentlassungen kam. Die Statistik gilt als aussagekr\u00e4ftig, da aus Langzeitarbeitslosigkeit h\u00e4ufig Dauerarbeitslosigkeit wird, weil es f\u00fcr die Menschen immer schwieriger wird, wieder in den Arbeitsmarkt zur\u00fcckzukehren. \u201eLetzte Woche sahen wir den gr\u00f6\u00dften Anstieg der Langzeitarbeitslosigkeit seit Beginn der Aufzeichnungen\u201c, sagte Michele Evermore, leitende Forscherin und Politikanalystin beim National Employment Law Project. \u201eDas sind schlechte Nachrichten. Es ist hart f\u00fcr die Menschen, so lange arbeitslos zu sein. Es ist hart f\u00fcr ihre psychische Gesundheit, es ist hart f\u00fcr die schulischen Leistungen ihrer Kinder, und es verschlechtert ihre Besch\u00e4ftigungsaussichten in der Zukunft erheblich.\u201c<\/p>\n<!-- AddThis Advanced Settings generic via filter on the_content --><!-- AddThis Share Buttons generic via filter on the_content -->","protected":false},"excerpt":{"rendered":"<p>Reuters berichtete \u00fcber den j\u00fcngsten \u201eReichenreport\u201c der Union Bank of Switzerland (UBS, Schweiz) und der gro\u00dfen Wirtschaftspr\u00fcfungsgesellschaft PriceWaterhouseCoopers (PwC) &#8211; eine Erhebung bei 2000 Milliard\u00e4ren weltweit, die etwa 98% des Gesamtverm\u00f6gens aller Superreichen repr\u00e4sentieren. Sie stellten fest, \u201eda\u00df das Verm\u00f6gen der Milliard\u00e4re in den ersten&hellip;<!-- AddThis Advanced Settings generic via filter on get_the_excerpt --><!-- AddThis Share Buttons generic via filter on get_the_excerpt --><\/p>\n","protected":false},"author":34,"featured_media":63116,"comment_status":"open","ping_status":"closed","sticky":false,"template":"","format":"standard","meta":{"_lmt_disableupdate":"","_lmt_disable":"","footnotes":""},"categories":[37],"tags":[],"class_list":["post-63115","post","type-post","status-publish","format-standard","has-post-thumbnail","hentry","category-allgemein-de"],"featured_image_src":"https:\/\/schillerinstitute.com\/wp-content\/uploads\/2020\/10\/UBS-scaled.jpg","author_info":{"display_name":"madeleine","author_link":"https:\/\/schillerinstitute.com\/de\/blog\/author\/madeleine\/"},"modified_by":"madeleine","cc_featured_image_caption":{"caption_text":"","source_text":"","source_url":""},"_links":{"self":[{"href":"https:\/\/schillerinstitute.com\/de\/wp-json\/wp\/v2\/posts\/63115","targetHints":{"allow":["GET"]}}],"collection":[{"href":"https:\/\/schillerinstitute.com\/de\/wp-json\/wp\/v2\/posts"}],"about":[{"href":"https:\/\/schillerinstitute.com\/de\/wp-json\/wp\/v2\/types\/post"}],"author":[{"embeddable":true,"href":"https:\/\/schillerinstitute.com\/de\/wp-json\/wp\/v2\/users\/34"}],"replies":[{"embeddable":true,"href":"https:\/\/schillerinstitute.com\/de\/wp-json\/wp\/v2\/comments?post=63115"}],"version-history":[{"count":1,"href":"https:\/\/schillerinstitute.com\/de\/wp-json\/wp\/v2\/posts\/63115\/revisions"}],"predecessor-version":[{"id":63126,"href":"https:\/\/schillerinstitute.com\/de\/wp-json\/wp\/v2\/posts\/63115\/revisions\/63126"}],"wp:featuredmedia":[{"embeddable":true,"href":"https:\/\/schillerinstitute.com\/de\/wp-json\/wp\/v2\/media\/63116"}],"wp:attachment":[{"href":"https:\/\/schillerinstitute.com\/de\/wp-json\/wp\/v2\/media?parent=63115"}],"wp:term":[{"taxonomy":"category","embeddable":true,"href":"https:\/\/schillerinstitute.com\/de\/wp-json\/wp\/v2\/categories?post=63115"},{"taxonomy":"post_tag","embeddable":true,"href":"https:\/\/schillerinstitute.com\/de\/wp-json\/wp\/v2\/tags?post=63115"}],"curies":[{"name":"wp","href":"https:\/\/api.w.org\/{rel}","templated":true}]}}