{"id":62692,"date":"2020-09-16T21:18:21","date_gmt":"2020-09-16T19:18:21","guid":{"rendered":"https:\/\/schillerinstitute.com\/blog\/2020\/09\/16\/webcast-we-must-keep-fighting-for-a-summit-as-the-war-hawks-are-going-all-out-to-prevent-it\/"},"modified":"2020-09-17T11:52:05","modified_gmt":"2020-09-17T09:52:05","slug":"webcast-we-must-keep-fighting-for-a-summit-as-the-war-hawks-are-going-all-out-to-prevent-it","status":"publish","type":"post","link":"https:\/\/schillerinstitute.com\/de\/blog\/2020\/09\/16\/webcast-we-must-keep-fighting-for-a-summit-as-the-war-hawks-are-going-all-out-to-prevent-it\/","title":{"rendered":"Webcast: W\u00e4hrend die Kriegstreiber alles unternehmen, um ein Gipfeltreffen zu verhindern, m\u00fcssen wir weiter daf\u00fcr k\u00e4mpfen!"},"content":{"rendered":"<p>In ihrem w\u00f6chentlichen Dialog kam Helga Zepp-LaRouche nach einem R\u00fcckblick auf die Eskalation verschiedener strategischer Krisenpunkte und den schrecklichen geopolitischen \u00c4u\u00dferungen vieler Staats- und Regierungschefs der Welt, zu dem Schlu\u00df, da\u00df es an den B\u00fcrgern liegt, sich f\u00fcr L\u00f6sungen einzusetzen. Sie sollten darauf bestehen, da\u00df ein Gipfeltreffen der Staats- und Regierungschefs der Welt stattfindet. Die j\u00fcngsten Konferenzen von <a href=\"https:\/\/larouchepac.com\/20200911\/9112020-use-truth-stop-insurrection-against-presidency\" target=\"_blank\" rel=\"noopener noreferrer\"><em>LaRouchePAC<\/em><\/a> (engl.) und dem <a href=\"https:\/\/schillerinstitute.com\/de\/blog\/2020\/08\/13\/conference-war-drive-towards-armageddon-or-a-new-paradigm-among-sovereign-nations-united-by-the-common-aims-of-mankind\/\" target=\"_blank\" rel=\"noopener noreferrer\"><em>Schiller-Institut<\/em><\/a> haben die Gefahr der kombinierten Auswirkungen des Staatsstreichs gegen Pr\u00e4sident Trump und der Kriegshetze durch Leute wie Pompeo aufgezeigt.<\/p>\n\n\n<figure class=\"wp-block-embed-youtube wp-block-embed is-type-video is-provider-youtube wp-embed-aspect-16-9 wp-has-aspect-ratio\"><div class=\"wp-block-embed__wrapper\">\n<iframe loading=\"lazy\" title=\"NSA war 9\/11 bekannt!\" width=\"960\" height=\"540\" src=\"https:\/\/www.youtube.com\/embed\/ZRQdBjum6tA?feature=oembed\" frameborder=\"0\" allow=\"accelerometer; autoplay; clipboard-write; encrypted-media; gyroscope; picture-in-picture\" allowfullscreen><\/iframe>\n<\/div><\/figure>\n\n\n\n<p>W\u00e4hrend Pr\u00e4sident Trump von Frieden spricht und sich der Idee eines Gipfeltreffens mit Pr\u00e4sident Putin ann\u00e4hert, nutzt die globale Kriegsmaschine die Navalny-Aff\u00e4re als neuste antirussische Kampagne, um dieses Treffen zu verhindern und gleichzeitig die Beziehungen zwischen Deutschland und Ru\u00dfland zu st\u00f6ren. Die schreckliche Rede von Ursula von der Leyen, Pr\u00e4sidentin der EU-Kommission, die Angriffe auf Russland und China, die Unterst\u00fctzung der Farbevolution in Belarus und einen t\u00f6dlichen gr\u00fcnen Alptraum f\u00fcr Europa beinhaltete, ist typisch f\u00fcr das Problem. Die EU verk\u00fcndet heuchlerisch, da\u00df sie sich f\u00fcr Menschenrechte einsetzt, w\u00e4hrend sie die reale Situation von Leben und Tod der Fl\u00fcchtlinge, einschlie\u00dflich derer, die auf Lesbos gefangen sind, ignoriert.<br><br>Zepp-LaRouche forderte die Zuschauer auf, nicht aufzugeben, wir m\u00fcssen \u201eweiter f\u00fcr ein Gipfeltreffen k\u00e4mpfen\u201c. Das Gipfeltreffen ist ein wichtiger Teil der, von der LaRouche-Bewegung pr\u00e4sentierten L\u00f6sungen zu den globalen Krisen.<\/p>\n\n\n\n<p><\/p>\n\n\n\n<p><\/p>\n<!-- AddThis Advanced Settings generic via filter on the_content --><!-- AddThis Share Buttons generic via filter on the_content -->","protected":false},"excerpt":{"rendered":"<p>In ihrem w\u00f6chentlichen Dialog kam Helga Zepp-LaRouche nach einem R\u00fcckblick auf die Eskalation verschiedener strategischer Krisenpunkte und den schrecklichen geopolitischen \u00c4u\u00dferungen vieler Staats- und Regierungschefs der Welt, zu dem Schlu\u00df, da\u00df es an den B\u00fcrgern liegt, sich f\u00fcr L\u00f6sungen einzusetzen. Sie sollten darauf bestehen, da\u00df&hellip;<!-- AddThis Advanced Settings generic via filter on get_the_excerpt --><!-- AddThis Share Buttons generic via filter on get_the_excerpt --><\/p>\n","protected":false},"author":25,"featured_media":62653,"comment_status":"open","ping_status":"closed","sticky":false,"template":"","format":"standard","meta":{"_lmt_disableupdate":"no","_lmt_disable":"","footnotes":""},"categories":[37,462],"tags":[],"class_list":["post-62692","post","type-post","status-publish","format-standard","has-post-thumbnail","hentry","category-allgemein-de","category-webcast-mit-helga-zepp-larouche"],"featured_image_src":"https:\/\/schillerinstitute.com\/wp-content\/uploads\/2020\/09\/B-52_Stratofortress_assigned_to_the_307th_Bomb_Wing_cropped-scaled.jpg","author_info":{"display_name":"David Dobrodt","author_link":"https:\/\/schillerinstitute.com\/de\/blog\/author\/dave\/"},"modified_by":"madeleine","cc_featured_image_caption":{"caption_text":"","source_text":"","source_url":""},"_links":{"self":[{"href":"https:\/\/schillerinstitute.com\/de\/wp-json\/wp\/v2\/posts\/62692","targetHints":{"allow":["GET"]}}],"collection":[{"href":"https:\/\/schillerinstitute.com\/de\/wp-json\/wp\/v2\/posts"}],"about":[{"href":"https:\/\/schillerinstitute.com\/de\/wp-json\/wp\/v2\/types\/post"}],"author":[{"embeddable":true,"href":"https:\/\/schillerinstitute.com\/de\/wp-json\/wp\/v2\/users\/25"}],"replies":[{"embeddable":true,"href":"https:\/\/schillerinstitute.com\/de\/wp-json\/wp\/v2\/comments?post=62692"}],"version-history":[{"count":3,"href":"https:\/\/schillerinstitute.com\/de\/wp-json\/wp\/v2\/posts\/62692\/revisions"}],"predecessor-version":[{"id":62697,"href":"https:\/\/schillerinstitute.com\/de\/wp-json\/wp\/v2\/posts\/62692\/revisions\/62697"}],"wp:featuredmedia":[{"embeddable":true,"href":"https:\/\/schillerinstitute.com\/de\/wp-json\/wp\/v2\/media\/62653"}],"wp:attachment":[{"href":"https:\/\/schillerinstitute.com\/de\/wp-json\/wp\/v2\/media?parent=62692"}],"wp:term":[{"taxonomy":"category","embeddable":true,"href":"https:\/\/schillerinstitute.com\/de\/wp-json\/wp\/v2\/categories?post=62692"},{"taxonomy":"post_tag","embeddable":true,"href":"https:\/\/schillerinstitute.com\/de\/wp-json\/wp\/v2\/tags?post=62692"}],"curies":[{"name":"wp","href":"https:\/\/api.w.org\/{rel}","templated":true}]}}