{"id":60974,"date":"2020-07-17T19:27:00","date_gmt":"2020-07-17T17:27:00","guid":{"rendered":"https:\/\/schillerinstitute.com\/blog\/2020\/07\/17\/chinese-foreign-minister-wang-yi-meets-with-his-central-asian-counterparts\/"},"modified":"2020-07-21T13:45:28","modified_gmt":"2020-07-21T11:45:28","slug":"chinese-foreign-minister-wang-yi-meets-with-his-central-asian-counterparts","status":"publish","type":"post","link":"https:\/\/schillerinstitute.com\/de\/blog\/2020\/07\/17\/chinese-foreign-minister-wang-yi-meets-with-his-central-asian-counterparts\/","title":{"rendered":"Chinas Au\u00dfenminister Wang Yi trifft sich mit seinen zentralasiatischen Amtskollegen"},"content":{"rendered":"<p>16. Juli &#8211; Chinas Au\u00dfenminister Wang Yi hat sich mit den Au\u00dfenministern Kasachstans, Usbekistans, Turkmenistans, Kirgisistans und Tadschikistans in einer Online-Diskussion getroffen \u2013 einige Tage, nachdem US-Au\u00dfenminister Pompeo mit den gleichen L\u00e4ndern eine \u00e4hnliche Konferenz in dem Versuch abgehalten hatte, sie von ihrer Zusammenarbeit mit China abzubringen. Pompeo hatte jedoch keine guten Argumente vorzubringen, und sowohl die geographische N\u00e4he, als auch die freundschaftlichen Beziehungen zwischen diesen L\u00e4ndern und China lassen einen Bruch mit China unwahrscheinlich erscheinen. Wang Yi unterstrich die Bedeutung der \u201eBelt and Road\u201c-Initiative f\u00fcr diese Binnenl\u00e4nder.<\/p>\n<p>Wang stellte fest, da\u00df China der Entwicklung einer strategischen Partnerschaft mit den zentralasiatischen L\u00e4ndern gro\u00dfe Bedeutung beimesse, allen L\u00e4ndern nachdr\u00fccklich dabei helfe, ihre Entwicklung im Einklang mit ihren nationalen Bedingungen voranzutreiben, jedes Land bei der Wahrung seiner Souver\u00e4nit\u00e4t, Unabh\u00e4ngigkeit und territorialen Integrit\u00e4t unterst\u00fctze und die eigenst\u00e4ndige Entwicklung jedes einzelnen Landes f\u00f6rdere.<\/p>\n<p>Wang rief dazu auf, ein Zentrum f\u00fcr traditionelle chinesische Medizin einzurichten und bei der Erforschung von Impfstoffen zusammenzuarbeiten. Weiterhin sprach er sich f\u00fcr die Einrichtung \u201egr\u00fcner\u201c Wege f\u00fcr den Warentransport aus, um die Sicherheit und Stabilit\u00e4t der Lieferketten zu gew\u00e4hrleisten, den grenz\u00fcberschreitenden elektronischen Handel auszudehnen und den Bau der \u201edigitalen Seidenstra\u00dfe\u201c zu beschleunigen.<\/p>\n<p>Alle Teilnehmer kamen \u00fcberein, das Zusammenwirken der \u201eBelt and Road\u201c-Initiative und der zentralasiatischen Entwicklungsstrategien zu f\u00f6rdern, untereinander vernetzte Partnerschaften aufzubauen, die pragmatische Zusammenarbeit in verschiedenen Bereichen zu vertiefen, eine wirksame Zusammenarbeit im Bereich der Investitionen zu schaffen und gemeinsam den Wiederaufbau und die Entwicklung der Wirtschaft zu f\u00f6rdern. Einer der wichtigsten weiteren Punkte war, Zentralasien zu einem Verkehrsknotenpunkt f\u00fcr Eurasien zu machen. In der Erkl\u00e4rung stimmten die Au\u00dfenminister darin \u00fcberein, da\u00df es bei der Reaktion auf die Coronavirus-Pandemie keine Diskriminierung, Stigmatisierung, Rassismus und Fremdenfeindlichkeit geben d\u00fcrfe.<\/p>\n<!-- AddThis Advanced Settings generic via filter on the_content --><!-- AddThis Share Buttons generic via filter on the_content -->","protected":false},"excerpt":{"rendered":"<p>16. Juli &#8211; Chinas Au\u00dfenminister Wang Yi hat sich mit den Au\u00dfenministern Kasachstans, Usbekistans, Turkmenistans, Kirgisistans und Tadschikistans in einer Online-Diskussion getroffen \u2013 einige Tage, nachdem US-Au\u00dfenminister Pompeo mit den gleichen L\u00e4ndern eine \u00e4hnliche Konferenz in dem Versuch abgehalten hatte, sie von ihrer Zusammenarbeit mit&hellip;<!-- AddThis Advanced Settings generic via filter on get_the_excerpt --><!-- AddThis Share Buttons generic via filter on get_the_excerpt --><\/p>\n","protected":false},"author":32,"featured_media":60838,"comment_status":"open","ping_status":"closed","sticky":false,"template":"","format":"standard","meta":{"_lmt_disableupdate":"no","_lmt_disable":"","footnotes":""},"categories":[37],"tags":[],"class_list":["post-60974","post","type-post","status-publish","format-standard","has-post-thumbnail","hentry","category-allgemein-de"],"featured_image_src":"https:\/\/schillerinstitute.com\/wp-content\/uploads\/2020\/07\/Chinese_Foreign_Minister_Wang_Yi_visits_Ecuador_October_2016.jpg","author_info":{"display_name":"Jenny Burns","author_link":"https:\/\/schillerinstitute.com\/de\/blog\/author\/burns\/"},"modified_by":"madeleine","cc_featured_image_caption":{"caption_text":"","source_text":"","source_url":""},"_links":{"self":[{"href":"https:\/\/schillerinstitute.com\/de\/wp-json\/wp\/v2\/posts\/60974","targetHints":{"allow":["GET"]}}],"collection":[{"href":"https:\/\/schillerinstitute.com\/de\/wp-json\/wp\/v2\/posts"}],"about":[{"href":"https:\/\/schillerinstitute.com\/de\/wp-json\/wp\/v2\/types\/post"}],"author":[{"embeddable":true,"href":"https:\/\/schillerinstitute.com\/de\/wp-json\/wp\/v2\/users\/32"}],"replies":[{"embeddable":true,"href":"https:\/\/schillerinstitute.com\/de\/wp-json\/wp\/v2\/comments?post=60974"}],"version-history":[{"count":2,"href":"https:\/\/schillerinstitute.com\/de\/wp-json\/wp\/v2\/posts\/60974\/revisions"}],"predecessor-version":[{"id":60976,"href":"https:\/\/schillerinstitute.com\/de\/wp-json\/wp\/v2\/posts\/60974\/revisions\/60976"}],"wp:featuredmedia":[{"embeddable":true,"href":"https:\/\/schillerinstitute.com\/de\/wp-json\/wp\/v2\/media\/60838"}],"wp:attachment":[{"href":"https:\/\/schillerinstitute.com\/de\/wp-json\/wp\/v2\/media?parent=60974"}],"wp:term":[{"taxonomy":"category","embeddable":true,"href":"https:\/\/schillerinstitute.com\/de\/wp-json\/wp\/v2\/categories?post=60974"},{"taxonomy":"post_tag","embeddable":true,"href":"https:\/\/schillerinstitute.com\/de\/wp-json\/wp\/v2\/tags?post=60974"}],"curies":[{"name":"wp","href":"https:\/\/api.w.org\/{rel}","templated":true}]}}