{"id":51958,"date":"2019-01-29T17:06:36","date_gmt":"2019-01-29T16:06:36","guid":{"rendered":"https:\/\/schillerinstitute.com\/blog\/2019\/01\/29\/czech-president-endorsing-new-silk-road\/"},"modified":"2019-02-03T13:08:17","modified_gmt":"2019-02-03T12:08:17","slug":"czech-president-endorsing-new-silk-road","status":"publish","type":"post","link":"https:\/\/schillerinstitute.com\/de\/blog\/2019\/01\/29\/czech-president-endorsing-new-silk-road\/","title":{"rendered":"Tschechischer Staatspr\u00e4sident bef\u00fcrwortet die Neue Seidenstra\u00dfe"},"content":{"rendered":"<p>Der tschechische Pr\u00e4sident Milos Zeman hat erkl\u00e4rt, er unterst\u00fctze die Firmen seines Landes dabei, sich an der von China eingeleiteten Belt and Road Initiative (Neuen Seidenstra\u00dfe) zu beteiligen, und er rechne fest damit, da\u00df dadurch Wirtschaftsbereiche wie die Bahnindustrie und der Immobiliensektor Tschechiens gest\u00e4rkt werden. Diese \u00c4u\u00dferungen machte er in einem Interview mit <i>Xinhua<\/i> am 24. Januar in Prag. Er sagte weiter, er habe den Traum, da\u00df die \u201eNeue Seidenstra\u00dfe durch die Tschechische Republik nach Westeuropa f\u00fchren wird.\u201c Sie sei eine \u201ewundervolle Initiative\u201c, und es brauche Mut, um solch ein Projekt zu verwirklichen.<\/p>\n<p>Zur Entwicklung Chinas sagte Zeman, China sei politisch und wirtschaftlich ein bedeutendes Land. Es habe den Lebensstandard seiner Bev\u00f6lkerung deutlich angehoben, und die Mittelschicht des Landes wachse. Zeman betonte auch, die Tschechische Republik stehe zu der Ein-China-Politik.<\/p>\n<!-- AddThis Advanced Settings generic via filter on the_content --><!-- AddThis Share Buttons generic via filter on the_content -->","protected":false},"excerpt":{"rendered":"<p>Der tschechische Pr\u00e4sident Milos Zeman hat erkl\u00e4rt, er unterst\u00fctze die Firmen seines Landes dabei, sich an der von China eingeleiteten Belt and Road Initiative (Neuen Seidenstra\u00dfe) zu beteiligen, und er rechne fest damit, da\u00df dadurch Wirtschaftsbereiche wie die Bahnindustrie und der Immobiliensektor Tschechiens gest\u00e4rkt werden.&hellip;<!-- AddThis Advanced Settings generic via filter on get_the_excerpt --><!-- AddThis Share Buttons generic via filter on get_the_excerpt --><\/p>\n","protected":false},"author":28,"featured_media":51697,"comment_status":"open","ping_status":"closed","sticky":false,"template":"","format":"standard","meta":{"_lmt_disableupdate":"","_lmt_disable":"","footnotes":""},"categories":[448],"tags":[],"class_list":["post-51958","post","type-post","status-publish","format-standard","has-post-thumbnail","hentry","category-bri-de"],"featured_image_src":"https:\/\/schillerinstitute.com\/wp-content\/uploads\/2019\/01\/Czech_Republic_Flag_02.png","author_info":{"display_name":"Leona Meyer-Kasai","author_link":"https:\/\/schillerinstitute.com\/de\/blog\/author\/leona\/"},"modified_by":"Leona Meyer-Kasai","cc_featured_image_caption":{"caption_text":false,"source_text":false,"source_url":false},"_links":{"self":[{"href":"https:\/\/schillerinstitute.com\/de\/wp-json\/wp\/v2\/posts\/51958","targetHints":{"allow":["GET"]}}],"collection":[{"href":"https:\/\/schillerinstitute.com\/de\/wp-json\/wp\/v2\/posts"}],"about":[{"href":"https:\/\/schillerinstitute.com\/de\/wp-json\/wp\/v2\/types\/post"}],"author":[{"embeddable":true,"href":"https:\/\/schillerinstitute.com\/de\/wp-json\/wp\/v2\/users\/28"}],"replies":[{"embeddable":true,"href":"https:\/\/schillerinstitute.com\/de\/wp-json\/wp\/v2\/comments?post=51958"}],"version-history":[{"count":2,"href":"https:\/\/schillerinstitute.com\/de\/wp-json\/wp\/v2\/posts\/51958\/revisions"}],"predecessor-version":[{"id":51960,"href":"https:\/\/schillerinstitute.com\/de\/wp-json\/wp\/v2\/posts\/51958\/revisions\/51960"}],"wp:featuredmedia":[{"embeddable":true,"href":"https:\/\/schillerinstitute.com\/de\/wp-json\/wp\/v2\/media\/51697"}],"wp:attachment":[{"href":"https:\/\/schillerinstitute.com\/de\/wp-json\/wp\/v2\/media?parent=51958"}],"wp:term":[{"taxonomy":"category","embeddable":true,"href":"https:\/\/schillerinstitute.com\/de\/wp-json\/wp\/v2\/categories?post=51958"},{"taxonomy":"post_tag","embeddable":true,"href":"https:\/\/schillerinstitute.com\/de\/wp-json\/wp\/v2\/tags?post=51958"}],"curies":[{"name":"wp","href":"https:\/\/api.w.org\/{rel}","templated":true}]}}