{"id":49581,"date":"2018-11-13T10:46:57","date_gmt":"2018-11-13T09:46:57","guid":{"rendered":"https:\/\/schillerinstitute.com\/?p=49581\/"},"modified":"2018-11-13T10:46:57","modified_gmt":"2018-11-13T09:46:57","slug":"vertreter-des-schiller-instituts-spricht-bei-hochrangiger-konferenz-in-beijing","status":"publish","type":"post","link":"https:\/\/schillerinstitute.com\/de\/blog\/2018\/11\/13\/vertreter-des-schiller-instituts-spricht-bei-hochrangiger-konferenz-in-beijing\/","title":{"rendered":"Vertreter des Schiller-Instituts spricht bei hochrangiger Konferenz in Beijing"},"content":{"rendered":"<p>Hussein Askary, der S\u00fcdwestasien-Koordinator des Schiller-Instituts, sprach am 29. Oktober<br \/>\nbei der Internationalen Konferenz der Lebensmittelindustrie an G\u00fcrtel und Stra\u00dfe, die von den<br \/>\nchinesischen Zeitungen People\u2019s Daily, Global Times und China Food News unter der<br \/>\nSchirmherrschaft des offiziellen staatlichen Belt &amp; Road-Portals veranstaltet wurde. Die<br \/>\nKonferenz behandelte die Auswirkungen der Belt &amp; Road-Initiative (BRI) und von Chinas<br \/>\nEntwicklungsmodell auf die Ern\u00e4hrungssicherheit in China und weltweit.<\/p>\n<p>Die Hauptsitzung wurde von hochrangigen Beamten er\u00f6ffnet, u.a. dem fr\u00fcheren Direktor des<br \/>\nB\u00fcros des Staatsrats f\u00fcr die Linderung der Armut, Liu Jian, der zuvor auch stellv.<br \/>\nLandwirtschaftsminister gewesen war, und dem fr\u00fcheren Sprecher des Au\u00dfenministeriums<br \/>\nSun Yuxi, der jetzt Mitglied des \u00d6ffentlichen Beirats des Au\u00dfenministeriums ist.<br \/>\nHussein Askary beschrieb in seinem Vortrag den Einsatz des Schiller-Instituts in den letzten<br \/>\n25 Jahren f\u00fcr eine globale Vernetzung, wie man sie jetzt mit der Neuen Seidenstra\u00dfe und der<br \/>\nEurasisch-Afrikanischen Landbr\u00fccke verbindet. Er und das Schiller-Institut seien dem<br \/>\nchinesischen Pr\u00e4sidenten Xi Jinping sehr dankbar daf\u00fcr, da\u00df er 2013 die BRI startete. \u201eSie hat<br \/>\nschon jetzt die Welt ver\u00e4ndert und in ein neues Geflecht internationaler Beziehungen gef\u00fchrt,<br \/>\ndie auf wirtschaftlicher Zusammenarbeit und gegenseitiger Entwicklung beruhen, was gro\u00dfen<br \/>\nEinflu\u00df auf die Ern\u00e4hrungssicherheit der Welt haben wird.\u201c Ohne Chinas erstaunlichen<br \/>\nIndustrialisierungsproze\u00df in den letzten drei Jahrzehnten w\u00e4re dies nicht m\u00f6glich gewesen, betonte Askary,<\/p>\n<p>Er beschrieb dann die gewaltigen positiven \u00c4nderungen in den Lebensbedingungen der<br \/>\nchinesischen Bev\u00f6lkerung, wie die Steigerung der Erzeugung und des Verbrauchs von<br \/>\nNahrungsmitteln und die vielseitigere Ern\u00e4hrung f\u00fcr die Menschen. Aber diese neue<br \/>\nErn\u00e4hrung mit einem gr\u00f6\u00dferen Anteil an Eiwei\u00df sei kapitalintensiver. \u201eMan kann davon<br \/>\nausgehen, da\u00df dieser Proze\u00df sich in allen L\u00e4ndern und Teilen der Welt wiederholen wird, die<br \/>\ndie BRI mit ihrer Verbesserung der Lebensbedingungen und in der Folge auch des<br \/>\nLebensmittelverbrauchs erreicht.\u201c Askary zeigte dann die von den UN erstellte \u201eWeltkarte<br \/>\ndes Hungers\u201c, aus der hervorgeht, da\u00df heute 800 Mio. Menschen auf der Welt nicht<br \/>\nausreichend ern\u00e4hrt sind. Aber die hungrigsten L\u00e4nder, insbesondere in Afrika und Westasien,<br \/>\nschlie\u00dfen sich nun der BRI an, um diese schreckliche Lage zu \u00fcberwinden. \u201eMan mu\u00df sich<br \/>\nverdeutlichen, wieviel Land und Technologie ben\u00f6tigt wird, um dieses Ziel zu erreichen.\u201c Da<br \/>\ndie Weltbev\u00f6lkerung sich wahrscheinlich bis 2050 verdoppeln werde, k\u00f6nne man diese<br \/>\nHerausforderung nur mit so umfangreichen Initiativen wie der BRI bew\u00e4ltigen, schlo\u00df Askary.<\/p>\n<p>Die Konferenz und Askarys Rede fanden gro\u00dfe Aufmerksamkeit in den chinesischen Medien,<br \/>\ndie Videoaufnahme seines Vortrags wurde auf mehreren Internetseiten eingestellt. Wie China<br \/>\nDaily berichtete, ist die Internationalen Konferenz der Lebensmittelindustrie an G\u00fcrtel und<br \/>\nStra\u00dfe eine Konferenz von Weltrang, an der Vertreter der Lebensmittelindustrie und mit der<br \/>\nNahrungsmittelproduktion verbundene Handels- und Industrieverb\u00e4nde, bekannte<br \/>\nUnternehmen und gesellschaftliche Organisationen teilnehmen. Die offizielle Internetseite der<br \/>\nKonferenz ist die<a href=\"http:\/\/www.msdnba.com\/topics?id=15.html\"> der Globalen Belt &amp; Road-Handelskammern und -Verb\u00e4nde.<\/a><\/p>\n<!-- AddThis Advanced Settings generic via filter on the_content --><!-- AddThis Share Buttons generic via filter on the_content -->","protected":false},"excerpt":{"rendered":"<p>Hussein Askary, der S\u00fcdwestasien-Koordinator des Schiller-Instituts, sprach am 29. Oktober bei der Internationalen Konferenz der Lebensmittelindustrie an G\u00fcrtel und Stra\u00dfe, die von den chinesischen Zeitungen People\u2019s Daily, Global Times und China Food News unter der Schirmherrschaft des offiziellen staatlichen Belt &amp; Road-Portals veranstaltet wurde. Die&hellip;<!-- AddThis Advanced Settings generic via filter on get_the_excerpt --><!-- AddThis Share Buttons generic via filter on get_the_excerpt --><\/p>\n","protected":false},"author":26,"featured_media":28904,"comment_status":"open","ping_status":"closed","sticky":false,"template":"","format":"standard","meta":{"_lmt_disableupdate":"","_lmt_disable":"","footnotes":""},"categories":[37,448,467,472,97,439],"tags":[],"class_list":["post-49581","post","type-post","status-publish","format-standard","has-post-thumbnail","hentry","category-allgemein-de","category-bri-de","category-coverage-de","category-coverage-de-2","category-die-weltlandbrucke-bauen","category-neue-seidenstrasse"],"featured_image_src":"https:\/\/schillerinstitute.com\/wp-content\/uploads\/2013\/04\/20130413-hussein-askary.jpg","author_info":{"display_name":"Jason Ross","author_link":"https:\/\/schillerinstitute.com\/de\/blog\/author\/jason\/"},"modified_by":null,"cc_featured_image_caption":{"caption_text":false,"source_text":false,"source_url":false},"_links":{"self":[{"href":"https:\/\/schillerinstitute.com\/de\/wp-json\/wp\/v2\/posts\/49581","targetHints":{"allow":["GET"]}}],"collection":[{"href":"https:\/\/schillerinstitute.com\/de\/wp-json\/wp\/v2\/posts"}],"about":[{"href":"https:\/\/schillerinstitute.com\/de\/wp-json\/wp\/v2\/types\/post"}],"author":[{"embeddable":true,"href":"https:\/\/schillerinstitute.com\/de\/wp-json\/wp\/v2\/users\/26"}],"replies":[{"embeddable":true,"href":"https:\/\/schillerinstitute.com\/de\/wp-json\/wp\/v2\/comments?post=49581"}],"version-history":[{"count":1,"href":"https:\/\/schillerinstitute.com\/de\/wp-json\/wp\/v2\/posts\/49581\/revisions"}],"predecessor-version":[{"id":49582,"href":"https:\/\/schillerinstitute.com\/de\/wp-json\/wp\/v2\/posts\/49581\/revisions\/49582"}],"wp:featuredmedia":[{"embeddable":true,"href":"https:\/\/schillerinstitute.com\/de\/wp-json\/wp\/v2\/media\/28904"}],"wp:attachment":[{"href":"https:\/\/schillerinstitute.com\/de\/wp-json\/wp\/v2\/media?parent=49581"}],"wp:term":[{"taxonomy":"category","embeddable":true,"href":"https:\/\/schillerinstitute.com\/de\/wp-json\/wp\/v2\/categories?post=49581"},{"taxonomy":"post_tag","embeddable":true,"href":"https:\/\/schillerinstitute.com\/de\/wp-json\/wp\/v2\/tags?post=49581"}],"curies":[{"name":"wp","href":"https:\/\/api.w.org\/{rel}","templated":true}]}}