{"id":48469,"date":"2018-09-06T13:41:39","date_gmt":"2018-09-06T11:41:39","guid":{"rendered":"https:\/\/schillerinstitute.com\/?p=48469\/"},"modified":"2018-09-06T13:41:39","modified_gmt":"2018-09-06T11:41:39","slug":"china-und-afrika-interessengemeinschaft-fur-die-menschheit","status":"publish","type":"post","link":"https:\/\/schillerinstitute.com\/de\/blog\/2018\/09\/06\/china-und-afrika-interessengemeinschaft-fur-die-menschheit\/","title":{"rendered":"China und Afrika: Interessengemeinschaft f\u00fcr die Menschheit"},"content":{"rendered":"<section id=\"title_breadcrumbs_bar\">\n<div class=\"group-left dnd_column_dd_span8\">\n<div class=\"field field-name-body field-type-text-with-summary field-label-hidden padding-top20 d7-font-body-size\">\n<div class=\"field-items\">\n<div class=\"field-item even\">\n<p>4. September 2018 \u2013 Die Beratungen auf dem Forum f\u00fcr Chinesisch-Afrikanische Kooperation (FOCAC), die am 3. Sept. in Beijing begannen, markieren eine historische Wende f\u00fcr die Menschheit. Die jahrhundertelange Kolonialzeit unter dem britischen Empire oder anderen Vorzeichen ist jetzt Vergangenheit. Unter dieser Pr\u00e4misse stand die Auftaktrede des chinesischen Pr\u00e4sidenten Xi Jinping und der anderen hochrangigen Redner: Pr\u00e4sident Cyril Ramaphosa aus S\u00fcdafrika f\u00fcr die BRICS-L\u00e4nder, Pr\u00e4sident Paul Kagame von Ruanda, das derzeit den Vorsitz der Afrikanischen Union (AU) innehat, Antonio Guterres, Generalsekret\u00e4r der Vereinten Nationen, und Moussa Faki Mahamat, Vorsitzender der AU-Kommission. Faki gab bekannt, da\u00df die Afrikanische Union noch w\u00e4hrend seines Besuchs eine st\u00e4ndige Vertretung in Beijing er\u00f6ffnen werde.<\/p>\n<p>Allein der spektakul\u00e4re visuelle Rahmen der Versammlung unterstrich die gro\u00dfe Bedeutung des Forums. Auf Pl\u00e4tzen auf der B\u00fchne hinter dem Rednerpult mit Blick auf die \u00fcber tausend Konferenzteilnehmer im Plenum sa\u00dfen die Staats- und Regierungschefs von 53 afrikanischen L\u00e4ndern. \u201eDas Selbstvertrauen der afrikanischen Staatsf\u00fchrer befindet sich jetzt auf der Weltb\u00fchne,\u201c bemerkte hierzu die Pr\u00e4sidentin des Schiller-Instituts, Helga Zepp-LaRouche. In Zusammenarbeit mit China \u201ewird Afrika das Machtzentrum der Zukunft sein.\u201c<\/p>\n<p>Pr\u00e4sident Xi gab spezifische Absichten und Pl\u00e4ne f\u00fcr gemeinsame Projekte bekannt und verwendete eindrucksvolle Bilder, um den Geist der Zusammenarbeit zu unterstreichen. \u201eChina und Afrika werden gemeinsam den Weg der Prosperit\u00e4t gehen,\u201c sagte er. Wir werden \u201emit einem Geist denken und mit einem Herz arbeiten.\u201c<br \/>\nHervorzuheben ist auch, da\u00df Xi betonte, China sei bereit, mit anderen als internationale Partner zusammenzuarbeiten. China und Afrika werden ein Beispiel setzen und \u201eeine gemeinsame Interessengemeinschaft f\u00fcr die gesamte Menschheit bilden.\u201c Er unterstrich dies mit einer metaphorischen Bemerkung: \u201eJeder, der sich auf einer Insel absondert, hat keine Zukunft.\u201c Aber er f\u00fcgte sofort hinzu: \u201eJeder hat in sich ein kleines St\u00fcck der anderen.\u201c<\/p>\n<p>UN-Generalsekret\u00e4r Guterres bezeichnete das FOCAC-Treffen als einen \u201ehistorischen Moment\u201c. Nachdr\u00fccklich betonte er, da\u00df die chinesisch-afrikanische Zusammenarbeit und die Belt and Road Initiative inzwischen ein nat\u00fcrlicher Teil der UN-Agenda 2030 (zur Beendigung der Armut weltweit) sowie der AU-Agenda 2063 (der 50j\u00e4hrigen Entwicklungsperspektive der AU f\u00fcr Afrika) seien.<\/p>\n<p>Xi verk\u00fcndete einen Acht-Punkte-Aktionsplan f\u00fcr gemeinsame chinesisch-afrikanische Aktivit\u00e4ten bis 2021. Sein Land werde in dieser Zeit Gelder in H\u00f6he von 60 Mrd.$ bereitstellen, die sich in private Investitionen, staatliche Zusch\u00fcsse, Kredite usw. aufteilen.<\/p>\n<\/div>\n<\/div>\n<\/div>\n<\/div>\n<\/section>\n<section class=\"dnd_section_dd page\"><\/section>\n<!-- AddThis Advanced Settings generic via filter on the_content --><!-- AddThis Share Buttons generic via filter on the_content -->","protected":false},"excerpt":{"rendered":"<p>4. September 2018 \u2013 Die Beratungen auf dem Forum f\u00fcr Chinesisch-Afrikanische Kooperation (FOCAC), die am 3. Sept. in Beijing begannen, markieren eine historische Wende f\u00fcr die Menschheit. Die jahrhundertelange Kolonialzeit unter dem britischen Empire oder anderen Vorzeichen ist jetzt Vergangenheit. Unter dieser Pr\u00e4misse stand die&hellip;<!-- AddThis Advanced Settings generic via filter on get_the_excerpt --><!-- AddThis Share Buttons generic via filter on get_the_excerpt --><\/p>\n","protected":false},"author":26,"featured_media":46600,"comment_status":"open","ping_status":"closed","sticky":false,"template":"","format":"standard","meta":{"_lmt_disableupdate":"","_lmt_disable":"","footnotes":""},"categories":[37,448,439],"tags":[],"class_list":["post-48469","post","type-post","status-publish","format-standard","has-post-thumbnail","hentry","category-allgemein-de","category-bri-de","category-neue-seidenstrasse"],"featured_image_src":"https:\/\/schillerinstitute.com\/wp-content\/uploads\/2018\/04\/china-africa-5.jpg","author_info":{"display_name":"Jason Ross","author_link":"https:\/\/schillerinstitute.com\/de\/blog\/author\/jason\/"},"modified_by":null,"cc_featured_image_caption":{"caption_text":false,"source_text":false,"source_url":false},"_links":{"self":[{"href":"https:\/\/schillerinstitute.com\/de\/wp-json\/wp\/v2\/posts\/48469","targetHints":{"allow":["GET"]}}],"collection":[{"href":"https:\/\/schillerinstitute.com\/de\/wp-json\/wp\/v2\/posts"}],"about":[{"href":"https:\/\/schillerinstitute.com\/de\/wp-json\/wp\/v2\/types\/post"}],"author":[{"embeddable":true,"href":"https:\/\/schillerinstitute.com\/de\/wp-json\/wp\/v2\/users\/26"}],"replies":[{"embeddable":true,"href":"https:\/\/schillerinstitute.com\/de\/wp-json\/wp\/v2\/comments?post=48469"}],"version-history":[{"count":1,"href":"https:\/\/schillerinstitute.com\/de\/wp-json\/wp\/v2\/posts\/48469\/revisions"}],"predecessor-version":[{"id":48470,"href":"https:\/\/schillerinstitute.com\/de\/wp-json\/wp\/v2\/posts\/48469\/revisions\/48470"}],"wp:featuredmedia":[{"embeddable":true,"href":"https:\/\/schillerinstitute.com\/de\/wp-json\/wp\/v2\/media\/46600"}],"wp:attachment":[{"href":"https:\/\/schillerinstitute.com\/de\/wp-json\/wp\/v2\/media?parent=48469"}],"wp:term":[{"taxonomy":"category","embeddable":true,"href":"https:\/\/schillerinstitute.com\/de\/wp-json\/wp\/v2\/categories?post=48469"},{"taxonomy":"post_tag","embeddable":true,"href":"https:\/\/schillerinstitute.com\/de\/wp-json\/wp\/v2\/tags?post=48469"}],"curies":[{"name":"wp","href":"https:\/\/api.w.org\/{rel}","templated":true}]}}