{"id":47528,"date":"2018-07-26T21:17:54","date_gmt":"2018-07-26T19:17:54","guid":{"rendered":"http:\/\/schillerinstitute.com\/blog\/2018\/07\/26\/brics-could-be-an-alternative-model-of-development-to-western-dominance\/"},"modified":"2018-07-30T17:34:37","modified_gmt":"2018-07-30T15:34:37","slug":"brics-could-be-an-alternative-model-of-development-to-western-dominance","status":"publish","type":"post","link":"https:\/\/schillerinstitute.com\/de\/blog\/2018\/07\/26\/brics-could-be-an-alternative-model-of-development-to-western-dominance\/","title":{"rendered":"BRICS als alternatives Entwicklungsmodell zur westlichen Vorherrschaft"},"content":{"rendered":"<p>25. Juli 2018 \u2013 In einem Artikel auf der Webseite des Valdai-Diskussionsklubs mit der \u00dcberschrift \u201eBRICS und die Weltordnung\u201c schl\u00e4gt Georgy Toloraya vor, da\u00df die jetzige BRICS-Gruppe zusammen mit anderen L\u00e4ndern, die zur BRICS-plus-Struktur geh\u00f6ren (aber keine offiziellen Mitglieder sind), \u201eein alternatives Modell der sozio-\u00f6konomischen Entwicklung bilden k\u00f6nnte, anders als das des Westens\u201c, das auf \u201eMechanismen liberaler M\u00e4rkte und Profitstreben basiert,\u2026 die die Vorherrschaft des Westens voraussetzen.\u201c<\/p>\n<p>Toloraya ist Gesch\u00e4ftsf\u00fchrer des russischen Komitees f\u00fcr BRICS-Forschung. Er r\u00e4umt mit Argumenten auf, wonach die BRICS nur eine \u201echinazentrierte Struktur\u201c sei, die nur dazu da sei, die Interessen Chinas oder dessen Belt and Road Initiative zu f\u00f6rdern. Derartige Behauptungen \u201esind sehr hinterh\u00e4ltige L\u00fcgen\u201c. Der chinesische Faktor sei nur eine Facette der BRICS-Entwicklung.<\/p>\n<p>In der heutigen \u201eturbulenten Weltlage\u201c, so Toloraya weiter, sei es besonders wichtig, da\u00df der \u201egemeinsame BRICS-Nenner\u201c wachse. Im Gegensatz zur G7 verk\u00f6rpere die BRICS eine \u201er\u00fchrende Eintracht, die kein fake ist. Das ist keine Meuterei auf dem Schiff, wie man es bei der G7 sieht, wenn der Kapit\u00e4n eine Richtung vorgibt, w\u00e4hrend die Mannschaft in eine andere will.\u201c Wenn Ru\u00dfland 2020 den Vorsitz der Gruppe \u00fcbernehme, so Toloraya, \u201ek\u00f6nnte die BRICS ein vereinigtes Zentrum der multipolaren Welt werden&#8230; Die BRICS entwickelt derzeit ihre eigene Struktur globaler Governance und mu\u00df sich in diese Richtung weiter entwickeln. Ich wei\u00df nicht, ob sich dies im Rahmen zunehmender Gegenaktionen des Westens erreichen l\u00e4\u00dft, aber daran m\u00fcssen wir weiter arbeiten.\u201c<\/p>\n<!-- AddThis Advanced Settings generic via filter on the_content --><!-- AddThis Share Buttons generic via filter on the_content -->","protected":false},"excerpt":{"rendered":"<p>25. Juli 2018 \u2013 In einem Artikel auf der Webseite des Valdai-Diskussionsklubs mit der \u00dcberschrift \u201eBRICS und die Weltordnung\u201c schl\u00e4gt Georgy Toloraya vor, da\u00df die jetzige BRICS-Gruppe zusammen mit anderen L\u00e4ndern, die zur BRICS-plus-Struktur geh\u00f6ren (aber keine offiziellen Mitglieder sind), \u201eein alternatives Modell der sozio-\u00f6konomischen&hellip;<!-- AddThis Advanced Settings generic via filter on get_the_excerpt --><!-- AddThis Share Buttons generic via filter on get_the_excerpt --><\/p>\n","protected":false},"author":15,"featured_media":47521,"comment_status":"open","ping_status":"closed","sticky":false,"template":"","format":"standard","meta":{"_lmt_disableupdate":"","_lmt_disable":"","footnotes":""},"categories":[37,180,439],"tags":[],"class_list":["post-47528","post","type-post","status-publish","format-standard","has-post-thumbnail","hentry","category-allgemein-de","category-brics-de","category-neue-seidenstrasse"],"featured_image_src":"https:\/\/schillerinstitute.com\/wp-content\/uploads\/2018\/07\/China-Infrastructure-Donghai-Bridge-710x399.jpg","author_info":{"display_name":"Motoki Kasai","author_link":"https:\/\/schillerinstitute.com\/de\/blog\/author\/motoki\/"},"modified_by":"Motoki Kasai","cc_featured_image_caption":{"caption_text":false,"source_text":false,"source_url":false},"_links":{"self":[{"href":"https:\/\/schillerinstitute.com\/de\/wp-json\/wp\/v2\/posts\/47528","targetHints":{"allow":["GET"]}}],"collection":[{"href":"https:\/\/schillerinstitute.com\/de\/wp-json\/wp\/v2\/posts"}],"about":[{"href":"https:\/\/schillerinstitute.com\/de\/wp-json\/wp\/v2\/types\/post"}],"author":[{"embeddable":true,"href":"https:\/\/schillerinstitute.com\/de\/wp-json\/wp\/v2\/users\/15"}],"replies":[{"embeddable":true,"href":"https:\/\/schillerinstitute.com\/de\/wp-json\/wp\/v2\/comments?post=47528"}],"version-history":[{"count":2,"href":"https:\/\/schillerinstitute.com\/de\/wp-json\/wp\/v2\/posts\/47528\/revisions"}],"predecessor-version":[{"id":47530,"href":"https:\/\/schillerinstitute.com\/de\/wp-json\/wp\/v2\/posts\/47528\/revisions\/47530"}],"wp:featuredmedia":[{"embeddable":true,"href":"https:\/\/schillerinstitute.com\/de\/wp-json\/wp\/v2\/media\/47521"}],"wp:attachment":[{"href":"https:\/\/schillerinstitute.com\/de\/wp-json\/wp\/v2\/media?parent=47528"}],"wp:term":[{"taxonomy":"category","embeddable":true,"href":"https:\/\/schillerinstitute.com\/de\/wp-json\/wp\/v2\/categories?post=47528"},{"taxonomy":"post_tag","embeddable":true,"href":"https:\/\/schillerinstitute.com\/de\/wp-json\/wp\/v2\/tags?post=47528"}],"curies":[{"name":"wp","href":"https:\/\/api.w.org\/{rel}","templated":true}]}}