{"id":46528,"date":"2018-04-19T10:54:36","date_gmt":"2018-04-19T08:54:36","guid":{"rendered":"http:\/\/newparadigm.schillerinstitute.com\/?p=46528\/"},"modified":"2018-04-19T10:54:36","modified_gmt":"2018-04-19T08:54:36","slug":"chinesischer-ausenminister-wang-yi-auf-goodwill-besuch-in-japan","status":"publish","type":"post","link":"https:\/\/schillerinstitute.com\/de\/blog\/2018\/04\/19\/chinesischer-ausenminister-wang-yi-auf-goodwill-besuch-in-japan\/","title":{"rendered":"Chinesischer Au\u00dfenminister Wang Yi auf Goodwill-Besuch in Japan"},"content":{"rendered":"<p>18\/04\/2018 &#8211;  Auf seiner Goodwill-Mission in Japan hat sich der chinesische Au\u00dfenminister und Staatsrat Wang Yi am 16. April mit Premierminister Shinzo Abe getroffen. Beide waren sich darin einig, die Beziehungen weiter zu verbessern und die Zusammenarbeit auszuweiten. Wang sagte, China messe den Botschaften zur Verbesserung der Beziehungen gro\u00dfe Bedeutung zu, die Abe im letzten Jahr mehrmals \u00fcbermittelt habe, und er hoffe, da\u00df sein jetziger Besuch sich als wichtiger Schritt erweise, normale bilaterale Beziehungen zwischen beiden L\u00e4ndern herzustellen. Au\u00dferdem bewerte China Abes Zustimmung zu der Belt and Road Initiative positiv, und Japans Ja zum Aufbau der Neuen Seidenstra\u00dfe werde neuen Raum f\u00fcr die bilaterale Wirtschaftszusammenarbeit er\u00f6ffnen. China sei bereit, mit Japan \u00fcber den f\u00fcr das Land geeigneten und konkreten Weg zur Beteiligung an der Initiative zu diskutieren.<\/p>\n<p>Am 17. April traf sich Wang Yi auch mit Toshihiro Nikai, dem Vorsitzenden der regierenden Liberaldemokratischen Partei (LPD) sowie anderen f\u00fchrenden LPD-Politikern. Wang sagte, er hoffe, da\u00df Nikai weiter eine positive Rolle dabei spielen werde, noch mehr Menschen in Japan dazu zu bewegen, die Entwicklung der Beziehungen zwischen China und Japan zu unterst\u00fctzen. Wang f\u00fchrte auch Gespr\u00e4che mit Mitgliedern des Verbandes der japanischen Wirtschaftsorganisationen, dem Keidanren, wobei er ebenfalls betonte, China begr\u00fc\u00dfe es, da\u00df sich Japan der Belt and Road Initiative anschlie\u00dfe, wodurch sich neuer Raum f\u00fcr die bilaterale  Wirtschaftszusammenarbeit ergebe.<\/p>\n<!-- AddThis Advanced Settings generic via filter on the_content --><!-- AddThis Share Buttons generic via filter on the_content -->","protected":false},"excerpt":{"rendered":"<p>18\/04\/2018 &#8211; Auf seiner Goodwill-Mission in Japan hat sich der chinesische Au\u00dfenminister und Staatsrat Wang Yi am 16. April mit Premierminister Shinzo Abe getroffen. Beide waren sich darin einig, die Beziehungen weiter zu verbessern und die Zusammenarbeit auszuweiten. Wang sagte, China messe den Botschaften zur&hellip;<!-- AddThis Advanced Settings generic via filter on get_the_excerpt --><!-- AddThis Share Buttons generic via filter on get_the_excerpt --><\/p>\n","protected":false},"author":26,"featured_media":46529,"comment_status":"open","ping_status":"closed","sticky":false,"template":"","format":"standard","meta":{"_lmt_disableupdate":"","_lmt_disable":"","footnotes":""},"categories":[37],"tags":[],"class_list":["post-46528","post","type-post","status-publish","format-standard","has-post-thumbnail","hentry","category-allgemein-de"],"featured_image_src":"https:\/\/schillerinstitute.com\/wp-content\/uploads\/2018\/04\/15725647604_b56655165d_o.jpg","author_info":{"display_name":"Jason Ross","author_link":"https:\/\/schillerinstitute.com\/de\/blog\/author\/jason\/"},"modified_by":null,"cc_featured_image_caption":{"caption_text":false,"source_text":false,"source_url":false},"_links":{"self":[{"href":"https:\/\/schillerinstitute.com\/de\/wp-json\/wp\/v2\/posts\/46528","targetHints":{"allow":["GET"]}}],"collection":[{"href":"https:\/\/schillerinstitute.com\/de\/wp-json\/wp\/v2\/posts"}],"about":[{"href":"https:\/\/schillerinstitute.com\/de\/wp-json\/wp\/v2\/types\/post"}],"author":[{"embeddable":true,"href":"https:\/\/schillerinstitute.com\/de\/wp-json\/wp\/v2\/users\/26"}],"replies":[{"embeddable":true,"href":"https:\/\/schillerinstitute.com\/de\/wp-json\/wp\/v2\/comments?post=46528"}],"version-history":[{"count":1,"href":"https:\/\/schillerinstitute.com\/de\/wp-json\/wp\/v2\/posts\/46528\/revisions"}],"predecessor-version":[{"id":46539,"href":"https:\/\/schillerinstitute.com\/de\/wp-json\/wp\/v2\/posts\/46528\/revisions\/46539"}],"wp:featuredmedia":[{"embeddable":true,"href":"https:\/\/schillerinstitute.com\/de\/wp-json\/wp\/v2\/media\/46529"}],"wp:attachment":[{"href":"https:\/\/schillerinstitute.com\/de\/wp-json\/wp\/v2\/media?parent=46528"}],"wp:term":[{"taxonomy":"category","embeddable":true,"href":"https:\/\/schillerinstitute.com\/de\/wp-json\/wp\/v2\/categories?post=46528"},{"taxonomy":"post_tag","embeddable":true,"href":"https:\/\/schillerinstitute.com\/de\/wp-json\/wp\/v2\/tags?post=46528"}],"curies":[{"name":"wp","href":"https:\/\/api.w.org\/{rel}","templated":true}]}}