{"id":45640,"date":"2018-02-10T10:11:44","date_gmt":"2018-02-10T09:11:44","guid":{"rendered":"http:\/\/newparadigm.schillerinstitute.com\/blog\/2018\/02\/10\/possible-reestablishment-vatican-china-relations\/"},"modified":"2018-02-10T10:13:31","modified_gmt":"2018-02-10T09:13:31","slug":"possible-reestablishment-vatican-china-relations","status":"publish","type":"post","link":"https:\/\/schillerinstitute.com\/de\/blog\/2018\/02\/10\/possible-reestablishment-vatican-china-relations\/","title":{"rendered":"Katholischer Bischof lobt China als \u201eau\u00dfergew\u00f6hnlich\u201c"},"content":{"rendered":"<p>7.2.2018 \u2013 Bischof Marcelo Sanchez Sorondo, Kanzler der P\u00e4pstlichen Akademie f\u00fcr Sozialwissenschaften, hat China nach einem Besuch in dem Land als eine weltweit f\u00fchrende moralische Autorit\u00e4t in der Aus\u00fcbung der katholischen Soziallehre und der Verteidigung der Menschenw\u00fcrde bezeichnet.<\/p>\n<p>In einem Interview mit Vatican Insider f\u00fchrte der argentinische Geistliche weiter aus: \u201eIch habe ein au\u00dfergew\u00f6hnliches China vorgefunden; was die Leute nicht wissen, ist, da\u00df das zentrale chinesische Prinzip &#8218;Arbeit, Arbeit, Arbeit&#8216; ist. &#8230;Wie Paulus sagte: &#8218;Wer nicht arbeitet, soll auch nicht essen&#8216;.\u00a0Da gibt es keine Elendsviertel, da gibt es keine Drogen, junge Menschen nehmen keine Drogen. Es gibt\u00a0ein positives Nationalbewu\u00dftsein, sie wollen zeigen, da\u00df sie sich ver\u00e4ndert haben, sie akzeptieren schon Privateigentum.\u201c<\/p>\n<p>Im Gegensatz dazu dominiere in den Vereinigten Staaten die Wirtschaft die Politik. \u201eWie ist es m\u00f6glich, da\u00df die \u00d6l-Multis [US-Pr\u00e4sident Donald] Trump steuern?\u201c, fragte er. Liberales Denken hat den Begriff des Gemeinwohls abgeschafft.\u00a0Dieses wird nicht einmal mehr in Betracht gezogen, sondern als \u00fcberholte Idee behandelt, die nicht von Interesse ist.\u201c Die Chinesen dagegen, so Bischof Sorondo, betonen die Arbeit und das Gemeinwohl. \u201eChina entwickelt sich sehr gut\u201c, und man d\u00fcrfe nicht glauben, da\u00df \u201edas China von heute das China [zur Zeit des Pontifikats von] Johannes Paul II. oder das Ru\u00dfland des Kalten Krieges\u201c sei.<\/p>\n<p>Bischof Sorondo besuchte China im Rahmen diplomatischer Bem\u00fchungen des Vatikans. In den letzten Jahren h\u00e4tten der Vatikan und China Gespr\u00e4che \u00fcber den Status der \u201eUntergrundkirche\u201c und die Ernennung von Bisch\u00f6fen gef\u00fchrt, hie\u00df es dazu im englischen The Herald. \u00dcberall auf der Welt ernennt der Papst die Bisch\u00f6fe, nur in China erfolgt dies bis heute durch die Regierung.<\/p>\n<!-- AddThis Advanced Settings generic via filter on the_content --><!-- AddThis Share Buttons generic via filter on the_content -->","protected":false},"excerpt":{"rendered":"<p>7.2.2018 \u2013 Bischof Marcelo Sanchez Sorondo, Kanzler der P\u00e4pstlichen Akademie f\u00fcr Sozialwissenschaften, hat China nach einem Besuch in dem Land als eine weltweit f\u00fchrende moralische Autorit\u00e4t in der Aus\u00fcbung der katholischen Soziallehre und der Verteidigung der Menschenw\u00fcrde bezeichnet. In einem Interview mit Vatican Insider f\u00fchrte&hellip;<!-- AddThis Advanced Settings generic via filter on get_the_excerpt --><!-- AddThis Share Buttons generic via filter on get_the_excerpt --><\/p>\n","protected":false},"author":26,"featured_media":45633,"comment_status":"open","ping_status":"closed","sticky":false,"template":"","format":"standard","meta":{"_lmt_disableupdate":"","_lmt_disable":"","footnotes":""},"categories":[439],"tags":[],"class_list":["post-45640","post","type-post","status-publish","format-standard","has-post-thumbnail","hentry","category-neue-seidenstrasse"],"featured_image_src":"https:\/\/schillerinstitute.com\/wp-content\/uploads\/2018\/02\/84F6FCAF-9EA9-472E-A9EE-5812AE12C4AF.jpeg","author_info":{"display_name":"Jason Ross","author_link":"https:\/\/schillerinstitute.com\/de\/blog\/author\/jason\/"},"modified_by":null,"cc_featured_image_caption":{"caption_text":false,"source_text":false,"source_url":false},"_links":{"self":[{"href":"https:\/\/schillerinstitute.com\/de\/wp-json\/wp\/v2\/posts\/45640","targetHints":{"allow":["GET"]}}],"collection":[{"href":"https:\/\/schillerinstitute.com\/de\/wp-json\/wp\/v2\/posts"}],"about":[{"href":"https:\/\/schillerinstitute.com\/de\/wp-json\/wp\/v2\/types\/post"}],"author":[{"embeddable":true,"href":"https:\/\/schillerinstitute.com\/de\/wp-json\/wp\/v2\/users\/26"}],"replies":[{"embeddable":true,"href":"https:\/\/schillerinstitute.com\/de\/wp-json\/wp\/v2\/comments?post=45640"}],"version-history":[{"count":2,"href":"https:\/\/schillerinstitute.com\/de\/wp-json\/wp\/v2\/posts\/45640\/revisions"}],"predecessor-version":[{"id":45642,"href":"https:\/\/schillerinstitute.com\/de\/wp-json\/wp\/v2\/posts\/45640\/revisions\/45642"}],"wp:featuredmedia":[{"embeddable":true,"href":"https:\/\/schillerinstitute.com\/de\/wp-json\/wp\/v2\/media\/45633"}],"wp:attachment":[{"href":"https:\/\/schillerinstitute.com\/de\/wp-json\/wp\/v2\/media?parent=45640"}],"wp:term":[{"taxonomy":"category","embeddable":true,"href":"https:\/\/schillerinstitute.com\/de\/wp-json\/wp\/v2\/categories?post=45640"},{"taxonomy":"post_tag","embeddable":true,"href":"https:\/\/schillerinstitute.com\/de\/wp-json\/wp\/v2\/tags?post=45640"}],"curies":[{"name":"wp","href":"https:\/\/api.w.org\/{rel}","templated":true}]}}