{"id":43337,"date":"2017-11-30T12:14:10","date_gmt":"2017-11-30T11:14:10","guid":{"rendered":"http:\/\/newparadigm.schillerinstitute.com\/?p=43337\/"},"modified":"2017-11-30T12:14:10","modified_gmt":"2017-11-30T11:14:10","slug":"japan-bewegt-sich-richtung-neue-seidenstrase","status":"publish","type":"post","link":"https:\/\/schillerinstitute.com\/de\/blog\/2017\/11\/30\/japan-bewegt-sich-richtung-neue-seidenstrase\/","title":{"rendered":"Japan bewegt sich in Richtung Neue Seidenstra\u00dfe"},"content":{"rendered":"<p>22. November 2017 \u2022 Japans Au\u00dfenminister Taro Kono lobte am 18. November die von China angef\u00fchrte G\u00fcrtel-und Stra\u00dfen-Initiative (Belt and Road Initiative, BRI) und bezeichnete sie als &#8222;sehr vorteilhaft f\u00fcr die globale \u00d6konomie, wenn sie f\u00fcr alle offen und zug\u00e4nglich ist&#8220;, wie die chinesische Fernsehanstalt <em>CGTN<\/em> berichtet.<\/p>\n<p>Lu Kang, Sprecher des chinesischen Au\u00dfenministeriums, begr\u00fc\u00dfte die Erkl\u00e4rung offiziell am 21. November und sagte, China sei \u00fcber Japans Enthusiasmus f\u00fcr die BRI &#8222;sehr erfreut&#8220;. Das Projekt werde nicht nur Chinas \u00d6ffnung und Entwicklung erleichtern, sondern auch f\u00fcr Japan und andere L\u00e4nder sowie die Weltwirtschaft gr\u00f6\u00dfere M\u00f6glichkeiten schaffen.<\/p>\n<p>Am 20. November begann der j\u00e4hrliche China-Besuch japanischer Wirtschaftsvertreter, der von der japanischen Industrie- und Handelskammer ausgerichtet wird, diesmal mit einer Rekordzahl von 250 f\u00fchrenden Gesch\u00e4ftsleuten. Gleichzeitig richtete die Kammer ein Komitee ein, das das Potential der japanischen Kooperation mit der BRI ausloten und dar\u00fcber Bericht erstatten soll.<\/p>\n<p>Der chinesische Premier Li Keqiang begr\u00fc\u00dfte die japanische Delegation anl\u00e4sslich ihres Chinabesuches und sagte laut <em>CGTN<\/em>: &#8222;China und Japan sollten gleicherma\u00dfen die Entwicklung des Partners als Gelegenheit betrachten und zum Aufbau einer Ostasiatischen Wirtschaftsgemeinschaft beitragen.&#8220;<\/p>\n<!-- AddThis Advanced Settings generic via filter on the_content --><!-- AddThis Share Buttons generic via filter on the_content -->","protected":false},"excerpt":{"rendered":"<p>22. November 2017 \u2022 Japans Au\u00dfenminister Taro Kono lobte am 18. November die von China angef\u00fchrte G\u00fcrtel-und Stra\u00dfen-Initiative (Belt and Road Initiative, BRI) und bezeichnete sie als &#8222;sehr vorteilhaft f\u00fcr die globale \u00d6konomie, wenn sie f\u00fcr alle offen und zug\u00e4nglich ist&#8220;, wie die chinesische Fernsehanstalt&hellip;<!-- AddThis Advanced Settings generic via filter on get_the_excerpt --><!-- AddThis Share Buttons generic via filter on get_the_excerpt --><\/p>\n","protected":false},"author":26,"featured_media":0,"comment_status":"open","ping_status":"closed","sticky":false,"template":"","format":"standard","meta":{"_lmt_disableupdate":"","_lmt_disable":"","footnotes":""},"categories":[37,448,439],"tags":[],"class_list":["post-43337","post","type-post","status-publish","format-standard","hentry","category-allgemein-de","category-bri-de","category-neue-seidenstrasse"],"featured_image_src":null,"author_info":{"display_name":"Jason Ross","author_link":"https:\/\/schillerinstitute.com\/de\/blog\/author\/jason\/"},"modified_by":null,"cc_featured_image_caption":{"caption_text":false,"source_text":false,"source_url":false},"_links":{"self":[{"href":"https:\/\/schillerinstitute.com\/de\/wp-json\/wp\/v2\/posts\/43337","targetHints":{"allow":["GET"]}}],"collection":[{"href":"https:\/\/schillerinstitute.com\/de\/wp-json\/wp\/v2\/posts"}],"about":[{"href":"https:\/\/schillerinstitute.com\/de\/wp-json\/wp\/v2\/types\/post"}],"author":[{"embeddable":true,"href":"https:\/\/schillerinstitute.com\/de\/wp-json\/wp\/v2\/users\/26"}],"replies":[{"embeddable":true,"href":"https:\/\/schillerinstitute.com\/de\/wp-json\/wp\/v2\/comments?post=43337"}],"version-history":[{"count":1,"href":"https:\/\/schillerinstitute.com\/de\/wp-json\/wp\/v2\/posts\/43337\/revisions"}],"predecessor-version":[{"id":43338,"href":"https:\/\/schillerinstitute.com\/de\/wp-json\/wp\/v2\/posts\/43337\/revisions\/43338"}],"wp:attachment":[{"href":"https:\/\/schillerinstitute.com\/de\/wp-json\/wp\/v2\/media?parent=43337"}],"wp:term":[{"taxonomy":"category","embeddable":true,"href":"https:\/\/schillerinstitute.com\/de\/wp-json\/wp\/v2\/categories?post=43337"},{"taxonomy":"post_tag","embeddable":true,"href":"https:\/\/schillerinstitute.com\/de\/wp-json\/wp\/v2\/tags?post=43337"}],"curies":[{"name":"wp","href":"https:\/\/api.w.org\/{rel}","templated":true}]}}