{"id":42486,"date":"2017-10-30T18:09:01","date_gmt":"2017-10-30T17:09:01","guid":{"rendered":"http:\/\/newparadigm.schillerinstitute.com\/?p=42486\/"},"modified":"2017-10-30T19:10:07","modified_gmt":"2017-10-30T18:10:07","slug":"turkei-will-teil-der-neuen-seidenstrase-sein","status":"publish","type":"post","link":"https:\/\/schillerinstitute.com\/de\/blog\/2017\/10\/30\/turkei-will-teil-der-neuen-seidenstrase-sein\/","title":{"rendered":"T\u00fcrkei will Teil der Neuen Seidenstra\u00dfe sein"},"content":{"rendered":"<p>\u201eChina ist in jeder Beziehung ein wichtiges Land. Es ist ein Land, mit dem wir unsere Beziehungen entwickeln und gemeinsam die historische Seidenstra\u00dfe wiederbeleben m\u00f6chten,\u201c erkl\u00e4rte der t\u00fcrkische Au\u00dfenminister Mevlut Cavusoglu am 28.10. in einer Rede in Sanliurfa im S\u00fcdosten der T\u00fcrkei, meldete <i>Xinhua<\/i>.<\/p>\n<p>Der t\u00fcrkische Pr\u00e4sident Recep Tayyip Erdogan war prominenter Teilnehmer an dem Belt and Road Forum im Mai 2017 in China, und sein Hauptberater Emin Onon soll vor einigen Tagen zum t\u00fcrkischen Botschafter in China ernannt worden sein. In der regierungsnahen Zeitung <i>Daily Sabah <\/i>erschien am 27.10 ein Artikel, worin es hei\u00dft, da\u00df die Wirtschaftsbeziehungen zwischen China und der T\u00fcrkei im letzten Jahrzehnt an Fahrt gewonnen h\u00e4tten, und diese Zusammenarbeit werde von weiteren gemeinsamen Investitionsprojekten profitieren, um das Potential der Neuen Seidenstra\u00dfe auszunutzen.<\/p>\n<p><i>Daily Sabah<\/i> erw\u00e4hnt folgende bereits angelaufene oder geplante Projekte: Verhandlungen \u00fcber den Bau der Schnellbahnstrecke Edirne-Kars, das Abkommen mit Chinas staatlichem Atomenergiekonzern \u00fcber den Bau eines dritten Kernkraftwerks in der T\u00fcrkei sowie die F\u00f6rderung der direkten Finanzierung von Handel und Investitionen in den Landesw\u00e4hrungen. Der Vorsitzende der t\u00fcrkischen Tochtergesellschaft der Industrial and Commercial Bank of China (ICBC Turkey) Bank, Xu Keen, erl\u00e4uterte <i>Daily Sabah <\/i>gegen\u00fcber, man wolle die Marktuntersuchung in Osteuropa und in der Region des Schwarzen Meers st\u00e4rken und gleichzeitig als Hauptpartner bei Infrastrukturprojekten wie Kraftwerken, Bahnstrecken, Autobahnen u.a. in der T\u00fcrkei und den angrenzenden Regionen auftreten.<\/p>\n<p>Auch der gr\u00f6\u00dfte Baukonzern Chinas, PowerChina, hat letzten Mai seine eurasische Regionalniederlassung in Istanbul eingerichtet, wobei es laut <i>Daily Sabah <\/i>hie\u00df: \u201eDie T\u00fcrkei ist eines der wichtigsten L\u00e4nder an der Neuen Seidenstra\u00dfe und hat wichtige regionale Vorteile.\u201c<\/p>\n<!-- AddThis Advanced Settings generic via filter on the_content --><!-- AddThis Share Buttons generic via filter on the_content -->","protected":false},"excerpt":{"rendered":"<p>\u201eChina ist in jeder Beziehung ein wichtiges Land. Es ist ein Land, mit dem wir unsere Beziehungen entwickeln und gemeinsam die historische Seidenstra\u00dfe wiederbeleben m\u00f6chten,\u201c erkl\u00e4rte der t\u00fcrkische Au\u00dfenminister Mevlut Cavusoglu am 28.10. in einer Rede in Sanliurfa im S\u00fcdosten der T\u00fcrkei, meldete Xinhua. Der&hellip;<!-- AddThis Advanced Settings generic via filter on get_the_excerpt --><!-- AddThis Share Buttons generic via filter on get_the_excerpt --><\/p>\n","protected":false},"author":26,"featured_media":0,"comment_status":"open","ping_status":"closed","sticky":false,"template":"","format":"standard","meta":{"_lmt_disableupdate":"","_lmt_disable":"","footnotes":""},"categories":[37,97,439],"tags":[],"class_list":["post-42486","post","type-post","status-publish","format-standard","hentry","category-allgemein-de","category-die-weltlandbrucke-bauen","category-neue-seidenstrasse"],"featured_image_src":null,"author_info":{"display_name":"Jason Ross","author_link":"https:\/\/schillerinstitute.com\/de\/blog\/author\/jason\/"},"modified_by":null,"cc_featured_image_caption":{"caption_text":false,"source_text":false,"source_url":false},"_links":{"self":[{"href":"https:\/\/schillerinstitute.com\/de\/wp-json\/wp\/v2\/posts\/42486","targetHints":{"allow":["GET"]}}],"collection":[{"href":"https:\/\/schillerinstitute.com\/de\/wp-json\/wp\/v2\/posts"}],"about":[{"href":"https:\/\/schillerinstitute.com\/de\/wp-json\/wp\/v2\/types\/post"}],"author":[{"embeddable":true,"href":"https:\/\/schillerinstitute.com\/de\/wp-json\/wp\/v2\/users\/26"}],"replies":[{"embeddable":true,"href":"https:\/\/schillerinstitute.com\/de\/wp-json\/wp\/v2\/comments?post=42486"}],"version-history":[{"count":0,"href":"https:\/\/schillerinstitute.com\/de\/wp-json\/wp\/v2\/posts\/42486\/revisions"}],"wp:attachment":[{"href":"https:\/\/schillerinstitute.com\/de\/wp-json\/wp\/v2\/media?parent=42486"}],"wp:term":[{"taxonomy":"category","embeddable":true,"href":"https:\/\/schillerinstitute.com\/de\/wp-json\/wp\/v2\/categories?post=42486"},{"taxonomy":"post_tag","embeddable":true,"href":"https:\/\/schillerinstitute.com\/de\/wp-json\/wp\/v2\/tags?post=42486"}],"curies":[{"name":"wp","href":"https:\/\/api.w.org\/{rel}","templated":true}]}}