{"id":19563,"date":"2014-09-19T12:24:05","date_gmt":"2014-09-19T10:24:05","guid":{"rendered":"http:\/\/newparadigm.schillerinstitute.com\/?p=19563"},"modified":"2014-10-09T12:25:14","modified_gmt":"2014-10-09T10:25:14","slug":"brics-dynamik-verstaerkte-zusammenarbeit-zwischen-china-und-suedamerika","status":"publish","type":"post","link":"https:\/\/schillerinstitute.com\/de\/blog\/2014\/09\/19\/brics-dynamik-verstaerkte-zusammenarbeit-zwischen-china-und-suedamerika\/","title":{"rendered":"BRICS-Dynamik: verst\u00e4rkte Zusammenarbeit zwischen China und S\u00fcdamerika"},"content":{"rendered":"<p>Regierungen, Unternehmen und regionale Organisationen S\u00fcdamerikas und der Karibik nutzen, besonders seit dem Gipfel der BRICS-Gruppe Mitte Juli in Brasilien, die Chance, ihre Partnerschaft mit China im Kontext der neuen globalen Wirtschaftsordnung zu vertiefen. Das Magazin<em> Apuntes<\/em>, das 14t\u00e4gig vom <em>Argentinischen Institut f\u00fcr Geopolitische Angelegenheiten (IADEG)<\/em> herausgegeben wird, berichtete in der Ausgabe vom 1. September \u00fcber die au\u00dferordentliche Dichte von Treffen in Iberoamerika und China, bei denen intensiv \u00fcber Fragen der wirtschaftlichen Zusammenarbeit, Investitionen und Entwicklung diskutiert wird. Einige Beispiele:<\/p>\n<p>* Am Rande des BRICS-Gipfels in Brasilien wurde die Gr\u00fcndung eines eigenen China-CELAC-Forums vereinbart, das sich regelm\u00e4\u00dfig trifft. Wie Osvaldo Rosales vom chilenischen Au\u00dfenministerium k\u00fcrzlich bei einem dieser Treffen sagte, ist es dringend notwendig, da\u00df Organisationen wie die Gemeinschaft der Lateinamerikanischen und Karibischen Staaten (CELAC) eine gemeinsame Agenda mit China ausarbeiten, gerade angesichts \u201eder Strukturver\u00e4nderungen in der Weltwirtschaft im Zusammenhang mit der Dekadenz des Westen, die im Fall Europas in der Krise von 2009 besonders hervortrat\u201c.<\/p>\n<p>* Am 1. September fand in Santiago de Chile auf Einladung der UN-Wirtschaftskommission f\u00fcr Lateinamerika und die Karibik (ECLAC) ein Arbeitstreffen zu den chinesisch-lateinamerikanischen Beziehungen statt. Chiles fr\u00fcherer Botschafter in China, Fernando Reyes Matta, wies auf die pers\u00f6nliche Rolle des chinesischen Pr\u00e4sidenten Xi Jinping bei der F\u00f6rderung der Zusammenarbeit mit Iberoamerika hin. Xis umfassendes Wissen \u00fcber die Region und seine zupackende Art seien f\u00fcr einen chinesischen Pr\u00e4sidenten \u201ebeispiellos\u201c. Iberoamerika m\u00fcsse eine langfristige Perspektive f\u00fcr seine Beziehungen mit China entwickeln, und die Iberoamerikaner sollten aus der gegenw\u00e4rtigen \u201eRevolution\u201c in China lernen &#8211; als Beispiel nannte er Chinas Netz von Hochgeschwindigkeitsbahnen als herausragende Leistung.<\/p>\n<p>Es wurde darauf hingewiesen, da\u00df China heute Lateinamerikas wichtigster Handelspartner ist und inzwischen mehr nach Iberoamerika als nach Europa exportiert.<br \/>\nIm Mittelpunkt der Gespr\u00e4che standen verschiedene Bereiche der Zusammenarbeit, so gibt es beispielsweise bereits einen rasanten Aufschwung der Kooperation in der Landwirtschaft. Der stellv. Exekutivdirektor von ECLAC, Antonio Prado, wies darauf hin, der j\u00fcngste BRICS-Gipfel habe gezeigt, da\u00df die wachsenden Wirtschafts- und Handelsbeziehungen mit China \u201eChancen und Risiken mit sich bringen\u201c. Deshalb brauche man \u201eeine angemessene staatliche Politik mit Blick auf die Zukunft\u201c.<\/p>\n<p>* Vom 12.-13. September fand in Chansha in der chinesischen Provinz Hunan der Chinesisch-Lateinamerikanische Wirtschaftsgipfel statt, an dem Vertreter von 38 Staaten Iberoamerikas und der Karibik sowie 800 Unternehmer teilnahmen. Die Konferenz wurde veranstaltet vom Chinesischen Rat f\u00fcr die F\u00f6rderung des Internationalen Handels (CCPIT), der Bank von China und der Inter-Amerikanischen Entwicklungsbank. CCPIT-Pr\u00e4sident Jiang Zengwei sagte bei der Er\u00f6ffnung der Konferenz, China sei das gr\u00f6\u00dfte Entwicklungsland der Welt und sehe in Iberoamerika und der Karibik eine wirtschaftlich aktive Gruppe von Staaten, die stabiles wirtschaftliches Wachstum und Reformen anstreben. Daher sei es \u201eder gemeinsame Wunsch des \u00f6ffentlichen Sektors, der Industrie und der Unternehmen beider Seiten, eine stabile, dauerhafte und gegenseitig nutzbringende Verbindung im Bereich der Wirtschaft, des Handels und der Investitionen zu schaffen, indem wir unsere wirtschaftliche Komplementarit\u00e4t und die Chancen nutzen, die sich aus dem Proze\u00df der Ver\u00e4nderung des Modells der wirtschaftlichen Entwicklung dieser Nationen ergeben.\u201c<\/p>\n<!-- AddThis Advanced Settings generic via filter on the_content --><!-- AddThis Share Buttons generic via filter on the_content -->","protected":false},"excerpt":{"rendered":"<p>Regierungen, Unternehmen und regionale Organisationen S\u00fcdamerikas und der Karibik nutzen, besonders seit dem Gipfel der BRICS-Gruppe Mitte Juli in Brasilien, die Chance, ihre Partnerschaft mit China im Kontext der neuen globalen Wirtschaftsordnung zu vertiefen. Das Magazin Apuntes, das 14t\u00e4gig vom Argentinischen Institut f\u00fcr Geopolitische Angelegenheiten&hellip;<!-- AddThis Advanced Settings generic via filter on get_the_excerpt --><!-- AddThis Share Buttons generic via filter on get_the_excerpt --><\/p>\n","protected":false},"author":33,"featured_media":0,"comment_status":"open","ping_status":"closed","sticky":false,"template":"","format":"standard","meta":{"_lmt_disableupdate":"","_lmt_disable":"","footnotes":""},"categories":[180],"tags":[],"class_list":["post-19563","post","type-post","status-publish","format-standard","hentry","category-brics-de"],"featured_image_src":null,"author_info":{"display_name":"tobi","author_link":"https:\/\/schillerinstitute.com\/de\/blog\/author\/tobi\/"},"modified_by":"Motoki Kasai","cc_featured_image_caption":{"caption_text":false,"source_text":false,"source_url":false},"_links":{"self":[{"href":"https:\/\/schillerinstitute.com\/de\/wp-json\/wp\/v2\/posts\/19563","targetHints":{"allow":["GET"]}}],"collection":[{"href":"https:\/\/schillerinstitute.com\/de\/wp-json\/wp\/v2\/posts"}],"about":[{"href":"https:\/\/schillerinstitute.com\/de\/wp-json\/wp\/v2\/types\/post"}],"author":[{"embeddable":true,"href":"https:\/\/schillerinstitute.com\/de\/wp-json\/wp\/v2\/users\/33"}],"replies":[{"embeddable":true,"href":"https:\/\/schillerinstitute.com\/de\/wp-json\/wp\/v2\/comments?post=19563"}],"version-history":[{"count":0,"href":"https:\/\/schillerinstitute.com\/de\/wp-json\/wp\/v2\/posts\/19563\/revisions"}],"wp:attachment":[{"href":"https:\/\/schillerinstitute.com\/de\/wp-json\/wp\/v2\/media?parent=19563"}],"wp:term":[{"taxonomy":"category","embeddable":true,"href":"https:\/\/schillerinstitute.com\/de\/wp-json\/wp\/v2\/categories?post=19563"},{"taxonomy":"post_tag","embeddable":true,"href":"https:\/\/schillerinstitute.com\/de\/wp-json\/wp\/v2\/tags?post=19563"}],"curies":[{"name":"wp","href":"https:\/\/api.w.org\/{rel}","templated":true}]}}