{"id":118578,"date":"2026-09-03T09:50:23","date_gmt":"2026-09-03T13:50:23","guid":{"rendered":"https:\/\/schillerinstitute.com\/?p=118578"},"modified":"2026-09-03T10:06:45","modified_gmt":"2026-09-03T14:06:45","slug":"internationale-friedenskoalition-170-eir-online-diskussionsrunde-04-09-2026-17-00-uhr","status":"publish","type":"post","link":"https:\/\/schillerinstitute.com\/de\/blog\/2026\/09\/03\/internationale-friedenskoalition-170-eir-online-diskussionsrunde-04-09-2026-17-00-uhr\/","title":{"rendered":"Internationale Friedenskoalition #170, EIR-Online-Diskussionsrunde, 04.09.2026, 17.00 Uhr"},"content":{"rendered":"\n<h2 class=\"wp-block-heading\">\u201eEine Alternative zu Krieg und Pl\u00fcnderung in Amerika\u201c<\/h2>\n\n\n<div class=\"info-box\">\n<h3 class=\"info-box-title\" style=\"\">170. Treffen der Internationalen Friedenskoalition\/EIR-Online-Diskussionsrunde<\/h3>\n<div class=\"info-box-content\" style=\"\">\n<p>\u201eEine Alternative zu Krieg und Pl\u00fcnderung in Amerika\u201c<\/p>\n<p>04. September 2026<br \/>\n17.00 Uhr <\/p>\n<p>Bitte verbreiten Sie die Einladung in Ihrem Freundes,- Bekannten und Kollegenkreis.<\/p>\n<p>Schlie\u00dfen Sie sich an diesem Freitag um 17:00 Uhr der Internationalen Friedenskoalition und EIR an. <\/p>\n<p>Bitte senden Sie uns so schnell wie m\u00f6glich Berichte und Initiativen f\u00fcr die Tagesordnung zu.<\/p>\n<p><a href=\"https:\/\/schillerinstitute.com\/de\/schliessen-sie-sich-der-internationalen-friedenskoalition-an\/\" class=\"custom-button small\" data-newwindow=\"true\">Zur Anmeldung<\/a>\n<\/p>\n<\/div>\n<\/div>\n\n\n\n<p><em>Am 4. September veranstalten Executive Intelligence Review und die Internationale Friedenskoalition eine Diskussionsrunde zum Thema \u201eEine Alternative zu Krieg und Pl\u00fcnderung in Amerika\u201c, die live auf YouTube  ausgestrahlt wird. Um an der Diskussion mit den Rednern teilzunehmen, ist eine <a href=\"https:\/\/schillerinstitute.com\/de\/schliessen-sie-sich-der-internationalen-friedenskoalition-an\/\" data-type=\"link\" data-id=\"https:\/\/schillerinstitute.com\/de\/schliessen-sie-sich-der-internationalen-friedenskoalition-an\/\" target=\"_blank\" rel=\"noreferrer noopener\"><strong>Anmeldung<\/strong><\/a> erforderlich<\/em><\/p>\n\n\n\n<h2 class=\"wp-block-heading\">Panel 1<\/h2>\n\n\n\n<figure class=\"wp-block-embed is-type-video is-provider-youtube wp-block-embed-youtube wp-embed-aspect-16-9 wp-has-aspect-ratio\"><div class=\"wp-block-embed__wrapper\">\n<iframe loading=\"lazy\" title=\"Eine Alternative zu Krieg und Pl\u00fcnderung in Amerika - Erster Block\" width=\"960\" height=\"540\" src=\"https:\/\/www.youtube.com\/embed\/Plb5FvvwV8k?feature=oembed\" frameborder=\"0\" allow=\"accelerometer; autoplay; clipboard-write; encrypted-media; gyroscope; picture-in-picture; web-share\" referrerpolicy=\"strict-origin-when-cross-origin\" allowfullscreen><\/iframe>\n<\/div><\/figure>\n\n\n\n<ol class=\"wp-block-list\">\n<li>Helga Zepp-LaRouche&nbsp;(Deutschland), Gr\u00fcnderin des Schiller-Instituts: Eine neue internationale Sicherheits- und Entwicklungsarchitektur zur Beendigung von Krieg und Pl\u00fcnderung<\/li>\n\n\n\n<li>Roberto Amaral&nbsp;(Brasilien), ehemaliger Minister f\u00fcr Wissenschaft und Technologie in Lulas erster Regierung (2003): Die Zukunft Brasiliens: Wissenschaft, Technologie, Innovation und Souver\u00e4nit\u00e4t<\/li>\n\n\n\n<li>General a. D. Edwin Patterson Monsalve&nbsp;(Peru), Wissenschaftler und Professor f\u00fcr Geopolitik und Geostrategie: Der peruanische Hafen Chancay und die Entwicklungs- und Integrationsnetzwerke S\u00fcdamerikas<\/li>\n\n\n\n<li>Paulo Nogueira Batista Jr.&nbsp;(Brasilien), Wirtschaftswissenschaftler, ehemaliger Exekutivdirektor des IWF f\u00fcr Brasilien und zehn weitere L\u00e4nder in Washington, D.C., sowie Mitbegr\u00fcnder und Vizepr\u00e4sident der von den BRICS-Staaten gegr\u00fcndeten Neuen Entwicklungsbank: Die neue Monroe-Doktrin und die Anspr\u00fcche der USA auf unangefochtene Hegemonie in der westlichen Hemisph\u00e4re<\/li>\n\n\n\n<li>Prof. Zhang Weiwei&nbsp;(China), Professor f\u00fcr Internationale Beziehungen an der Fudan-Universit\u00e4t in Shanghai: Chinas Rolle bei der Entwicklung des Globalen S\u00fcdens<\/li>\n\n\n\n<li>Oberst a. D. Pedro Ba\u00f1os&nbsp;(Spanien), Geopolitik-Analyst: Warum Spanien sich nicht am NATO-Krieg gegen Russland und den Iran beteiligen darf<\/li>\n<\/ol>\n\n\n\n<h2 class=\"wp-block-heading\">Panel 2<\/h2>\n\n\n\n<figure class=\"wp-block-embed is-type-video is-provider-youtube wp-block-embed-youtube wp-embed-aspect-16-9 wp-has-aspect-ratio\"><div class=\"wp-block-embed__wrapper\">\n<iframe loading=\"lazy\" title=\"Eine Alternative zu Krieg und Pl\u00fcnderung in Amerika - Zweiter Block\" width=\"960\" height=\"540\" src=\"https:\/\/www.youtube.com\/embed\/NMZpwhj3klw?feature=oembed\" frameborder=\"0\" allow=\"accelerometer; autoplay; clipboard-write; encrypted-media; gyroscope; picture-in-picture; web-share\" referrerpolicy=\"strict-origin-when-cross-origin\" allowfullscreen><\/iframe>\n<\/div><\/figure>\n\n\n\n<ol class=\"wp-block-list\">\n<li>Dennis Small&nbsp;(USA), iberoamerikanischer Direktor des EIR: Der biozeanische Eisenbahnkorridor S\u00fcdamerikas \u2013 eine planetarische Transformation im Jahrhundertma\u00dfstab<\/li>\n\n\n\n<li>Donald Ramotar&nbsp;(Guyana), ehemaliger Pr\u00e4sident von Guyana (2011\u20132015): Eine Politik der guten Nachbarschaft unter den Nationen S\u00fcdamerikas<\/li>\n\n\n\n<li>Sara Madue\u00f1o de V\u00e1squez&nbsp;(Peru), EIR-B\u00fcroleiterin in Lima: Der \u201eChancay-Effekt\u201c am Vorabend des Papstbesuchs in Peru<\/li>\n\n\n\n<li>Estev\u00e3o Damacena&nbsp;(Brasilien), Jugendbewegung des Schiller-Instituts: Brasiliens physische wirtschaftliche Schwachstellen und wie man sie \u00fcberwinden kann<\/li>\n<\/ol>\n<!-- AddThis Advanced Settings generic via filter on the_content --><!-- AddThis Share Buttons generic via filter on the_content -->","protected":false},"excerpt":{"rendered":"<p>\u201eEine Alternative zu Krieg und Pl\u00fcnderung in Amerika\u201c Am 4. September veranstalten Executive Intelligence Review und die Internationale Friedenskoalition eine Diskussionsrunde zum Thema \u201eEine Alternative zu Krieg und Pl\u00fcnderung in Amerika\u201c, die live auf YouTube ausgestrahlt wird. Um an der Diskussion mit den Rednern teilzunehmen,&hellip;<!-- AddThis Advanced Settings generic via filter on get_the_excerpt --><!-- AddThis Share Buttons generic via filter on get_the_excerpt --><\/p>\n","protected":false},"author":33,"featured_media":118579,"comment_status":"open","ping_status":"closed","sticky":false,"template":"","format":"standard","meta":{"_lmt_disableupdate":"","_lmt_disable":"","footnotes":""},"categories":[37],"tags":[],"class_list":["post-118578","post","type-post","status-publish","format-standard","has-post-thumbnail","hentry","category-allgemein-de"],"featured_image_src":"https:\/\/schillerinstitute.com\/wp-content\/uploads\/2026\/09\/Panel-1-4.-Sept.jpg","author_info":{"display_name":"tobi","author_link":"https:\/\/schillerinstitute.com\/de\/blog\/author\/tobi\/"},"modified_by":"tobi","cc_featured_image_caption":{"caption_text":"","source_text":"","source_url":""},"_links":{"self":[{"href":"https:\/\/schillerinstitute.com\/de\/wp-json\/wp\/v2\/posts\/118578","targetHints":{"allow":["GET"]}}],"collection":[{"href":"https:\/\/schillerinstitute.com\/de\/wp-json\/wp\/v2\/posts"}],"about":[{"href":"https:\/\/schillerinstitute.com\/de\/wp-json\/wp\/v2\/types\/post"}],"author":[{"embeddable":true,"href":"https:\/\/schillerinstitute.com\/de\/wp-json\/wp\/v2\/users\/33"}],"replies":[{"embeddable":true,"href":"https:\/\/schillerinstitute.com\/de\/wp-json\/wp\/v2\/comments?post=118578"}],"version-history":[{"count":4,"href":"https:\/\/schillerinstitute.com\/de\/wp-json\/wp\/v2\/posts\/118578\/revisions"}],"predecessor-version":[{"id":118595,"href":"https:\/\/schillerinstitute.com\/de\/wp-json\/wp\/v2\/posts\/118578\/revisions\/118595"}],"wp:featuredmedia":[{"embeddable":true,"href":"https:\/\/schillerinstitute.com\/de\/wp-json\/wp\/v2\/media\/118579"}],"wp:attachment":[{"href":"https:\/\/schillerinstitute.com\/de\/wp-json\/wp\/v2\/media?parent=118578"}],"wp:term":[{"taxonomy":"category","embeddable":true,"href":"https:\/\/schillerinstitute.com\/de\/wp-json\/wp\/v2\/categories?post=118578"},{"taxonomy":"post_tag","embeddable":true,"href":"https:\/\/schillerinstitute.com\/de\/wp-json\/wp\/v2\/tags?post=118578"}],"curies":[{"name":"wp","href":"https:\/\/api.w.org\/{rel}","templated":true}]}}