{"id":118527,"date":"2026-09-01T09:52:44","date_gmt":"2026-09-01T13:52:44","guid":{"rendered":"https:\/\/schillerinstitute.com\/?p=118527"},"modified":"2026-09-01T09:52:48","modified_gmt":"2026-09-01T13:52:48","slug":"live-dialog-mit-helga-zepp-larouche-die-atomkriegsdebatte-ist-real","status":"publish","type":"post","link":"https:\/\/schillerinstitute.com\/de\/blog\/2026\/09\/01\/live-dialog-mit-helga-zepp-larouche-die-atomkriegsdebatte-ist-real\/","title":{"rendered":"Live-Dialog mit Helga Zepp-LaRouche: Die Atomkriegsdebatte ist real"},"content":{"rendered":"\n<h2 class=\"wp-block-heading\">Mittwoch, 2. September 2026, 18.30 Uhr<\/h2>\n\n\n\n<p><em>Schlie\u00dfen Sie sich&nbsp;Helga&nbsp;Zepp-LaRouche&nbsp;in ihrem Live-Dialog an und diskutieren Sie die Themen und L\u00f6sungen, die die Welt und die Menschen bewegen. Senden Sie Ihre Fragen, Kommentare und Berichte an&nbsp;<a href=\"mailto:fragen@bueso.de\" target=\"_blank\" rel=\"noreferrer noopener\"><em>fragen@bueso.de<\/em><\/a>&nbsp;oder stellen Sie diese im n\u00e4chsten Live-Stream.<\/em><\/p>\n\n\n\n<figure class=\"wp-block-embed is-type-video is-provider-youtube wp-block-embed-youtube wp-embed-aspect-16-9 wp-has-aspect-ratio\"><div class=\"wp-block-embed__wrapper\">\n<iframe loading=\"lazy\" title=\"Die Atomkriegsdebatte ist real\" width=\"960\" height=\"540\" src=\"https:\/\/www.youtube.com\/embed\/oObWq3yu9d0?feature=oembed\" frameborder=\"0\" allow=\"accelerometer; autoplay; clipboard-write; encrypted-media; gyroscope; picture-in-picture; web-share\" referrerpolicy=\"strict-origin-when-cross-origin\" allowfullscreen><\/iframe>\n<\/div><\/figure>\n\n\n\n<p>Am ersten Tag des 26. j\u00e4hrlichen Gipfeltreffens der Staatschefs der Shanghaier Organisation f\u00fcr Zusammenarbeit (SCO) heute im kirgisischen Bischkek berieten die Staats- und Regierungschefs der zehn Mitgliedsstaaten, die insgesamt 3,4 Milliarden Menschen vertreten, zusammen mit den Staats- und Regierungschefs von 17 Partnerl\u00e4ndern und G\u00e4sten in bilateralen Gespr\u00e4chen dar\u00fcber, wie man zum Wohle der Welt vorgehen und Krieg und Not beenden kann. Morgen stehen Plenarvortr\u00e4ge und die erwartete Erkl\u00e4rung von Bischkek auf dem Programm. Das offizielle Thema der Veranstaltung lautet: \u201e25 Jahre SCO: Gemeinsam f\u00fcr nachhaltigen Frieden, Entwicklung und Wohlstand.\u201c<\/p>\n\n\n\n<p>Zu den Treffen in Bischkek geh\u00f6rten Gespr\u00e4che zwischen dem russischen Pr\u00e4sidenten Wladimir Putin und dem chinesischen Pr\u00e4sidenten Xi Jinping, zwischen Putin und dem indischen Premierminister Modi sowie zwischen dem t\u00fcrkischen Pr\u00e4sidenten Recep Erdogan und Putin. Xi Jinping und der kirgisische Pr\u00e4sident Sadr Japarow, der Xi zu einem Staatsbesuch empfing, er\u00f6rterten unter anderem Infrastrukturprojekte, die die Vernetzung in ganz Eurasien betreffen. Der iranische Pr\u00e4sident Massud Peseschkian traf sich mit Putin, mit Modi und anderen Staats- und Regierungschefs, darunter dem pakistanischen Premierminister Shehbaz Sharif. Es gab zahlreiche weitere Treffen zwischen den anwesenden Staats- und Regierungschefs.<\/p>\n\n\n\n<p>Die ersten Berichte vom SCO-Gipfel zeigen: der Schwerpunkt der au\u00dfergew\u00f6hnlich zahlreichen Konsultationen unterstreicht erneut die Notwendigkeit von Frieden und Diplomatie in der Welt \u2013 als direkte Zur\u00fcckweisung der derzeitigen typischen Position des kollektiven Westens, wonach sowohl in milit\u00e4rischer als auch in wirtschaftlicher Hinsicht das Recht des St\u00e4rkeren gelte.<\/p>\n\n\n\n<p>Die Vereinigten Staaten haben zusammen mit Israel, nachdem sie sechs Monate lang Krieg gegen den Iran gef\u00fchrt hatten \u2013 ohne \u201eSieg\u201c \u2013, am Wochenende die Bombardements wieder aufgenommen und die iranische Insel Larak in der Stra\u00dfe von Hormus getroffen. Der Iran reagierte daraufhin mit gezielten Angriffen auf US-St\u00fctzpunkte in Jordanien und den Vereinigten Arabischen Emiraten. Das europ\u00e4ische Kriegsb\u00fcndnis setzt seine Unterst\u00fctzung f\u00fcr die Ukraine, die extreme Aufr\u00fcstung und die D\u00e4monisierung Russlands fort, w\u00e4hrend die europ\u00e4ische Wirtschaft selbst am Zusammenbrechen ist. Die EU-Verteidigungsminister werden sich morgen in Irland treffen, gefangen in diesem destruktiven Kurs.<\/p>\n\n\n\n<p>Das dramatischste Ereignis des Tages ist jedoch, dass die neue Kampagne der Wirtschaftskriegsf\u00fchrung, die die Vereinigten Staaten im Namen der Sch\u00e4digung des Iran gegen die Welt gestartet haben \u2013 die \u201eOperation Economic Outcast\u201c \u2013, bereits nach knapp einer Woche zum Scheitern verurteilt ist. US-Finanzminister Scott Bessent k\u00fcndigte diese Politik am 24. August an und bekr\u00e4ftigte sie gestern und heute vor den Finanzministern der Gruppe der 20 (G20), die sich in North Carolina treffen, um den f\u00fcr Dezember in Florida geplanten G20-Gipfel der Staats- und Regierungschefs vorzubereiten. Bessent erkl\u00e4rte am 30. August gegen\u00fcber AP, die Staaten m\u00fcssten ihre Beziehungen zum Iran abbrechen; sollten sie dies nicht tun, \u201ewird dies, wenn es sein muss, finanzielle Gewalt bedeuten. Wir zeigen den Menschen, dass wir wissen, wer ihr seid, ihr wisst, wer ihr seid, und das muss aufh\u00f6ren.\u201c<\/p>\n\n\n\n<p>Die Welt reagiert. Heute er\u00f6rterten Premierminister Modi und Pr\u00e4sident Peseschkian, wie die Handels- und Wirtschaftsbeziehungen zwischen ihren beiden L\u00e4ndern ausgebaut werden k\u00f6nnen. Zuvor hatte China bereits erkl\u00e4rt, es werde sich nicht an das Bessent-Dekret halten.<\/p>\n\n\n\n<p>Bessent befindet sich auf dem Weg zur Versammlung in Asheville, North Carolina. Er dankte den anwesenden EU-Vertretern f\u00fcr ihre Unterst\u00fctzung der \u201eOperation Economic Outcast\u201c, w\u00e4hrend Medien berichten, dass sich seine weitere Unterst\u00fctzung auf Gro\u00dfbritannien, Japan und Bahrain beschr\u00e4nkt. Was die US-Initiative \u201eOutcast\u201c bewirkt hat, ist, den bevorstehenden Zusammenbruch des gesamten Dollarsystems ins Rampenlicht zu r\u00fccken. Bessent und der Vorsitzende der Federal Reserve, Kevin Warsh, versuchten, Fragen abzuwehren, indem sie erkl\u00e4rten, \u201eWachstum\u201c werde die Bew\u00e4ltigung der Schulden erm\u00f6glichen und die 40 Billionen US-Dollar betragende Staatsverschuldung der USA minimieren. Als ein Reporter fragte, warum die USA ihre eigenen Schatzanweisungen zur\u00fcckkaufen, wich Bessent der Frage aus, indem er sagte, der Chef der Europ\u00e4ischen Zentralbank, Mario Draghi, habe dies in Europa getan, und Japan habe dies in gr\u00f6\u00dferem Umfang getan als jeder andere.<\/p>\n\n\n\n<p>Die unmittelbare Gefahr inmitten dieses offensichtlichen Niedergangs des Westens und des Vormarsches der globalen Mehrheit besteht darin, dass einige, die noch in Machtpositionen sind, auf den Einsatz der \u201enuklearen Option\u201c in der Kriegsf\u00fchrung zur\u00fcckgreifen k\u00f6nnten. Es ist die Aufgabe der Vern\u00fcnftigen, auf jede erdenkliche Weise Alarm zu schlagen.<\/p>\n\n\n\n<p>Schlie\u00dfen Sie sich denen an, die den Offenen Brief\u00a0<a href=\"https:\/\/schillerinstitute.com\/de\/blog\/2026\/08\/20\/aufruf-an-papst-leo-xiv-einen-weltgipfel-zu-organisieren-um-die-fragen-des-friedens-und-der-nuklearen-abruestung-anzugehen\/?ref=eirna.de\" target=\"_blank\" rel=\"noreferrer noopener\">an Papst Leo XIV., einen Weltgipfel zu organisieren, um die Fragen des Friedens und der nuklearen Abr\u00fcstung anzugehen<\/a>, bereits unterschrieben und verbreitet haben.<\/p>\n\n\n\n<p>Beteiligen Sie sich am Dialog \u00fcber die Alternative zu Krieg und Zusammenbruch. Das Schiller-Institut h\u00e4lt heute ein Online-Krisenforum zum Thema:\u00a0<a href=\"https:\/\/schillerinstitute.com\/de\/blog\/2026\/08\/17\/der-freie-fall-der-deutschen-wirtschaft-muss-gestoppt-werden-deutschland-muss-vor-dem-ausverkauf-gerettet-werden\/?ref=eirna.de\" target=\"_blank\" rel=\"noreferrer noopener\">Der freie Fall der deutschen Wirtschaft muss gestoppt werden! Deutschland muss vor dem Ausverkauf gerettet werden!<\/a>\u00a0ab und EIR wird an diesem Freitag, dem 4. September, ebenfalls ein Online-Forum mit dem Titel \u201eEine Alternative zum Krieg und zur Pl\u00fcnderung in Amerika\u201c\u00a0<a href=\"https:\/\/eir.news\/2026\/08\/news\/upcoming-eir-roundtable-an-alternative-to-war-and-looting-in-the-americas\/?ref=eirna.de\" target=\"_blank\" rel=\"noreferrer noopener\">mitveranstalten<\/a>. Bei dieser Veranstaltung diskutieren Referenten \u00fcber die Art von Projekten und Ans\u00e4tzen, die derzeit auch auf dem SCO-Gipfel in Bischkek sowie vom 1. bis 4. September in Wladiwostok auf dem Russischen \u00d6stlichen Wirtschaftsforum thematisiert werden. Vom 12. bis 13. September findet in Neu-Delhi, Indien, der j\u00e4hrliche BRICS-Gipfel der Staatschefs statt.<\/p>\n<!-- AddThis Advanced Settings generic via filter on the_content --><!-- AddThis Share Buttons generic via filter on the_content -->","protected":false},"excerpt":{"rendered":"<p>Mittwoch, 2. September 2026, 18.30 Uhr Schlie\u00dfen Sie sich&nbsp;Helga&nbsp;Zepp-LaRouche&nbsp;in ihrem Live-Dialog an und diskutieren Sie die Themen und L\u00f6sungen, die die Welt und die Menschen bewegen. Senden Sie Ihre Fragen, Kommentare und Berichte an&nbsp;fragen@bueso.de&nbsp;oder stellen Sie diese im n\u00e4chsten Live-Stream. Am ersten Tag des 26.&hellip;<!-- AddThis Advanced Settings generic via filter on get_the_excerpt --><!-- AddThis Share Buttons generic via filter on get_the_excerpt --><\/p>\n","protected":false},"author":33,"featured_media":118531,"comment_status":"open","ping_status":"closed","sticky":false,"template":"","format":"standard","meta":{"_lmt_disableupdate":"","_lmt_disable":"","footnotes":""},"categories":[37,471,462],"tags":[],"class_list":["post-118527","post","type-post","status-publish","format-standard","has-post-thumbnail","hentry","category-allgemein-de","category-webcast-de","category-webcast-mit-helga-zepp-larouche"],"featured_image_src":"https:\/\/schillerinstitute.com\/wp-content\/uploads\/2026\/09\/webcast-deutsch-2.-September.jpg","author_info":{"display_name":"tobi","author_link":"https:\/\/schillerinstitute.com\/de\/blog\/author\/tobi\/"},"modified_by":"tobi","cc_featured_image_caption":{"caption_text":"","source_text":"","source_url":""},"_links":{"self":[{"href":"https:\/\/schillerinstitute.com\/de\/wp-json\/wp\/v2\/posts\/118527","targetHints":{"allow":["GET"]}}],"collection":[{"href":"https:\/\/schillerinstitute.com\/de\/wp-json\/wp\/v2\/posts"}],"about":[{"href":"https:\/\/schillerinstitute.com\/de\/wp-json\/wp\/v2\/types\/post"}],"author":[{"embeddable":true,"href":"https:\/\/schillerinstitute.com\/de\/wp-json\/wp\/v2\/users\/33"}],"replies":[{"embeddable":true,"href":"https:\/\/schillerinstitute.com\/de\/wp-json\/wp\/v2\/comments?post=118527"}],"version-history":[{"count":1,"href":"https:\/\/schillerinstitute.com\/de\/wp-json\/wp\/v2\/posts\/118527\/revisions"}],"predecessor-version":[{"id":118530,"href":"https:\/\/schillerinstitute.com\/de\/wp-json\/wp\/v2\/posts\/118527\/revisions\/118530"}],"wp:featuredmedia":[{"embeddable":true,"href":"https:\/\/schillerinstitute.com\/de\/wp-json\/wp\/v2\/media\/118531"}],"wp:attachment":[{"href":"https:\/\/schillerinstitute.com\/de\/wp-json\/wp\/v2\/media?parent=118527"}],"wp:term":[{"taxonomy":"category","embeddable":true,"href":"https:\/\/schillerinstitute.com\/de\/wp-json\/wp\/v2\/categories?post=118527"},{"taxonomy":"post_tag","embeddable":true,"href":"https:\/\/schillerinstitute.com\/de\/wp-json\/wp\/v2\/tags?post=118527"}],"curies":[{"name":"wp","href":"https:\/\/api.w.org\/{rel}","templated":true}]}}