{"id":116137,"date":"2026-04-21T11:10:24","date_gmt":"2026-04-21T15:10:24","guid":{"rendered":"https:\/\/schillerinstitute.com\/?p=116137"},"modified":"2026-04-23T10:18:48","modified_gmt":"2026-04-23T14:18:48","slug":"internationale-friedenskoalition-151-24-04-2026-17-00-uhr","status":"publish","type":"post","link":"https:\/\/schillerinstitute.com\/de\/blog\/2026\/04\/21\/internationale-friedenskoalition-151-24-04-2026-17-00-uhr\/","title":{"rendered":"Internationale Friedenskoalition #151, 24.04.2026, 17.00 Uhr"},"content":{"rendered":"\n<h2 class=\"wp-block-heading\">Einen &#8222;Ausbruch der Vernunft&#8220; mobilisieren<\/h2>\n\n\n<div class=\"info-box\">\n<h3 class=\"info-box-title\" style=\"\">151. Treffen der Internationalen Friedenskoalition<\/h3>\n<div class=\"info-box-content\" style=\"\">\n<p>Einen &#8222;Ausbruch der Vernunft&#8220; mobilisieren<\/p>\n<p>24. April 2026<br \/>\n17.00 Uhr <\/p>\n<p>Bitte verbreiten Sie die Einladung in Ihrem Freundes,- Bekannten und Kollegenkreis.<\/p>\n<p>Diese Woche schlie\u00dfen sich uns Helga Zepp-LaRouche, Gr\u00fcnderin des Schiller-Instituts; Dennis Fritz, Command Chief Master Sergeant a. D. (USAF); Mar\u00eda de los \u00c1ngeles Huerta, ehemalige Abgeordnete des mexikanischen Kongresses; Larry Johnson, ehemaliger Geheimdienstmitarbeiter der CIA und Mitglied der \u201eVeteran Intelligence Professionals for Sanity\u201c (VIPS); Joe Maxwell, ehemaliger Vizegouverneur von Missouri und Mitbegr\u00fcnder von \u201eFarm Action\u201c; Mike Callicrate, Rinderz\u00fcchter und Agrarvertreter; Diane Sare, unabh\u00e4ngige US-Pr\u00e4sidentschaftskandidatin; sowie Tim Rush mit einem Bericht aus Washington, D.C. an. <\/p>\n<p>Bitte senden Sie uns so schnell wie m\u00f6glich Berichte und Initiativen f\u00fcr die Tagesordnung zu.<\/p>\n<p><a href=\"https:\/\/schillerinstitute.com\/de\/schliessen-sie-sich-der-internationalen-friedenskoalition-an\/\" class=\"custom-button small\" data-newwindow=\"true\">Zur Anmeldung<\/a>\n<\/p>\n<\/div>\n<\/div>\n\n\n\n<p>Bei seiner\u00a0<a href=\"https:\/\/www.youtube.com\/watch?v=_GpxR8D3wK0\" data-type=\"link\" data-id=\"https:\/\/www.youtube.com\/watch?v=_GpxR8D3wK0\" target=\"_blank\" rel=\"noreferrer noopener\">Pressekonferenz<\/a>\u00a0am 1. April machte Pr\u00e4sident Trump keine Witze, als er sagte: \u201eWir k\u00f6nnen uns nicht um Kinderbetreuung, Medicaid, Medicare und all diese Einzelfragen k\u00fcmmern. Das k\u00f6nnen die Bundesstaaten \u00fcbernehmen. Auf Bundesebene geht das nicht \u2013 wir m\u00fcssen uns auf eine Sache konzentrieren: den milit\u00e4rischen Schutz. Wir m\u00fcssen das Land besch\u00fctzen. All diese Kleinigkeiten, all diese kleinen Tricksereien \u2013 darum sollen sich die Bundesstaaten k\u00fcmmern.\u201c<\/p>\n\n\n\n<p>Trump ist nicht der einzige, der solche Meinungen vertritt. \u00c4hnliches wurde von europ\u00e4ischen Staats- und Regierungschefs wie dem deutschen Bundeskanzler Merz und dem britischen Premierminister Keir Starmer ge\u00e4u\u00dfert, und wahrscheinlich auch vom franz\u00f6sischen Pr\u00e4sidenten Macron, bei dem man allerdings nie wei\u00df, wof\u00fcr er steht.<\/p>\n\n\n\n<p>Ex-Pr\u00e4sident Joe Biden sagte, nachdem Russlands milit\u00e4rische Sonderoperation in der Ukraine begonnen hatte, die Amerikaner w\u00fcrden gern mehr f\u00fcr Benzin an der Tankstelle zahlen, weil das Russland schade. Nun h\u00f6ren wir dasselbe von Pr\u00e4sident Trump in Bezug auf den Iran.<\/p>\n\n\n\n<p>Die Menschen, die von diesen Politikern angeblich vor \u201eb\u00f6sen ausl\u00e4ndischen Gegnern\u201c gesch\u00fctzt werden, k\u00e4mpfen Jahr f\u00fcr Jahr um ihr \u00dcberleben. Die Wohnkosten sind au\u00dfer Kontrolle, ebenso die Energiekosten. Im US-Bundesstaat New Jersey konnten 69.000 Menschen ihre Krankenkassenbeitr\u00e4ge nicht mehr zahlen und haben jetzt keinen Krankenversicherungsschutz mehr.<\/p>\n\n\n\n<p>Deutsche Automobilhersteller und Zulieferer haben Zehntausende Arbeitspl\u00e4tze abgebaut. Laut AP\u00a0sagte EU-Energiekommissar Dan J\u00f8rgensen\u00a0am Mittwoch, dass der Iran-Krieg Europa t\u00e4glich rund 500 Millionen Euro koste und sich noch \u00fcber Jahre hinweg auf die Preise auswirken werde. \u201eDies ist kein kurzfristiger, geringer Preisanstieg. Dies ist eine Krise, die wahrscheinlich genauso schwerwiegend ist wie die Krisen von 1973 und 2022 zusammen.\u201c<\/p>\n\n\n\n<p>Die Sperrung der Stra\u00dfe von Hormus wird nicht nur die Energieversorgung und -kosten auf Jahre hinaus beeintr\u00e4chtigen, sondern auch die D\u00fcngemittelversorgung, mit Auswirkungen auf Landwirte und die Nahrungsmittelproduktion. In den Vereinigten Staaten ist der Preis f\u00fcr Rindfleisch um 16 Prozent gestiegen, und der Rinderbestand ist so klein wie seit 75 Jahren nicht mehr. Selbst wenn der Krieg morgen zu Ende w\u00e4re, w\u00fcrde es Jahre dauern, die Versorgungswege f\u00fcr Grundnahrungsmittel wiederherzustellen. Und wenn der Krieg weitergeht, was dann?<\/p>\n\n\n\n<p>Auf diesem Planeten sitzen wir alle in einem Boot, wie die Besatzung von Artemis II aus dem Weltraum feststellte. Nur eine Handvoll perverser Milliard\u00e4re vom Typ Epstein glauben, dass sie irgendwie von einem ewigen Krieg und diktatorischen Ma\u00dfnahmen zur Unterdr\u00fcckung der Opposition profitieren.<\/p>\n\n\n\n<p>Gestern scheiterte der US-Senat zum f\u00fcnften Mal bei der Verabschiedung einer War Powers Resolution mit 46 zu 51 Stimmen. Selbstdarstellerische Demokraten wie Chuck Schumer haben versprochen, die Resolution jede Woche zur Abstimmung zu bringen, bis der Krieg gegen den Iran endet. Dieser PR-Gag muss enden. Die Volksvertreter sollten daf\u00fcr stimmen, die Mittel f\u00fcr diesen Krieg zu streichen, was innerhalb von 24 Stunden geschehen k\u00f6nnte. Die Mitglieder des US-Repr\u00e4sentantenhauses und des Senats haben die Haushaltshoheit, um den Krieg jetzt zu beenden. Kontaktieren Sie die Kongressabgeordneten!<\/p>\n\n\n\n<p>Wir, die B\u00fcrger dieser Welt, m\u00fcssen unsere Kr\u00e4fte b\u00fcndeln, um der Epstein-Klasse das Wasser abzugraben. Wir m\u00fcssen zu einer Welt der Vernunft und des Dialogs zur\u00fcckkehren, in der die Menschenw\u00fcrde und die Souver\u00e4nit\u00e4t respektiert und gef\u00f6rdert werden. Das Treffen der <a href=\"https:\/\/schillerinstitute.com\/de\/blog\/2023\/07\/23\/die-internationale-friedenskoalition\/\" data-type=\"link\" data-id=\"https:\/\/schillerinstitute.com\/de\/blog\/2023\/07\/23\/die-internationale-friedenskoalition\/\" target=\"_blank\" rel=\"noreferrer noopener\">internationalen Friedenskoalition<\/a>\u00a0an diesem Freitag ist das Organisationszentrum des Widerstands gegen den Wahnsinn. Helfen Sie mit, dass es eine Rekordbeteiligung gibt!<\/p>\n<!-- AddThis Advanced Settings generic via filter on the_content --><!-- AddThis Share Buttons generic via filter on the_content -->","protected":false},"excerpt":{"rendered":"<p>Einen &#8222;Ausbruch der Vernunft&#8220; mobilisieren Bei seiner\u00a0Pressekonferenz\u00a0am 1. April machte Pr\u00e4sident Trump keine Witze, als er sagte: \u201eWir k\u00f6nnen uns nicht um Kinderbetreuung, Medicaid, Medicare und all diese Einzelfragen k\u00fcmmern. Das k\u00f6nnen die Bundesstaaten \u00fcbernehmen. Auf Bundesebene geht das nicht \u2013 wir m\u00fcssen uns auf&hellip;<!-- AddThis Advanced Settings generic via filter on get_the_excerpt --><!-- AddThis Share Buttons generic via filter on get_the_excerpt --><\/p>\n","protected":false},"author":33,"featured_media":116197,"comment_status":"open","ping_status":"closed","sticky":false,"template":"","format":"standard","meta":{"_lmt_disableupdate":"","_lmt_disable":"","footnotes":""},"categories":[37],"tags":[],"class_list":["post-116137","post","type-post","status-publish","format-standard","has-post-thumbnail","hentry","category-allgemein-de"],"featured_image_src":"https:\/\/schillerinstitute.com\/wp-content\/uploads\/2026\/04\/IPC-151-einladung-neu.jpg","author_info":{"display_name":"tobi","author_link":"https:\/\/schillerinstitute.com\/de\/blog\/author\/tobi\/"},"modified_by":"tobi","cc_featured_image_caption":{"caption_text":"","source_text":"","source_url":""},"_links":{"self":[{"href":"https:\/\/schillerinstitute.com\/de\/wp-json\/wp\/v2\/posts\/116137","targetHints":{"allow":["GET"]}}],"collection":[{"href":"https:\/\/schillerinstitute.com\/de\/wp-json\/wp\/v2\/posts"}],"about":[{"href":"https:\/\/schillerinstitute.com\/de\/wp-json\/wp\/v2\/types\/post"}],"author":[{"embeddable":true,"href":"https:\/\/schillerinstitute.com\/de\/wp-json\/wp\/v2\/users\/33"}],"replies":[{"embeddable":true,"href":"https:\/\/schillerinstitute.com\/de\/wp-json\/wp\/v2\/comments?post=116137"}],"version-history":[{"count":6,"href":"https:\/\/schillerinstitute.com\/de\/wp-json\/wp\/v2\/posts\/116137\/revisions"}],"predecessor-version":[{"id":116208,"href":"https:\/\/schillerinstitute.com\/de\/wp-json\/wp\/v2\/posts\/116137\/revisions\/116208"}],"wp:featuredmedia":[{"embeddable":true,"href":"https:\/\/schillerinstitute.com\/de\/wp-json\/wp\/v2\/media\/116197"}],"wp:attachment":[{"href":"https:\/\/schillerinstitute.com\/de\/wp-json\/wp\/v2\/media?parent=116137"}],"wp:term":[{"taxonomy":"category","embeddable":true,"href":"https:\/\/schillerinstitute.com\/de\/wp-json\/wp\/v2\/categories?post=116137"},{"taxonomy":"post_tag","embeddable":true,"href":"https:\/\/schillerinstitute.com\/de\/wp-json\/wp\/v2\/tags?post=116137"}],"curies":[{"name":"wp","href":"https:\/\/api.w.org\/{rel}","templated":true}]}}